{"id":534822,"date":"2025-11-15T00:18:47","date_gmt":"2025-11-15T00:18:47","guid":{"rendered":"https:\/\/www.europesays.com\/fr\/534822\/"},"modified":"2025-11-15T00:18:47","modified_gmt":"2025-11-15T00:18:47","slug":"le-maire-demande-des-mesures","status":"publish","type":"post","link":"https:\/\/www.europesays.com\/fr\/534822\/","title":{"rendered":"le maire demande des mesures"},"content":{"rendered":"<p>                    Par<br \/>\n        <strong><br \/>\n            <a href=\"https:\/\/actu.fr\/auteur\/mathias-souteyrat\" title=\"Consulter tous les articles de Mathias Souteyrat\" rel=\"nofollow noopener\" target=\"_blank\">Mathias Souteyrat<\/a><br \/>\n                    <\/strong><\/p>\n<p>        Publi\u00e9 le<\/p>\n<p>            13 nov. 2025 \u00e0 10h37        <\/p>\n<p>Gros coup de filet anti-drogue dans la Loire et \u00e0 <a href=\"https:\/\/actu.fr\/auvergne-rhone-alpes\/lyon_69123\/lyon-l-appartement-et-les-9-valises-cachaient-un-sacre-magot-la-police-fait-un-gros-coup_63421741.html\" rel=\"nofollow noopener\" target=\"_blank\">Lyon<\/a>. 478\u00a0kg de cannabis stock\u00e9s dans un garage priv\u00e9 situ\u00e9 dans la commune <a href=\"https:\/\/actu.fr\/auvergne-rhone-alpes\/unieux_42316\" rel=\"nofollow noopener\" target=\"_blank\">d\u2019Unieux<\/a> (Loire) ont \u00e9t\u00e9 saisis, contenus dans \u00ab\u20099 valises marocaines\u2009\u00bb et 6 grands sacs de stockage, ainsi que celle d\u2019un \u00ab\u2009v\u00e9hicule vol\u00e9\u2009\u00bb.<\/p>\n<p class=\" wall-content\">Quelque 17\u2009000\u00a0euros en liquide ont \u00e9galement \u00e9t\u00e9 saisis dans l\u2019appartement du mis en cause.<\/p>\n<p>Fusils d\u2019assaut, armes de poing, centaine de munitions et gilet par balle<\/p>\n<p class=\" wall-content\">Au total, plus de 800 kilos de cannabis, destin\u00e9s \u00e0 alimenter les r\u00e9seaux de stup\u00e9fiants lyonnais et st\u00e9phanois, ont \u00e9t\u00e9 saisis fin octobre et <strong>quatre suspects<\/strong> ont \u00e9t\u00e9 mis en examen et plac\u00e9s <strong>en d\u00e9tention provisoire<\/strong>, a annonc\u00e9 lundi 10\u00a0novembre 2025 la direction interd\u00e9partementale de la police nationale du Rh\u00f4ne.<\/p>\n<p class=\" wall-content\">Ces derniers ont \u00e9t\u00e9 arr\u00eat\u00e9s les 20 et 21\u00a0octobre dans le cadre d\u2019une op\u00e9ration conjointe des policiers de l\u2019antenne lyonnaise de l\u2019office anti-stup\u00e9fiants (Ofast) et de ceux de la Division de la criminalit\u00e9 organis\u00e9e et sp\u00e9cialis\u00e9e (DCOS) de la Loire, pr\u00e9cise-t-elle dans un communiqu\u00e9.<\/p>\n<p class=\" wall-content\">Le lendemain de cette op\u00e9ration, le quatri\u00e8me suspect, un trafiquant st\u00e9phanois en lien avec le trafic, a \u00e9t\u00e9 arr\u00eat\u00e9 chez lui, la police ayant retrouv\u00e9 \u00e0 son domicile et chez sa m\u00e8re \u00ab\u2009deux fusils d\u2019assaut, deux armes de poing, une centaine de munitions\u2009\u00bb et \u00ab\u2009un gilet par balle\u2009\u00bb.<\/p>\n<p>Demande de renforts de police, d\u00e9veloppement de la vid\u00e9o-protection<\/p>\n<p class=\" wall-content\">Christophe Faverjon, maire d\u2019Unieux, a r\u00e9agi \u00e0 cette grosse d\u00e9couverte dans sa commune.<\/p>\n<blockquote class=\"ac-article-quote wall-content\">\n<p>Cela met en \u00e9vidence la n\u00e9cessit\u00e9 d\u2019une police nationale en nombre suffisant, seule habilit\u00e9e \u00e0 proc\u00e9der aux enqu\u00eates n\u00e9cessaires dans de vastes \u00e9chelles territoriales face \u00e0 ces trafics aux larges ramifications. Je r\u00e9it\u00e8re, par ailleurs, ma demande de renforts de policiers au commissariat de Firminy et de policiers sp\u00e9cialis\u00e9s notamment pour l\u2019office anti-stup\u00e9fiants (Ofast) bas\u00e9 \u00e0 Lyon, qui a, ici, conduit l\u2019enqu\u00eate.<\/p>\n<p>    <strong>Christophe Faverjon<\/strong><br \/>\n        Maire d&rsquo;Unieux    <\/p><\/blockquote>\n<p>Votre r\u00e9gion, votre actu !<\/p>\n<p>Recevez chaque jour les infos qui comptent pour vous.<\/p>\n<p>\t<a href=\"https:\/\/actu.fr\/newsletter\" class=\"ac-btn ac-btn--corner ac-btn--medium ac-btn--blue800\" rel=\"nofollow noopener\" target=\"_blank\">S&rsquo;incrire<\/a><\/p>\n<p class=\" wall-content\">Le maire veut proposer, lors du prochain conseil municipal, une d\u00e9lib\u00e9ration sollicitant une demande de subvention au conseil r\u00e9gional pour la poursuite du d\u00e9ploiement de l\u2019\u00e9quipement de vid\u00e9o-protection par l\u2019installation<strong> de cam\u00e9ras d\u2019identification des plaques d\u2019immatriculation<\/strong> en diff\u00e9rentes entr\u00e9es de ville.<\/p>\n<p class=\" wall-content\">\u00ab\u2009Cela constituera une contribution suppl\u00e9mentaire de notre commune au travail d\u2019enqu\u00eate de la police nationale.\u2009\u00bb<\/p>\n<p>En 2008, 750\u00a0kg de cannabis et un arsenal d\u00e9couverts dans un logement d\u2019Unieux<\/p>\n<p class=\" wall-content\">L\u2019\u00e9dile unieutaire rappelle que ce n\u2019est pas la premi\u00e8re grosse saisie sur sa commune.<\/p>\n<p class=\" wall-content\">\u00ab\u2009Au d\u00e9but de l\u2019ann\u00e9e 2008, lors de la mandature de mon pr\u00e9d\u00e9cesseur M. Doutre, une enqu\u00eate de m\u00eame envergure avait d\u00e9j\u00e0 permis la saisie de 750\u00a0kg de cannabis ainsi qu\u2019un arsenal <strong>(kalachnikov, fusils \u00e0 pompe et grenades)<\/strong> dans des logements de notre commune et le d\u00e9mant\u00e8lement d\u2019un r\u00e9seau organis\u00e9 \u00e0 l\u2019\u00e9chelle nationale.\u2009\u00bb<\/p>\n<p class=\" wall-content\">\u00ab\u2009Cela nous rappelle la n\u00e9cessit\u00e9 de la lutte sans rel\u00e2che contre ces trafics qui peuvent avoir partout des ramifications\u2009\u00bb, conclut le maire.<\/p>\n<p class=\" wall-content\">Personnalisez votre actualit\u00e9 en ajoutant vos villes et m\u00e9dias en favori avec <a href=\"https:\/\/moncompte.actu.fr\" title=\"D\u00e9couvez Mon Actu\" rel=\"nofollow noopener\" data-trk=\"{&quot;cta&quot;:{&quot;action&quot;:&quot;https:\\\/\\\/moncompte.actu.fr&quot;,&quot;category&quot;:&quot;mon compte&quot;,&quot;from&quot;:&quot;article footer&quot;,&quot;name&quot;:&quot;Mon actu&quot;,&quot;type&quot;:&quot;cta&quot;}}\" target=\"_blank\">Mon Actu<\/a>.<\/p>\n","protected":false},"excerpt":{"rendered":"Par Mathias Souteyrat Publi\u00e9 le 13 nov. 2025 \u00e0 10h37 Gros coup de filet anti-drogue dans la Loire&hellip;\n","protected":false},"author":2,"featured_media":534823,"comment_status":"","ping_status":"","sticky":false,"template":"","format":"standard","meta":{"footnotes":""},"categories":[9653],"tags":[1111,11,2430,1052,1777,674,118,1011,27,12,1072,25,4001,10819],"class_list":{"0":"post-534822","1":"post","2":"type-post","3":"status-publish","4":"format-standard","5":"has-post-thumbnail","7":"category-saint-etienne","8":"tag-actu","9":"tag-actualites","10":"tag-auvergne-rhone-alpes","11":"tag-drogue","12":"tag-eu","13":"tag-europe","14":"tag-faits-divers","15":"tag-fr","16":"tag-france","17":"tag-news","18":"tag-police","19":"tag-republique-francaise","20":"tag-saint-etienne","21":"tag-videoprotection"},"share_on_mastodon":{"url":"https:\/\/pubeurope.com\/@fr\/115550851073096328","error":""},"_links":{"self":[{"href":"https:\/\/www.europesays.com\/fr\/wp-json\/wp\/v2\/posts\/534822","targetHints":{"allow":["GET"]}}],"collection":[{"href":"https:\/\/www.europesays.com\/fr\/wp-json\/wp\/v2\/posts"}],"about":[{"href":"https:\/\/www.europesays.com\/fr\/wp-json\/wp\/v2\/types\/post"}],"author":[{"embeddable":true,"href":"https:\/\/www.europesays.com\/fr\/wp-json\/wp\/v2\/users\/2"}],"replies":[{"embeddable":true,"href":"https:\/\/www.europesays.com\/fr\/wp-json\/wp\/v2\/comments?post=534822"}],"version-history":[{"count":0,"href":"https:\/\/www.europesays.com\/fr\/wp-json\/wp\/v2\/posts\/534822\/revisions"}],"wp:featuredmedia":[{"embeddable":true,"href":"https:\/\/www.europesays.com\/fr\/wp-json\/wp\/v2\/media\/534823"}],"wp:attachment":[{"href":"https:\/\/www.europesays.com\/fr\/wp-json\/wp\/v2\/media?parent=534822"}],"wp:term":[{"taxonomy":"category","embeddable":true,"href":"https:\/\/www.europesays.com\/fr\/wp-json\/wp\/v2\/categories?post=534822"},{"taxonomy":"post_tag","embeddable":true,"href":"https:\/\/www.europesays.com\/fr\/wp-json\/wp\/v2\/tags?post=534822"}],"curies":[{"name":"wp","href":"https:\/\/api.w.org\/{rel}","templated":true}]}}