{"id":534824,"date":"2025-11-15T00:20:33","date_gmt":"2025-11-15T00:20:33","guid":{"rendered":"https:\/\/www.europesays.com\/fr\/534824\/"},"modified":"2025-11-15T00:20:33","modified_gmt":"2025-11-15T00:20:33","slug":"coupe-de-france-on-etait-une-petite-colonie-finisterienne-de-coequipiers-avec-guingamp-a-adversaires-fabrice-colleau-plouvorn-retrouve-laurent-herve-as-vit","status":"publish","type":"post","link":"https:\/\/www.europesays.com\/fr\/534824\/","title":{"rendered":"Coupe de France\u00a0: \u00ab\u00a0On \u00e9tait une petite colonie finist\u00e9rienne\u00a0\u00bb, de co\u00e9quipiers avec Guingamp \u00e0 adversaires, Fabrice Colleau (Plouvorn) retrouve Laurent Herv\u00e9\ufeff (AS Vitr\u00e9)\ufeff"},"content":{"rendered":"<p>Coupe de France (7e tour). AS Vitr\u00e9 (N3) &#8211; AG Plouvorn (R1), dimanche (15 h)<\/p>\n<p>Il aurait sans doute pr\u00e9f\u00e9r\u00e9 un autre tirage qu\u2019un d\u00e9placement p\u00e9rilleux chez une National 3 en pleine bourre. Mais pour Fabrice Colleau (48 ans), ce 7e tour de Coupe de France a un parfum particulier : celui de ses retrouvailles avec Laurent Herv\u00e9, entra\u00eeneur de Vitr\u00e9 et compagnon de route de ses jeunes ann\u00e9es \u00e0 Guingamp.<\/p>\n<p>\u00ab On avait un profil assez proche, on pouvait jouer au m\u00eame poste \u00bb<\/p>\n<p>Les deux anciens milieux de terrain, \u00ab aux profils et qualit\u00e9s similaires \u00bb, ont grandi ensemble \u00e0 l\u2019En Avant. \u00ab On a fait toute notre formation l\u00e0-bas, avec beaucoup de joueurs du cru. On \u00e9tait une petite colonie finist\u00e9rienne, tr\u00e8s attach\u00e9e au maillot \u00bb, se souvient le Pont-l\u2019Abbiste Laurent Herv\u00e9 (49 ans).<\/p>\n<p>Son ancien co\u00e9quipier, aujourd\u2019hui technicien plouvorn\u00e9en, garde lui aussi un vrai attachement \u00e0 ces ann\u00e9es.<\/p>\n<p>\u00ab C\u2019est quelqu\u2019un que j\u2019appr\u00e9cie beaucoup. On avait un profil assez proche, on pouvait jouer au m\u00eame poste. On a partag\u00e9 la chambre en d\u00e9placement, j\u2019en garde de tr\u00e8s bons souvenirs. La concurrence a toujours \u00e9t\u00e9 saine. C\u2019\u00e9tait lui ou moi, selon les choix du coach, mais jamais d\u2019amertume. \u00bb<\/p>\n<p>Et un \u00e9pisode les lie plus que tout : la remont\u00e9e de Guingamp en Ligue 1 en 2000. \u00ab C\u2019\u00e9tait ma premi\u00e8re saison chez les pros, j\u2019\u00e9tais encore amateur. \u00ab Lolo \u00bb jouait davantage, mais \u00e7a reste un souvenir fort, tout comme le maintien l\u2019ann\u00e9e suivante \u00bb, raconte le Renanais.<\/p>\n<p>Au Stade de France en 2009<\/p>\n<p>Depuis, chacun a trac\u00e9 sa voie. Ce sera leur premier face-\u00e0-face sur un banc. \u00ab J\u2019ai plaisir \u00e0 le revoir dans un autre contexte. Lui a l\u2019exp\u00e9rience, moi je sors d\u2019un peu plus de dix ans de formation. C\u2019est toujours enrichissant d\u2019\u00e9changer \u00bb, souligne Colleau, ancien directeur de l\u2019Akademi (centre de formation de l\u2019EAG) entre 2021 et 2024, nomm\u00e9 \u00e0 <a href=\"https:\/\/footamateur.letelegramme.fr\/clubs\/avant-garde-plouvorn\/ce-sont-des-matchs-quon-noublie-jamais-plouvorn-se-souvient-de-vitre-avant-un-nouveau-defi-en-coupe-de-france-6927943.php\" target=\"_blank\" rel=\"nofollow noopener\">Plouvorn<\/a> cette saison. De son c\u00f4t\u00e9, Herv\u00e9 est install\u00e9 depuis 2019 \u00e0 Vitr\u00e9, apr\u00e8s une longue aventure \u00e0 Vannes.<\/p>\n<p>La Coupe, enfin, les r\u00e9unit par un symbole fort. En 2009, ils foulaient \u00e0 quelques semaines d\u2019\u00e9cart la pelouse du Stade de France. Laurent Herv\u00e9, avec Vannes, s\u2019inclinait en finale de Coupe de la Ligue contre Bordeaux (0-4), avant que son ancien camarade ne remporte la Coupe de France avec Guingamp face \u00e0 Rennes (2-1).<\/p>\n<p><img decoding=\"async\" src=\"https:\/\/www.europesays.com\/fr\/wp-content\/uploads\/2025\/11\/6917775a84a685b2e50ea732.1.jpeg\" width=\"480\" height=\"300\" class=\"web_golden_m\" loading=\"lazy\" alt=\"Laurent Herv\u00e9 lors de la finale de la Coupe de la Ligue avec Vannes contre les Girondins de Bordeaux.\"\/>Laurent Herv\u00e9 lors de la finale de la Coupe de la Ligue avec Vannes contre les Girondins de Bordeaux. (Photo archives T\u00e9l\u00e9gramme\/Eugene Le Droff)<\/p>\n<p>Ce dimanche, l\u2019objectif sera de prolonger cette magie si unique de tels matchs. \u00ab Il y a un suppl\u00e9ment d\u2019\u00e2me \u00e0 avoir. On vendra cher notre peau, c\u2019est clair \u00bb, pr\u00e9vient Colleau. Son homologue bretillien acquiesce. \u00ab Ce sont des moments fabuleux. On a tous envie, Fabrice comme moi, de vivre un beau parcours. \u00bb<\/p>\n","protected":false},"excerpt":{"rendered":"Coupe de France (7e tour). AS Vitr\u00e9 (N3) &#8211; AG Plouvorn (R1), dimanche (15 h) Il aurait sans&hellip;\n","protected":false},"author":2,"featured_media":534825,"comment_status":"","ping_status":"","sticky":false,"template":"","format":"standard","meta":{"footnotes":""},"categories":[9653],"tags":[328,1111,11,63774,2430,63775,83,1777,674,1011,27,12,25,4001],"class_list":{"0":"post-534824","1":"post","2":"type-post","3":"status-publish","4":"format-standard","5":"has-post-thumbnail","7":"category-saint-etienne","8":"tag-a-la-une","9":"tag-actu","10":"tag-actualites","11":"tag-amicale-sportive-vitre","12":"tag-auvergne-rhone-alpes","13":"tag-avant-garde-plouvorn","14":"tag-coupe-de-france","15":"tag-eu","16":"tag-europe","17":"tag-fr","18":"tag-france","19":"tag-news","20":"tag-republique-francaise","21":"tag-saint-etienne"},"share_on_mastodon":{"url":"https:\/\/pubeurope.com\/@fr\/115550855906251482","error":""},"_links":{"self":[{"href":"https:\/\/www.europesays.com\/fr\/wp-json\/wp\/v2\/posts\/534824","targetHints":{"allow":["GET"]}}],"collection":[{"href":"https:\/\/www.europesays.com\/fr\/wp-json\/wp\/v2\/posts"}],"about":[{"href":"https:\/\/www.europesays.com\/fr\/wp-json\/wp\/v2\/types\/post"}],"author":[{"embeddable":true,"href":"https:\/\/www.europesays.com\/fr\/wp-json\/wp\/v2\/users\/2"}],"replies":[{"embeddable":true,"href":"https:\/\/www.europesays.com\/fr\/wp-json\/wp\/v2\/comments?post=534824"}],"version-history":[{"count":0,"href":"https:\/\/www.europesays.com\/fr\/wp-json\/wp\/v2\/posts\/534824\/revisions"}],"wp:featuredmedia":[{"embeddable":true,"href":"https:\/\/www.europesays.com\/fr\/wp-json\/wp\/v2\/media\/534825"}],"wp:attachment":[{"href":"https:\/\/www.europesays.com\/fr\/wp-json\/wp\/v2\/media?parent=534824"}],"wp:term":[{"taxonomy":"category","embeddable":true,"href":"https:\/\/www.europesays.com\/fr\/wp-json\/wp\/v2\/categories?post=534824"},{"taxonomy":"post_tag","embeddable":true,"href":"https:\/\/www.europesays.com\/fr\/wp-json\/wp\/v2\/tags?post=534824"}],"curies":[{"name":"wp","href":"https:\/\/api.w.org\/{rel}","templated":true}]}}