{"id":534835,"date":"2025-11-15T00:27:30","date_gmt":"2025-11-15T00:27:30","guid":{"rendered":"https:\/\/www.europesays.com\/fr\/534835\/"},"modified":"2025-11-15T00:27:30","modified_gmt":"2025-11-15T00:27:30","slug":"appel-a-temoins-ladolescente-de-16-ans-portee-disparue-depuis-une-semaine-a-rouen-a-ete-retrouvee-saine-et-sauve","status":"publish","type":"post","link":"https:\/\/www.europesays.com\/fr\/534835\/","title":{"rendered":"Appel \u00e0 t\u00e9moins. L&rsquo;adolescente de 16 ans port\u00e9e disparue depuis une semaine \u00e0 Rouen a \u00e9t\u00e9 retrouv\u00e9e saine et sauve"},"content":{"rendered":"<p>Mise \u00e0 jour :\u00a0la jeune Malvina a \u00e9t\u00e9 retrouv\u00e9e saine et sauve. Fin d&rsquo;avis de recherche.<\/p>\n<p melodystyle=\"texte\">La police de Seine-Maritime a lance un appel \u00e0 t\u00e9moins ce jeudi 13\u00a0novembre. Une jeune fille de 16 ans\u00a0\u00e9tait port\u00e9e disparue depuis vendredi 7\u00a0novembre. Elle s&rsquo;appelle Malvina Foissotte et avait \u00e9t\u00e9 vue \u00e0 plusieurs reprises dans le quartier Saint-Sever \u00e0 Rouen.<\/p>\n<p>Son signalement<\/p>\n<p melodystyle=\"texte\">L&rsquo;adolescente a les cheveux longs et bruns ainsi que les yeux verts. Elle mesure 1m63 et \u00ab\u00a0est de corpulence normale\u00a0\u00bb. Elle porte un d\u00e9bardeur noir, une veste et un pantalon bleus. Elle a des piercings aux oreilles. Selon le signalement\u00a0fourni par la police, elle aurait des signes de scarification sur le bras gauche. Elle a \u00e9t\u00e9 retrouv\u00e9e saine et sauve.<\/p>\n","protected":false},"excerpt":{"rendered":"Mise \u00e0 jour :\u00a0la jeune Malvina a \u00e9t\u00e9 retrouv\u00e9e saine et sauve. Fin d&rsquo;avis de recherche. La police&hellip;\n","protected":false},"author":2,"featured_media":534836,"comment_status":"","ping_status":"","sticky":false,"template":"","format":"standard","meta":{"footnotes":""},"categories":[9587],"tags":[1111,11,1777,674,1011,27,12,5161,25,9590],"class_list":{"0":"post-534835","1":"post","2":"type-post","3":"status-publish","4":"format-standard","5":"has-post-thumbnail","7":"category-rouen","8":"tag-actu","9":"tag-actualites","10":"tag-eu","11":"tag-europe","12":"tag-fr","13":"tag-france","14":"tag-news","15":"tag-normandie","16":"tag-republique-francaise","17":"tag-rouen"},"share_on_mastodon":{"url":"https:\/\/pubeurope.com\/@fr\/115550882991560586","error":""},"_links":{"self":[{"href":"https:\/\/www.europesays.com\/fr\/wp-json\/wp\/v2\/posts\/534835","targetHints":{"allow":["GET"]}}],"collection":[{"href":"https:\/\/www.europesays.com\/fr\/wp-json\/wp\/v2\/posts"}],"about":[{"href":"https:\/\/www.europesays.com\/fr\/wp-json\/wp\/v2\/types\/post"}],"author":[{"embeddable":true,"href":"https:\/\/www.europesays.com\/fr\/wp-json\/wp\/v2\/users\/2"}],"replies":[{"embeddable":true,"href":"https:\/\/www.europesays.com\/fr\/wp-json\/wp\/v2\/comments?post=534835"}],"version-history":[{"count":0,"href":"https:\/\/www.europesays.com\/fr\/wp-json\/wp\/v2\/posts\/534835\/revisions"}],"wp:featuredmedia":[{"embeddable":true,"href":"https:\/\/www.europesays.com\/fr\/wp-json\/wp\/v2\/media\/534836"}],"wp:attachment":[{"href":"https:\/\/www.europesays.com\/fr\/wp-json\/wp\/v2\/media?parent=534835"}],"wp:term":[{"taxonomy":"category","embeddable":true,"href":"https:\/\/www.europesays.com\/fr\/wp-json\/wp\/v2\/categories?post=534835"},{"taxonomy":"post_tag","embeddable":true,"href":"https:\/\/www.europesays.com\/fr\/wp-json\/wp\/v2\/tags?post=534835"}],"curies":[{"name":"wp","href":"https:\/\/api.w.org\/{rel}","templated":true}]}}