{"id":534843,"date":"2025-11-15T00:32:18","date_gmt":"2025-11-15T00:32:18","guid":{"rendered":"https:\/\/www.europesays.com\/fr\/534843\/"},"modified":"2025-11-15T00:32:18","modified_gmt":"2025-11-15T00:32:18","slug":"migrants-a-maurepas-leur-securite-pas-assuree-selon-le-conseil-departemental","status":"publish","type":"post","link":"https:\/\/www.europesays.com\/fr\/534843\/","title":{"rendered":"Migrants \u00e0 Maurepas\u00a0: leur s\u00e9curit\u00e9 pas assur\u00e9e, selon le conseil d\u00e9partemental"},"content":{"rendered":"<p>Depuis le 29\u00a0octobre 2025, <a href=\"https:\/\/rennes.maville.com\/actu\/actudet_-reportage.-ca-devenait-complique-a-rennes-pres-de-200-migrants-evacues-du-parc-de-maurepas-_7-7033626_actu.Htm\" target=\"_blank\" rel=\"noopener\">une centaine de migrants, notamment des familles avec enfants, pr\u00e9c\u00e9demment \u00e9vacu\u00e9s du parc de Maurepas,<\/a> ont trouv\u00e9 refuge dans l\u2019espace social commun Simone Iff, dans ce m\u00eame quartier de Maurepas \u00e0 <a href=\"https:\/\/rennes.maville.com\/info\/info-locale\/\" target=\"_blank\" rel=\"noopener\">Rennes<\/a> (Ille-et-Vilaine). <strong>\u00ab\u00a0L\u2019occupation de ce lieu d\u2019accueil du public, d\u00e9tourn\u00e9 en lieu d\u2019h\u00e9bergement, sous la responsabilit\u00e9 du pr\u00e9sident du conseil d\u00e9partemental d\u2019Ille-et-Vilaine, ne peut pas se prolonger, notamment pour des raisons de s\u00e9curit\u00e9\u00a0\u00bb, <\/strong>estime l\u2019assembl\u00e9e d\u00e9partementale qui, dans un communiqu\u00e9, en appelle au pr\u00e9fet afin de trouver rapidement d\u2019autres solutions d\u2019h\u00e9bergement pour les personnes les plus fragiles. Le pr\u00e9sident du conseil d\u00e9partemental vient de d\u00e9poser un m\u00e9moire en r\u00e9f\u00e9r\u00e9, en ce sens, devant le tribunal administratif.<\/p>\n<p>De son c\u00f4t\u00e9, l\u2019interorganisation de soutien aux personnes exil\u00e9es appelle \u00e0 un rassemblement, ce samedi 15\u00a0novembre 2025, \u00e0 15\u00a0h, devant l\u2019espace social commun Simone Iff \u00e0 Maurepas <strong>\u00ab\u00a0afin de maintenir la pression sur les autorit\u00e9s.\u00a0\u00bb<\/strong><\/p>\n<p>\u00a0<\/p>\n","protected":false},"excerpt":{"rendered":"Depuis le 29\u00a0octobre 2025, une centaine de migrants, notamment des familles avec enfants, pr\u00e9c\u00e9demment \u00e9vacu\u00e9s du parc de&hellip;\n","protected":false},"author":2,"featured_media":534844,"comment_status":"","ping_status":"","sticky":false,"template":"","format":"standard","meta":{"footnotes":""},"categories":[2821],"tags":[1111,11,65426,829,7516,33961,1777,674,1011,27,848,22320,1251,12,584,25,656],"class_list":{"0":"post-534843","1":"post","2":"type-post","3":"status-publish","4":"format-standard","5":"has-post-thumbnail","7":"category-rennes","8":"tag-actu","9":"tag-actualites","10":"tag-assuree","11":"tag-bretagne","12":"tag-conseil","13":"tag-departemental","14":"tag-eu","15":"tag-europe","16":"tag-fr","17":"tag-france","18":"tag-ille-et-vilaine","19":"tag-maurepas","20":"tag-migrants","21":"tag-news","22":"tag-rennes","23":"tag-republique-francaise","24":"tag-securite"},"share_on_mastodon":{"url":"https:\/\/pubeurope.com\/@fr\/115550902409390933","error":""},"_links":{"self":[{"href":"https:\/\/www.europesays.com\/fr\/wp-json\/wp\/v2\/posts\/534843","targetHints":{"allow":["GET"]}}],"collection":[{"href":"https:\/\/www.europesays.com\/fr\/wp-json\/wp\/v2\/posts"}],"about":[{"href":"https:\/\/www.europesays.com\/fr\/wp-json\/wp\/v2\/types\/post"}],"author":[{"embeddable":true,"href":"https:\/\/www.europesays.com\/fr\/wp-json\/wp\/v2\/users\/2"}],"replies":[{"embeddable":true,"href":"https:\/\/www.europesays.com\/fr\/wp-json\/wp\/v2\/comments?post=534843"}],"version-history":[{"count":0,"href":"https:\/\/www.europesays.com\/fr\/wp-json\/wp\/v2\/posts\/534843\/revisions"}],"wp:featuredmedia":[{"embeddable":true,"href":"https:\/\/www.europesays.com\/fr\/wp-json\/wp\/v2\/media\/534844"}],"wp:attachment":[{"href":"https:\/\/www.europesays.com\/fr\/wp-json\/wp\/v2\/media?parent=534843"}],"wp:term":[{"taxonomy":"category","embeddable":true,"href":"https:\/\/www.europesays.com\/fr\/wp-json\/wp\/v2\/categories?post=534843"},{"taxonomy":"post_tag","embeddable":true,"href":"https:\/\/www.europesays.com\/fr\/wp-json\/wp\/v2\/tags?post=534843"}],"curies":[{"name":"wp","href":"https:\/\/api.w.org\/{rel}","templated":true}]}}