{"id":534856,"date":"2025-11-15T00:40:22","date_gmt":"2025-11-15T00:40:22","guid":{"rendered":"https:\/\/www.europesays.com\/fr\/534856\/"},"modified":"2025-11-15T00:40:22","modified_gmt":"2025-11-15T00:40:22","slug":"basket-n1m-les-sablais-passent-au-travers-face-a-vitre-sport","status":"publish","type":"post","link":"https:\/\/www.europesays.com\/fr\/534856\/","title":{"rendered":"Basket. N1M\u00a0: Les Sablais passent au travers face \u00e0 Vitr\u00e9 . Sport"},"content":{"rendered":"<p>Dans une opposition entre deux \u00e9quipes en qu\u00eate d\u2019un rebond, la balance a pench\u00e9 du c\u00f4t\u00e9 de Vitr\u00e9, apr\u00e8s pas loin de 40\u00a0minutes en apn\u00e9e.<\/p>\n<p>Le souffl\u00e9 est bien retomb\u00e9 du c\u00f4t\u00e9 du LSVB, o\u00f9 les choses se compliquent. Apr\u00e8s un d\u00e9but de saison idyllique et id\u00e9al, la bande au capitaine Gassama a encha\u00een\u00e9 une quatri\u00e8me d\u00e9faite d\u2019affil\u00e9e, <a href=\"https:\/\/lorient.maville.com\/sport\/detail_-basket.-n1m-lorient-met-fin-a-l-invincibilite-des-sables-a-domicile-_12-7049928_actu.Htm\" target=\"_self\" rel=\"noopener\">la deuxi\u00e8me de suite \u00e0 l\u2019Arena stadium<\/a> qui perd d\u2019un coup une part de son charme. De son c\u00f4t\u00e9, avec un Gibey stratosph\u00e9rique (28\u00a0points), l\u2019Aurore peut respirer, en mettant fin \u00e0 une s\u00e9rie de quatre revers cons\u00e9cutifs. La N1\u00a0est une histoire de s\u00e9rie, dit-on\u2026<\/p>\n<p>Les Sables c\u00e8dent\u00a0en fin de match<\/p>\n<p>La premi\u00e8re mi-temps, serr\u00e9e \u00e0 souhait, voyait les premiers pas en match officiel du Sablais Joshua Bascoe (Canadien au passeport jama\u00efcain), qui ouvrait son compteur points d\u2019un tir prim\u00e9 (34-29, 18\u2019), pour sa prise de rep\u00e8res. On sent qu\u2019il y a du talent. De l\u2019autre c\u00f4t\u00e9, Vitr\u00e9 s\u2019appuyait sur son artilleur Gibey (41\u00a0points contre Angers en septembre\u00a0!) pour alimenter en partie sa marque, malgr\u00e9 quelques lancers francs laiss\u00e9s en route par l\u2019Aurore (1\/8).<\/p>\n<p>Les d\u00e9fenses prenaient le pas sur les attaques, dans une rencontre engag\u00e9e, accroch\u00e9e, comme un jeu du chat et de la souris. Au repos, le LSVB, au grand complet avec le retour d\u2019Aricique, menait les d\u00e9bats d\u2019une petite unit\u00e9 (38-37), emmen\u00e9 par des int\u00e9ressants Louis\u00a0Prolhac (12\u00a0points) et Mourhi (8\u00a0points, 5\u00a0rebonds).<\/p>\n<p>Le choc suivait son cours en seconde p\u00e9riode, pour un copier-coller du premier acte. Les \u00e9galit\u00e9s se succ\u00e9daient, avec des Sablais peinant \u00e0 mettre en place leur jeu de transition, moins fluide depuis quelques matches, m\u00eame si Mourhi s\u2019activait.<\/p>\n<p>C\u00f4t\u00e9 AVBB, Gibey, dans toutes les positions et dans un r\u00e9cital en solo, continuait de porter l\u2019Aurore (61-62, 30\u2019). Quand Hernandez et de Bruhl montaient en pression. Qui allait c\u00e9der, ou du moins l\u00e2cher du lest\u00a0?<\/p>\n<p><strong>Lire aussi\u00a0:<\/strong> <a href=\"https:\/\/cholet.maville.com\/sport\/detail_--on-s-arrete-pendant-3-4-minutes-les-reactions-apres-la-defaite-de-cholet-basket-face-a-nanterre-_9-7064344_actu.Htm\" target=\"_self\" rel=\"noopener\">\u00ab\u00a0On s\u2019arr\u00eate pendant 3-4 minutes\u00a0\u00bb\u00a0: les r\u00e9actions apr\u00e8s la d\u00e9faite de Cholet Basket face \u00e0 Nanterre<\/a><\/p>\n<p>Le moindre petit \u00e9cart \u00e9tait aussit\u00f4t combl\u00e9. Jusqu\u2019\u00e0 cette nouvelle filoche \u00e0 longue distance de Gibey, qui atterrait l\u2019Arena (76-82, 39\u2019). Sablais et Vitr\u00e9ens ont d\u00e9sormais une semaine pour souffler, avant de clore la phase aller \u00e0 la maison, respectivement contre Tours et Poissy.<\/p>\n<p>La fiche technique<\/p>\n<p><strong>LES SABLES \u2013 VITR\u00c9\u00a0: 76-84<\/strong> (38-37)<\/p>\n<p>15-14, 24-22, 23-25, 15-22<\/p>\n<p>Arbitres\u00a0: MM. Messad et N\u00e9haume.<\/p>\n<p>1\u00a0789\u00a0spectateurs.<\/p>\n<p><strong>LES SABLES\u00a0:<\/strong> Klein 5, Mouhri 18, Aricique 6, Bascoe 3, Martel 10, Prolhac 12, Ruel 3, Noudogbessi 5, Wright 9, Gassama (cap.) 5, Meurice-Valet. Entra\u00eeneur\u00a0: Fran\u00e7ois Sence.<\/p>\n<p><strong>VITR\u00c9\u00a0:<\/strong> Kon\u00e9 4, Gibey 28, Ville 10, Hernandez (cap.) 13, de Bruhl 10, Okereke 11, Hairabetian 8, Z\u00e9non, Alv\u00e8s.<br \/>Entra\u00eeneur\u00a0: Fabien Calvez.<\/p>\n<p>\u00a0<\/p>\n","protected":false},"excerpt":{"rendered":"Dans une opposition entre deux \u00e9quipes en qu\u00eate d\u2019un rebond, la balance a pench\u00e9 du c\u00f4t\u00e9 de Vitr\u00e9,&hellip;\n","protected":false},"author":2,"featured_media":534857,"comment_status":"","ping_status":"","sticky":false,"template":"","format":"standard","meta":{"footnotes":""},"categories":[2818],"tags":[1111,11,3809,1465,1777,674,63,1011,27,1792,1922,766,12,2636,25,479,517,1470],"class_list":{"0":"post-534856","1":"post","2":"type-post","3":"status-publish","4":"format-standard","5":"has-post-thumbnail","7":"category-nantes","8":"tag-actu","9":"tag-actualites","10":"tag-ball","11":"tag-basket","12":"tag-eu","13":"tag-europe","14":"tag-football","15":"tag-fr","16":"tag-france","17":"tag-handball","18":"tag-info","19":"tag-nantes","20":"tag-news","21":"tag-pays-de-la-loire","22":"tag-republique-francaise","23":"tag-rugby","24":"tag-sport","25":"tag-volley"},"share_on_mastodon":{"url":"https:\/\/pubeurope.com\/@fr\/115550933711023236","error":""},"_links":{"self":[{"href":"https:\/\/www.europesays.com\/fr\/wp-json\/wp\/v2\/posts\/534856","targetHints":{"allow":["GET"]}}],"collection":[{"href":"https:\/\/www.europesays.com\/fr\/wp-json\/wp\/v2\/posts"}],"about":[{"href":"https:\/\/www.europesays.com\/fr\/wp-json\/wp\/v2\/types\/post"}],"author":[{"embeddable":true,"href":"https:\/\/www.europesays.com\/fr\/wp-json\/wp\/v2\/users\/2"}],"replies":[{"embeddable":true,"href":"https:\/\/www.europesays.com\/fr\/wp-json\/wp\/v2\/comments?post=534856"}],"version-history":[{"count":0,"href":"https:\/\/www.europesays.com\/fr\/wp-json\/wp\/v2\/posts\/534856\/revisions"}],"wp:featuredmedia":[{"embeddable":true,"href":"https:\/\/www.europesays.com\/fr\/wp-json\/wp\/v2\/media\/534857"}],"wp:attachment":[{"href":"https:\/\/www.europesays.com\/fr\/wp-json\/wp\/v2\/media?parent=534856"}],"wp:term":[{"taxonomy":"category","embeddable":true,"href":"https:\/\/www.europesays.com\/fr\/wp-json\/wp\/v2\/categories?post=534856"},{"taxonomy":"post_tag","embeddable":true,"href":"https:\/\/www.europesays.com\/fr\/wp-json\/wp\/v2\/tags?post=534856"}],"curies":[{"name":"wp","href":"https:\/\/api.w.org\/{rel}","templated":true}]}}