{"id":53486,"date":"2025-04-26T04:24:09","date_gmt":"2025-04-26T04:24:09","guid":{"rendered":"https:\/\/www.europesays.com\/fr\/53486\/"},"modified":"2025-04-26T04:24:09","modified_gmt":"2025-04-26T04:24:09","slug":"virginia-giuffre-plaignante-de-laffaire-epstein-sest-suicidee","status":"publish","type":"post","link":"https:\/\/www.europesays.com\/fr\/53486\/","title":{"rendered":"Virginia Giuffre, plaignante de l&rsquo;affaire Epstein, s&rsquo;est suicid\u00e9e"},"content":{"rendered":"<p>Les accusations de la jeune femme avaient pr\u00e9cipit\u00e9 la disgr\u00e2ce du prince Andrew, qui s\u2019est retir\u00e9 de la vie publique.<\/p>\n<p class=\"fig-paragraph\"><a href=\"https:\/\/madame.lefigaro.fr\/societe\/actu\/elle-ment-virginia-giuffre-l-accusatrice-du-prince-andrew-et-jeffrey-epstein-accusee-d-avoir-invente-son-accident-de-voiture-20250406\" target=\"_blank\" data-fig-type=\"Article\" rel=\"noopener\" data-gtm-custom-categorie=\"navigation\" data-gtm-custom-action=\"crossclick\" data-gtm-custom-label=\"Contextuel\" data-gtm-event=\"customEventSPE\" data-fig-domain=\"MADAME\">Virginia Giuffre<\/a>, principale plaignante de l\u2019affaire Jeffrey Epstein, financier am\u00e9ricain qui \u00e9tait accus\u00e9 d\u2019exploitation sexuelle de mineures, s\u2019est suicid\u00e9e chez elle en Australie \u00e0 l\u2019\u00e2ge de 41 ans, a annonc\u00e9 samedi sa famille. Plus jeune, elle avait accus\u00e9 le milliardaire am\u00e9ricain Jeffrey Epstein, qui s\u2019\u00e9tait donn\u00e9 la mort en d\u00e9tention \u00e0 New York en 2019, de l\u2019avoir utilis\u00e9e comme \u00abesclave sexuelle\u00bb au tournant des ann\u00e9es 2000. L\u2019Am\u00e9ricano-australienne avait conclu en 2022 un accord de plusieurs millions de dollars avec le prince Andrew, fr\u00e8re du roi Charles III d\u2019Angleterre, qu\u2019elle accusait d\u2019agression sexuelle quand elle \u00e9tait mineure dans cette affaire.<\/p>\n<p class=\"fig-paragraph\">\u00abC\u2019est avec le c\u0153ur bris\u00e9 que nous annon\u00e7ons que Virginia est d\u00e9c\u00e9d\u00e9e la nuit derni\u00e8re dans sa ferme en Australie occidentale\u00bb, a d\u00e9clar\u00e9 la famille dans un communiqu\u00e9 transmis \u00e0 l\u2019AFP par son agent. \u00abElle s\u2019est suicid\u00e9e apr\u00e8s avoir souffert tout au long de sa vie des agressions sexuelles et du trafic sexuel\u00bb dont elle a \u00e9t\u00e9 victime. \u00abIl n\u2019y a pas de mots qui puissent exprimer la grave perte que nous ressentons aujourd\u2019hui avec le d\u00e9c\u00e8s de notre douce Virginia\u00bb, a d\u00e9clar\u00e9 la famille, se souvenant de son \u00abincroyable courage et de son esprit aimant\u00bb. \u00abEn fin de compte (&#8230;) il est devenu insupportable pour Virginia de supporter le poids des agressions\u00bb subies.<\/p>\n<p>Un r\u00e9cit similaire \u00e0 ceux d\u2019autres victimes<\/p>\n<p class=\"fig-paragraph\">Les services d\u2019urgence sont intervenus apr\u00e8s avoir \u00e9t\u00e9 alert\u00e9s vendredi soir en Australie qu\u2019une femme avait \u00e9t\u00e9 retrouv\u00e9e inerte dans une maison au nord de Perth. \u00abMalheureusement, la femme de 41 ans a \u00e9t\u00e9 d\u00e9clar\u00e9e d\u00e9c\u00e9d\u00e9e sur place\u00bb, a d\u00e9clar\u00e9 dans un communiqu\u00e9 la police qui ne confirme pas les identit\u00e9s dans ce cas. Virginia Giuffre avait publi\u00e9 en mars des images la montrant bless\u00e9e et hospitalis\u00e9e apr\u00e8s un accident de voiture en Australie occidentale, affirmant n\u2019avoir plus que quelques jours \u00e0 vivre. La police avait indiqu\u00e9 qu\u2019il y avait eu un \u00abaccident mineur\u00bb entre un bus scolaire et un autre v\u00e9hicule. Son agente a pr\u00e9cis\u00e9 par la suite que Virginia Giuffre n\u2019avait pas r\u00e9alis\u00e9 que ses messages avaient \u00e9t\u00e9 rendus publics.<\/p>\n<p class=\"fig-paragraph\">N\u00e9e Virginia Roberts, elle \u00e9tait la principale voix des victimes des crimes sexuels commis par le financier am\u00e9ricain et ami du prince Andrew, Jeffrey Epstein. Selon Virginia Giuffre, sa rencontre avec Ghislaine Maxwell, alors compagne de Jeffrey Epstein, a lieu \u00e0 l\u2019\u00e9t\u00e9 2000, \u00e0 l\u2019\u00e2ge de 16 ans, pendant un job d\u2019\u00e9t\u00e9 \u00e0 la r\u00e9sidence Mar-a-Lago, propri\u00e9t\u00e9 de Donald Trump en Floride. Ghislaine Maxwell, elle-m\u00eame condamn\u00e9e \u00e0 20 ans de prison en 2022 \u00e0 New York, l\u2019aurait app\u00e2t\u00e9e en lui parlant d\u2019un homme riche qui cherchait une masseuse. Mais une fois \u00e0 la r\u00e9sidence de Jeffrey Epstein, toujours en Floride, les massages avaient pris un tour sexuel. Dans un r\u00e9cit similaire \u00e0 ceux d\u2019autres victimes, Virginia Giuffre avait expliqu\u00e9 qu\u2019elle \u00e9tait trop fragile pour s\u2019opposer, elle qui avait d\u00e9j\u00e0 \u00e9t\u00e9 victime d\u2019agressions sexuelles et avait fugu\u00e9 plusieurs fois dans son enfance.<\/p>\n<p>La disgr\u00e2ce du prince<\/p>\n<p class=\"fig-paragraph\">Elle avait engag\u00e9 des poursuites en 2021 contre le prince Andrew, rencontr\u00e9 par l\u2019interm\u00e9diaire de Jeffrey Epstein, qu\u2019elle a accus\u00e9 d\u2019agressions sexuelles alors qu\u2019elle \u00e9tait mineure. Andrew a toujours ni\u00e9 les accusations d\u2019agression sexuelle et a \u00e9vit\u00e9 un proc\u00e8s \u00e0 New York en versant plusieurs millions de dollars. Dans le cadre de cet accord avec Virginia Giuffre en 2022, il aurait vers\u00e9 de l\u2019argent \u00e0 une organisation caritative pour les victimes d\u2019exploitation sexuelle, selon les m\u00e9dias britanniques. Les accusations de Virginia Giuffre avaient n\u00e9anmoins pr\u00e9cipit\u00e9 la disgr\u00e2ce du prince, retir\u00e9 de la vie publique. Virginia Giuffre vivait en Australie o\u00f9 elle avait fond\u00e9 une famille ainsi qu\u2019une association de soutien \u00e0 la parole des victimes d\u2019agression et de trafic sexuels (\u00abSpeak out, Act, Reclaim\u00bb).<\/p>\n<p class=\"fig-paragraph\">Virginia Giuffre laisse trois enfants, Christian, Noah et Emily, a pr\u00e9cis\u00e9 sa famille. Son avocate, Sigrid McCawley, pour qui elle avait \u00e9t\u00e9 une \u00abamie tr\u00e8s ch\u00e8re\u00bb a soulign\u00e9 qu\u2019elle avait contribu\u00e9 \u00e0 d\u00e9fendre d\u2019autres victimes dans cette affaire. \u00abSon courage m\u2019a pouss\u00e9 \u00e0 me battre plus fort, et sa force \u00e9tait impressionnante\u00bb. L\u2019agente new-yorkaise Dini von Mueffling a d\u00e9crit sa cliente comme \u00abl\u2019un des \u00eatres humains les plus extraordinaires\u00bb qu\u2019elle ait connus. \u00abProfond\u00e9ment aimante, sage et dr\u00f4le, elle \u00e9tait un phare pour les autres survivants et victimes\u00bb, a-t-elle d\u00e9clar\u00e9.<\/p>\n","protected":false},"excerpt":{"rendered":"Les accusations de la jeune femme avaient pr\u00e9cipit\u00e9 la disgr\u00e2ce du prince Andrew, qui s\u2019est retir\u00e9 de la&hellip;\n","protected":false},"author":2,"featured_media":53487,"comment_status":"","ping_status":"","sticky":false,"template":"","format":"standard","meta":{"footnotes":""},"categories":[2],"tags":[1111,47,11,14751,1109,1112,118,1108,107,1106,1107,1011,27,1110,1114,14,12,1113,316,25],"class_list":{"0":"post-53486","1":"post","2":"type-post","3":"status-publish","4":"format-standard","5":"has-post-thumbnail","7":"category-actualites","8":"tag-actu","9":"tag-actualite","10":"tag-actualites","11":"tag-affaire-epstein","12":"tag-breves","13":"tag-depeches","14":"tag-faits-divers","15":"tag-fil","16":"tag-fil-info","17":"tag-flash","18":"tag-flash-actu","19":"tag-fr","20":"tag-france","21":"tag-informations","22":"tag-infos","23":"tag-international","24":"tag-news","25":"tag-nouvelles","26":"tag-politique","27":"tag-republique-francaise"},"share_on_mastodon":{"url":"https:\/\/pubeurope.com\/@fr\/114402365582070715","error":""},"_links":{"self":[{"href":"https:\/\/www.europesays.com\/fr\/wp-json\/wp\/v2\/posts\/53486","targetHints":{"allow":["GET"]}}],"collection":[{"href":"https:\/\/www.europesays.com\/fr\/wp-json\/wp\/v2\/posts"}],"about":[{"href":"https:\/\/www.europesays.com\/fr\/wp-json\/wp\/v2\/types\/post"}],"author":[{"embeddable":true,"href":"https:\/\/www.europesays.com\/fr\/wp-json\/wp\/v2\/users\/2"}],"replies":[{"embeddable":true,"href":"https:\/\/www.europesays.com\/fr\/wp-json\/wp\/v2\/comments?post=53486"}],"version-history":[{"count":0,"href":"https:\/\/www.europesays.com\/fr\/wp-json\/wp\/v2\/posts\/53486\/revisions"}],"wp:featuredmedia":[{"embeddable":true,"href":"https:\/\/www.europesays.com\/fr\/wp-json\/wp\/v2\/media\/53487"}],"wp:attachment":[{"href":"https:\/\/www.europesays.com\/fr\/wp-json\/wp\/v2\/media?parent=53486"}],"wp:term":[{"taxonomy":"category","embeddable":true,"href":"https:\/\/www.europesays.com\/fr\/wp-json\/wp\/v2\/categories?post=53486"},{"taxonomy":"post_tag","embeddable":true,"href":"https:\/\/www.europesays.com\/fr\/wp-json\/wp\/v2\/tags?post=53486"}],"curies":[{"name":"wp","href":"https:\/\/api.w.org\/{rel}","templated":true}]}}