{"id":53488,"date":"2025-04-26T04:25:09","date_gmt":"2025-04-26T04:25:09","guid":{"rendered":"https:\/\/www.europesays.com\/fr\/53488\/"},"modified":"2025-04-26T04:25:09","modified_gmt":"2025-04-26T04:25:09","slug":"danse-avec-les-stars-decouvrez-le-premier-couple-elimine-de-la-finale","status":"publish","type":"post","link":"https:\/\/www.europesays.com\/fr\/53488\/","title":{"rendered":"\u00ab\u00a0Danse avec les stars\u00a0\u00bb : d\u00e9couvrez le premier couple \u00e9limin\u00e9 de la finale"},"content":{"rendered":"<p>L\u2019heure du verdict a sonn\u00e9\u2026 ou presque. En effet, avant de savoir qui de <a href=\"https:\/\/vsd.fr\/tag\/lenie\/\" target=\"_blank\" rel=\"noopener\">L\u00e9nie<\/a>, Adil Rami, ou <a href=\"https:\/\/www.public.fr\/tag\/florent-manaudou\" target=\"_blank\" rel=\"noopener\">Florent Manaudou<\/a>, va remporter la quatorzi\u00e8me saison de <strong>\u00ab\u00a0Danse avec les stars\u00a0\u00bb<\/strong>, les t\u00e9l\u00e9spectateurs ont pu d\u00e9couvrir qui des trois se faisait \u00e9liminer en premier.<\/p>\n<p>Comme l\u2019an dernier, la soir\u00e9e se divise en deux parties. Dans la premi\u00e8re, les trois couples finalistes ont pu prouver leur talent et les capacit\u00e9s acquises au cours de la saison afin de s\u00e9duire le jury compos\u00e9 de <a href=\"https:\/\/www.public.fr\/tag\/fauve-hautot\" target=\"_blank\" rel=\"noopener\">Fauve Hautot<\/a>, Mel Charlot, <a href=\"https:\/\/www.public.fr\/tag\/jean-marc-genereux\" target=\"_blank\" rel=\"noopener\">Jean-Marc G\u00e9n\u00e9reux<\/a>, ou encore <a href=\"https:\/\/www.public.fr\/tag\/chris-marques\" target=\"_blank\" rel=\"noopener\">Chris Marques<\/a>.<\/p>\n<p>Une partie durant laquelle les trois finalistes de <strong>\u00ab\u00a0Danse avec les stars\u00a0\u00bb<\/strong> ont d\u2019abord, durant la premi\u00e8re session, dans\u00e9 un freestyle, un m\u00e9lange de plusieurs styles de danse sur le rythme d&rsquo;une musique impos\u00e9e.<\/p>\n<p>Les premi\u00e8res danses ex\u00e9cut\u00e9es par les finalistes de \u00ab\u00a0Danse avec les stars\u00a0\u00bb<\/p>\n<p>Avant de vous d\u00e9voiler le nom du premier \u00e9limin\u00e9 de la finale de la quatorzi\u00e8me saison de <strong>\u00ab\u00a0Danse avec les stars\u00a0\u00bb,<\/strong> rappelons que Adil Rami a dans\u00e9 sur le c\u00e9l\u00e8bre titre de Stromae,\u00a0<strong>\u00ab\u00a0Papaoutai\u00a0\u00bb<\/strong>\u00a0avec sa partenaire Ana Riera.\u00a0 Du c\u00f4t\u00e9 de L\u00e9nie, l\u2019ancienne candidate de la <strong>\u00ab\u00a0Star Academy\u00a0\u00bb<\/strong> a pu performer sur le titre de Shakira <strong>\u00ab\u00a0Waka Waka\u00a0\u00bb<\/strong>. Alors que Florent Manaudou a dans\u00e9 avec Elsa Bois, sur le morceau <strong>\u00ab\u00a0Je suis malade\u00a0\u00bb<\/strong> de Serge Lama.\u00a0<\/p>\n<p>Lors de leur deuxi\u00e8me danse de premi\u00e8re partie de finale de <strong>\u00ab\u00a0Danse avec les stars\u00a0\u00bb,<\/strong> L\u00e9nie a dans\u00e9 une valse sur <strong>\u00ab\u00a0Don\u2019t Speak\u00a0\u00bb<\/strong>, Florent Manaudou un jive sur <strong>\u00ab\u00a0Footlose\u00a0\u00bb<\/strong> de Kenny Loggins. Alors qu&rsquo;Adil Rami a fait un quickstep sur <strong>\u00ab\u00a0Everybody needs somebody\u00a0\u00bb<\/strong> des Blues Brothers. C\u2019est apr\u00e8s cette deuxi\u00e8me session qu\u2019un couple a quitt\u00e9 la finale.\u00a0<\/p>\n<p>Et le premier couple \u00e9limin\u00e9 est&#8230;<\/p>\n<p>L\u2019an dernier, alors que tout le monde pensait qu\u2019<a href=\"https:\/\/www.public.fr\/tag\/ines-reg\" target=\"_blank\" rel=\"noopener\">In\u00e8s Reg<\/a> allait remporter la victoire finale, le public et les t\u00e9l\u00e9spectateurs ont \u00e9t\u00e9 surpris en d\u00e9couvrant qu\u2019elle se faisait sortir au terme de la premi\u00e8re \u00e9preuve. De fait, <a href=\"https:\/\/www.public.fr\/tag\/natasha-st-pier\" target=\"_blank\" rel=\"noopener\">Nathasha St-Pier<\/a> et Nico Capone s\u2019affrontaient pour la victoire finale.<\/p>\n<p>La suite, tout le monde la conna\u00eet d\u00e9sormais. La chanteuse qu\u00e9b\u00e9coise a su tirer son \u00e9pingle du jeu et r\u00e9colter le plus de voix de la part du public pour se faire \u00e9lire grande gagnante de <strong>\u00ab\u00a0Danse avec les stars\u00a0\u00bb<\/strong>, avec son partenaire <a href=\"https:\/\/www.public.fr\/tag\/anthony-colette\" target=\"_blank\" rel=\"noopener\">Anthony Colette<\/a>. Une grande premi\u00e8re pour ce dernier, qui n\u2019avait encore jamais gagn\u00e9 le programme.\u00a0<\/p>\n<p>Cette ann\u00e9e, c\u2019est <strong>Adil Rami qui vient de vivre la m\u00eame situation<\/strong>. Malheureusement pour lui, ses prestations n\u2019ont pas suffisamment s\u00e9duit le public. En effet, il a \u00e9t\u00e9 le premier candidat \u00e9limin\u00e9 au terme de cette finale. Reste \u00e0 savoir qui va soulever le troph\u00e9e lors de la manche finale, dans quelques minutes.\u00a0<\/p>\n<p>      Mentionn\u00e9s dans cet article<\/p>\n<p>\u00c0 lire aussi<\/p>\n","protected":false},"excerpt":{"rendered":"L\u2019heure du verdict a sonn\u00e9\u2026 ou presque. En effet, avant de savoir qui de L\u00e9nie, Adil Rami, ou&hellip;\n","protected":false},"author":2,"featured_media":53489,"comment_status":"","ping_status":"","sticky":false,"template":"","format":"standard","meta":{"footnotes":""},"categories":[2],"tags":[11,1682,194,4828,925,1011,27,14752,12370,12,25,199],"class_list":{"0":"post-53488","1":"post","2":"type-post","3":"status-publish","4":"format-standard","5":"has-post-thumbnail","7":"category-actualites","8":"tag-actualites","9":"tag-adil-rami","10":"tag-danse-avec-les-stars","11":"tag-fauve-hautot","12":"tag-florent-manaudou","13":"tag-fr","14":"tag-france","15":"tag-jean-marc-genereux","16":"tag-lenie","17":"tag-news","18":"tag-republique-francaise","19":"tag-tf1"},"share_on_mastodon":{"url":"https:\/\/pubeurope.com\/@fr\/114402369598333214","error":""},"_links":{"self":[{"href":"https:\/\/www.europesays.com\/fr\/wp-json\/wp\/v2\/posts\/53488","targetHints":{"allow":["GET"]}}],"collection":[{"href":"https:\/\/www.europesays.com\/fr\/wp-json\/wp\/v2\/posts"}],"about":[{"href":"https:\/\/www.europesays.com\/fr\/wp-json\/wp\/v2\/types\/post"}],"author":[{"embeddable":true,"href":"https:\/\/www.europesays.com\/fr\/wp-json\/wp\/v2\/users\/2"}],"replies":[{"embeddable":true,"href":"https:\/\/www.europesays.com\/fr\/wp-json\/wp\/v2\/comments?post=53488"}],"version-history":[{"count":0,"href":"https:\/\/www.europesays.com\/fr\/wp-json\/wp\/v2\/posts\/53488\/revisions"}],"wp:featuredmedia":[{"embeddable":true,"href":"https:\/\/www.europesays.com\/fr\/wp-json\/wp\/v2\/media\/53489"}],"wp:attachment":[{"href":"https:\/\/www.europesays.com\/fr\/wp-json\/wp\/v2\/media?parent=53488"}],"wp:term":[{"taxonomy":"category","embeddable":true,"href":"https:\/\/www.europesays.com\/fr\/wp-json\/wp\/v2\/categories?post=53488"},{"taxonomy":"post_tag","embeddable":true,"href":"https:\/\/www.europesays.com\/fr\/wp-json\/wp\/v2\/tags?post=53488"}],"curies":[{"name":"wp","href":"https:\/\/api.w.org\/{rel}","templated":true}]}}