{"id":534904,"date":"2025-11-15T01:12:22","date_gmt":"2025-11-15T01:12:22","guid":{"rendered":"https:\/\/www.europesays.com\/fr\/534904\/"},"modified":"2025-11-15T01:12:22","modified_gmt":"2025-11-15T01:12:22","slug":"pro-d2-mont-de-marsan-soyaux-angouleme-revivez-la-victoire-a-lexterieur-du-sa-xv-lors-de-la-11e-journee","status":"publish","type":"post","link":"https:\/\/www.europesays.com\/fr\/534904\/","title":{"rendered":"Pro D2 &#8211; Mont-de-Marsan &#8211; Soyaux-Angoul\u00eame : revivez la victoire \u00e0 l&rsquo;ext\u00e9rieur du SA XV lors de la 11e journ\u00e9e"},"content":{"rendered":"<p>\n                Bienvenue sur Rugbyrama pour revivre la rencontre de la 11\u00e8me journ\u00e9e de Pro D2 qui opposait le Stade montois au SA XV.\u00a0\n            <\/p>\n<p>Les Montois avaient vraiment besoin d&rsquo;air. Aux portes de la zone rouge, il \u00e9tait temps de se r\u00e9veiller au risque d&rsquo;y rester, voire pire.\u00a0<\/p>\n<p>De son c\u00f4t\u00e9, Soyaux-Angoul\u00eame n&rsquo;avait rien \u00e0 perdre ce week-end.\u00a0<\/p>\n<p>M. Urruzmendi est l&rsquo;arbitre de cette rencontre.\u00a0<\/p>\n","protected":false},"excerpt":{"rendered":"Bienvenue sur Rugbyrama pour revivre la rencontre de la 11\u00e8me journ\u00e9e de Pro D2 qui opposait le Stade&hellip;\n","protected":false},"author":2,"featured_media":534905,"comment_status":"","ping_status":"","sticky":false,"template":"","format":"standard","meta":{"footnotes":""},"categories":[1416],"tags":[1011,27,479,1468,60],"class_list":{"0":"post-534904","1":"post","2":"type-post","3":"status-publish","4":"format-standard","5":"has-post-thumbnail","7":"category-rugby","8":"tag-fr","9":"tag-france","10":"tag-rugby","11":"tag-rugby-football","12":"tag-sports"},"share_on_mastodon":{"url":"https:\/\/pubeurope.com\/@fr\/115551059607125650","error":""},"_links":{"self":[{"href":"https:\/\/www.europesays.com\/fr\/wp-json\/wp\/v2\/posts\/534904","targetHints":{"allow":["GET"]}}],"collection":[{"href":"https:\/\/www.europesays.com\/fr\/wp-json\/wp\/v2\/posts"}],"about":[{"href":"https:\/\/www.europesays.com\/fr\/wp-json\/wp\/v2\/types\/post"}],"author":[{"embeddable":true,"href":"https:\/\/www.europesays.com\/fr\/wp-json\/wp\/v2\/users\/2"}],"replies":[{"embeddable":true,"href":"https:\/\/www.europesays.com\/fr\/wp-json\/wp\/v2\/comments?post=534904"}],"version-history":[{"count":0,"href":"https:\/\/www.europesays.com\/fr\/wp-json\/wp\/v2\/posts\/534904\/revisions"}],"wp:featuredmedia":[{"embeddable":true,"href":"https:\/\/www.europesays.com\/fr\/wp-json\/wp\/v2\/media\/534905"}],"wp:attachment":[{"href":"https:\/\/www.europesays.com\/fr\/wp-json\/wp\/v2\/media?parent=534904"}],"wp:term":[{"taxonomy":"category","embeddable":true,"href":"https:\/\/www.europesays.com\/fr\/wp-json\/wp\/v2\/categories?post=534904"},{"taxonomy":"post_tag","embeddable":true,"href":"https:\/\/www.europesays.com\/fr\/wp-json\/wp\/v2\/tags?post=534904"}],"curies":[{"name":"wp","href":"https:\/\/api.w.org\/{rel}","templated":true}]}}