{"id":534906,"date":"2025-11-15T01:13:21","date_gmt":"2025-11-15T01:13:21","guid":{"rendered":"https:\/\/www.europesays.com\/fr\/534906\/"},"modified":"2025-11-15T01:13:21","modified_gmt":"2025-11-15T01:13:21","slug":"schwartzman-edmund-ramos-vinolas-et-plusieurs-figures-du-double-honorees-a-turin","status":"publish","type":"post","link":"https:\/\/www.europesays.com\/fr\/534906\/","title":{"rendered":"Schwartzman, Edmund, Ramos-Vinolas et plusieurs figures du double honor\u00e9es \u00e0 Turin"},"content":{"rendered":"<p>                <img decoding=\"async\" src=\"https:\/\/www.europesays.com\/fr\/wp-content\/uploads\/2025\/11\/zE6J.jpg\" fetchpriority=\"high\" alt=\"Un hommage aux nouveaux retrait\u00e9s : Schwartzman, Edmund, Ramos-Vinolas et plusieurs figures du double honor\u00e9es \u00e0 Turin\"\/><\/p>\n<p>Le Masters de Turin a accueilli une c\u00e9r\u00e9monie d\u00e9di\u00e9e aux joueurs partis cette saison : Schwartzman, Edmund, mais aussi Farah, Cabal ou Koolhof, tous honor\u00e9s pour leur parcours et leurs contributions au tennis.<\/p>\n<p>\u00c0 chaque \u00e9dition du Masters, l\u2019ATP honore plusieurs joueurs ayant pris leur retraite r\u00e9cemment. Cette ann\u00e9e, ce sont huit joueurs qui ont eu la chance d\u2019avoir une courte c\u00e9r\u00e9monie d\u2019hommage sur le court de Turin.<\/p>\n<p>Parmi eux, on note les pr\u00e9sences de Diego Schwartzman, de Kyle Edmund ou d\u2019Albert Ramos-Vinolas, qui ont tous les trois mis un terme \u00e0 leur carri\u00e8re cette saison.<\/p>\n<p><strong>Cependant, deux grands absents manquent \u00e0 l\u2019appel : Richard Gasquet et Fabio Fognini.<\/strong><\/p>\n<p>L\u2019hommage incluait aussi plusieurs sp\u00e9cialistes du double, parmi lesquels les anciens partenaires et n\u00b01 mondiaux Robert Farah et Juan Sebasti\u00e1n Cabal, les N\u00e9erlandais Wesley Koolhof et Matwe Middelkoop, ainsi que le Pakistanais Aisam-Ul-Haq Qureshi.<\/p>\n","protected":false},"excerpt":{"rendered":"Le Masters de Turin a accueilli une c\u00e9r\u00e9monie d\u00e9di\u00e9e aux joueurs partis cette saison : Schwartzman, Edmund, mais&hellip;\n","protected":false},"author":2,"featured_media":534907,"comment_status":"","ping_status":"","sticky":false,"template":"","format":"standard","meta":{"footnotes":""},"categories":[1415],"tags":[1011,27,60,1467],"class_list":{"0":"post-534906","1":"post","2":"type-post","3":"status-publish","4":"format-standard","5":"has-post-thumbnail","7":"category-tennis","8":"tag-fr","9":"tag-france","10":"tag-sports","11":"tag-tennis"},"share_on_mastodon":{"url":"https:\/\/pubeurope.com\/@fr\/115551064437212178","error":""},"_links":{"self":[{"href":"https:\/\/www.europesays.com\/fr\/wp-json\/wp\/v2\/posts\/534906","targetHints":{"allow":["GET"]}}],"collection":[{"href":"https:\/\/www.europesays.com\/fr\/wp-json\/wp\/v2\/posts"}],"about":[{"href":"https:\/\/www.europesays.com\/fr\/wp-json\/wp\/v2\/types\/post"}],"author":[{"embeddable":true,"href":"https:\/\/www.europesays.com\/fr\/wp-json\/wp\/v2\/users\/2"}],"replies":[{"embeddable":true,"href":"https:\/\/www.europesays.com\/fr\/wp-json\/wp\/v2\/comments?post=534906"}],"version-history":[{"count":0,"href":"https:\/\/www.europesays.com\/fr\/wp-json\/wp\/v2\/posts\/534906\/revisions"}],"wp:featuredmedia":[{"embeddable":true,"href":"https:\/\/www.europesays.com\/fr\/wp-json\/wp\/v2\/media\/534907"}],"wp:attachment":[{"href":"https:\/\/www.europesays.com\/fr\/wp-json\/wp\/v2\/media?parent=534906"}],"wp:term":[{"taxonomy":"category","embeddable":true,"href":"https:\/\/www.europesays.com\/fr\/wp-json\/wp\/v2\/categories?post=534906"},{"taxonomy":"post_tag","embeddable":true,"href":"https:\/\/www.europesays.com\/fr\/wp-json\/wp\/v2\/tags?post=534906"}],"curies":[{"name":"wp","href":"https:\/\/api.w.org\/{rel}","templated":true}]}}