{"id":534908,"date":"2025-11-15T01:17:12","date_gmt":"2025-11-15T01:17:12","guid":{"rendered":"https:\/\/www.europesays.com\/fr\/534908\/"},"modified":"2025-11-15T01:17:12","modified_gmt":"2025-11-15T01:17:12","slug":"la-baywa-re-classique-change-de-nom-actualite","status":"publish","type":"post","link":"https:\/\/www.europesays.com\/fr\/534908\/","title":{"rendered":"La BayWa.re Classique change de nom &#8211; Actualit\u00e9"},"content":{"rendered":"<p style=\"text-align: justify;\">La BayWa.re Classique va changer d&rsquo;appellation en 2026. L\u2019\u00e9preuve disput\u00e9e en Haute-Vienne devient le Tour du Haut Limousin F\u00e9minin by Massy Sotec-Troph\u00e9e Baywa r.e.<\/p>\n<p>Pour rappel, la course manche de la Coupe de France N1 en 2025 int\u00e8gre le calendrier UCI et devient une 1.2. Elle passe du mois de juin \u00e0 mai et se tiendra le lundi de Pentec\u00f4te, soit le 25.<\/p>\n<p>Comme lors des trois premi\u00e8res \u00e9ditions, Saint-Bonnet-de-Bellac accueillera le d\u00e9part et l\u2019arriv\u00e9e de la course organis\u00e9e par l&rsquo;\u00e9quipe du Tour du Limousin.<\/p>\n<p>La laur\u00e9ate<strong> <a href=\"https:\/\/www.directvelo.com\/epreuve\/45306\/baywa-re-classique-feminine-2025\" target=\"_blank\" rel=\"noopener\">succ\u00e8dera \u00e0 Charlotte Allard<\/a>.<\/strong><\/p>\n","protected":false},"excerpt":{"rendered":"La BayWa.re Classique va changer d&rsquo;appellation en 2026. L\u2019\u00e9preuve disput\u00e9e en Haute-Vienne devient le Tour du Haut Limousin&hellip;\n","protected":false},"author":2,"featured_media":534909,"comment_status":"","ping_status":"","sticky":false,"template":"","format":"standard","meta":{"footnotes":""},"categories":[1411],"tags":[834,828,836,829,837,827,83,826,824,823,1154,207,814,817,815,816,822,821,832,211,839,1011,27,820,818,819,835,831,830,833,838,60,212,208,825],"class_list":{"0":"post-534908","1":"post","2":"type-post","3":"status-publish","4":"format-standard","5":"has-post-thumbnail","7":"category-cyclisme","8":"tag-attaque","9":"tag-belgique","10":"tag-braquet","11":"tag-bretagne","12":"tag-chute","13":"tag-competition","14":"tag-coupe-de-france","15":"tag-coureur","16":"tag-course-cyclisme","17":"tag-course-cycliste","18":"tag-cycling","19":"tag-cyclisme","20":"tag-direct","21":"tag-direct-velo","22":"tag-directvelo","23":"tag-directvelo-com","24":"tag-epreuve","25":"tag-epreuve-cycliste","26":"tag-federation-francaise-de-cyclisme","27":"tag-ffc","28":"tag-flandres","29":"tag-fr","30":"tag-france","31":"tag-live","32":"tag-live-course","33":"tag-live-epreuve","34":"tag-peloton","35":"tag-radio-peloton","36":"tag-radio-tour","37":"tag-ravitaillement","38":"tag-relance","39":"tag-sports","40":"tag-uci","41":"tag-velo","42":"tag-velos"},"share_on_mastodon":{"url":"https:\/\/pubeurope.com\/@fr\/115551079201852678","error":""},"_links":{"self":[{"href":"https:\/\/www.europesays.com\/fr\/wp-json\/wp\/v2\/posts\/534908","targetHints":{"allow":["GET"]}}],"collection":[{"href":"https:\/\/www.europesays.com\/fr\/wp-json\/wp\/v2\/posts"}],"about":[{"href":"https:\/\/www.europesays.com\/fr\/wp-json\/wp\/v2\/types\/post"}],"author":[{"embeddable":true,"href":"https:\/\/www.europesays.com\/fr\/wp-json\/wp\/v2\/users\/2"}],"replies":[{"embeddable":true,"href":"https:\/\/www.europesays.com\/fr\/wp-json\/wp\/v2\/comments?post=534908"}],"version-history":[{"count":0,"href":"https:\/\/www.europesays.com\/fr\/wp-json\/wp\/v2\/posts\/534908\/revisions"}],"wp:featuredmedia":[{"embeddable":true,"href":"https:\/\/www.europesays.com\/fr\/wp-json\/wp\/v2\/media\/534909"}],"wp:attachment":[{"href":"https:\/\/www.europesays.com\/fr\/wp-json\/wp\/v2\/media?parent=534908"}],"wp:term":[{"taxonomy":"category","embeddable":true,"href":"https:\/\/www.europesays.com\/fr\/wp-json\/wp\/v2\/categories?post=534908"},{"taxonomy":"post_tag","embeddable":true,"href":"https:\/\/www.europesays.com\/fr\/wp-json\/wp\/v2\/tags?post=534908"}],"curies":[{"name":"wp","href":"https:\/\/api.w.org\/{rel}","templated":true}]}}