{"id":534912,"date":"2025-11-15T01:19:14","date_gmt":"2025-11-15T01:19:14","guid":{"rendered":"https:\/\/www.europesays.com\/fr\/534912\/"},"modified":"2025-11-15T01:19:14","modified_gmt":"2025-11-15T01:19:14","slug":"maitena-biraben-revele-le-secret-qui-a-fait-disparaitre-tous-ses-complexes-apres-50-ans","status":"publish","type":"post","link":"https:\/\/www.europesays.com\/fr\/534912\/","title":{"rendered":"Ma\u00eftena Biraben r\u00e9v\u00e8le le secret qui a fait dispara\u00eetre tous ses complexes apr\u00e8s 50 ans"},"content":{"rendered":"<p>On la conna\u00eet pour son franc-parler et son \u00e9l\u00e9gance discr\u00e8te. Invit\u00e9e dans C l\u00a0\u00bbhebdo sur France 5, l&rsquo;ancienne animatrice du Grand Journal s&rsquo;est confi\u00e9e sur un sujet intime : son rapport \u00e0 l&rsquo;image. Dans un extrait relay\u00e9 par Le Journal des Femmes, <a href=\"https:\/\/www.grazia.fr\/people\/maitena-biraben-se-confie-a-grazia-tout-le-monde-veut-mon-job-212283.html\" target=\"_blank\" rel=\"noopener\">Ma\u00eftena Biraben<\/a> a racont\u00e9 comment, apr\u00e8s des ann\u00e9es de doutes et de mal-\u00eatre, elle a appris \u00e0 se regarder autrement. Une r\u00e9v\u00e9lation pour celle qui, apr\u00e8s avoir brill\u00e9 sur Canal+, <strong>s&rsquo;investit d\u00e9sormais dans des projets \u00e0 son image<\/strong>.<\/p>\n<p>    Ma\u00eftena Biraben et la lente r\u00e9conciliation avec son image <\/p>\n<p>Devant Aur\u00e9lie Casse, Ma\u00eftena Biraben a \u00e9voqu\u00e9 <strong>un d\u00e9clic tardif<\/strong>. \u00ab\u00a0Je suis \u00e0 l&rsquo;\u00e2ge o\u00f9 je me trouve enfin jolie\u00a0\u00bb, a-t-elle d\u00e9clar\u00e9, le regard apais\u00e9. Une phrase tr\u00e8s forte, qui en dit long sur le chemin parcouru. Pendant des ann\u00e9es, l&rsquo;animatrice confie avoir eu du mal \u00e0 s&rsquo;accepter : \u00ab\u00a0Il y a une longue p\u00e9riode, je pense que c&rsquo;est vrai pour un certain nombre de femmes, o\u00f9 <strong>tu te vois et tu reconnais ta m\u00e8re et c&rsquo;est tr\u00e8s tr\u00e8s p\u00e9nible<\/strong>.\u00a0\u00bb Ce moment de bascule, Ma\u00eftena Biraben le vit d\u00e9sormais comme une lib\u00e9ration.<\/p>\n<p>En effet, depuis qu&rsquo;elle s&rsquo;est quelque peu \u00e9loign\u00e9e des plateaux de t\u00e9l\u00e9vision, l&rsquo;ex-pr\u00e9sentatrice du Suppl\u00e9ment <strong>consacre son \u00e9nergie \u00e0 redonner une voix aux femmes<\/strong>. Avec son m\u00e9dia Mesdames et son livre La femme invisible, elle interroge la place des quinquag\u00e9naires dans la soci\u00e9t\u00e9 et d\u00e9fend <strong>une beaut\u00e9 affranchie des injonctions<\/strong>.<\/p>\n<p>    \u00c0 58 ans, Ma\u00eftena Biraben pr\u00f4ne une beaut\u00e9 tranquille et int\u00e9rieure <\/p>\n<p>\u00ab\u00a0Moi je pense que la beaut\u00e9 c&rsquo;est quand on est bien dedans, quand on est tranquille, quand on se conna\u00eet mieux\u00a0\u00bb, confie-t-elle. Et cette phrase r\u00e9sume parfaitement toute sa philosophie. Pour Ma\u00eftena Biraben, le secret est de comprendre que la beaut\u00e9 ne se mesure plus au reflet d&rsquo;un miroir, mais <strong>\u00e0 l&rsquo;\u00e9quilibre int\u00e9rieur<\/strong>. \u00c0 mesure qu\u2019elle apprend \u00e0 se conna\u00eetre,<strong> son regard sur elle-m\u00eame s&rsquo;adoucit<\/strong>. \u00ab\u00a0Quand je me vois je me dis : franchement, t&rsquo;es bien\u00a0\u00bb, ajoute-t-elle avec un sourire. Une phrase simple, empreinte d&rsquo;une force rare dans un monde qui glorifie plut\u00f4t <a href=\"https:\/\/www.grazia.fr\/beaute\/soins-visage-corps\/ce-medecin-est-formel-voici-le-secret-ultime-pour-preserver-son-v-de-jeunesse-et-garder-le-visage-ferme-apres-40-ans-1199050.html\" target=\"_blank\" rel=\"noopener\">la jeunesse \u00e9ternelle<\/a>.<\/p>\n<p>Cette prise de conscience, elle la relie \u00e0 <strong>la maturit\u00e9 et \u00e0 l&rsquo;exp\u00e9rience<\/strong>. Apr\u00e8s avoir affront\u00e9 les tumultes m\u00e9diatiques de Canal+ \u00e0 RMC, elle revendique aujourd&rsquo;hui <strong>un rapport au corps plus doux<\/strong>. \u00ab\u00a0C&rsquo;est quand m\u00eame un grand moment de beaut\u00e9 en soi et de beaut\u00e9 aussi physique\u00a0\u00bb, conclut-elle.<\/p>\n<p>\t\t\t\t<img decoding=\"async\" src=\"https:\/\/www.europesays.com\/fr\/wp-content\/uploads\/2025\/11\/1763169554_939_hqdefault.jpg\" width=\"100%\" height=\"auto\"\/><\/p>\n<p>\t\t Ma\u00eftena Biraben, un engagement pour les femmes de son \u00e2ge <\/p>\n<p>Ce discours personnel s&rsquo;apparente \u00e0 un vrai combat collectif pour Ma\u00eftena Biraben. Si elle parle aujourd&rsquo;hui avec tant de s\u00e9r\u00e9nit\u00e9, c&rsquo;est aussi parce qu&rsquo;elle a d\u00e9cid\u00e9 d&rsquo;agir. En lan\u00e7ant Mesdames, elle a voulu cr\u00e9er<strong> un espace o\u00f9 les femmes peuvent parler sans filtre<\/strong> de l&rsquo;\u00e2ge, <a href=\"https:\/\/www.grazia.fr\/lifestyle\/psycho-sexo\/mariage-couples-font-choix-precis-depart-chances-plus-voir-relation-durer-selon-chercheurs-1180558.html\" target=\"_blank\" rel=\"noopener\">du d\u00e9sir<\/a> et de la libert\u00e9.<\/p>\n<p>Beaut\u00e9, \u00e2ge, d\u00e9sir, libert\u00e9&#8230; autant de sujets souvent mis de c\u00f4t\u00e9 qu&rsquo;elle remet au centre de la conversation. Un prolongement naturel de son parcours, \u00e0 la fois personnel et professionnel, o\u00f9 chaque mot r\u00e9sonne d\u2019exp\u00e9rience v\u00e9cue. Sur le plateau de C l&rsquo;hebdo, Ma\u00eftena Biraben a fait preuve d&rsquo;une sinc\u00e9rit\u00e9 rare, qui fait d&rsquo;elle <strong>l&rsquo;une des voix les plus inspirantes de sa g\u00e9n\u00e9ration<\/strong>.<\/p>\n","protected":false},"excerpt":{"rendered":"On la conna\u00eet pour son franc-parler et son \u00e9l\u00e9gance discr\u00e8te. Invit\u00e9e dans C l\u00a0\u00bbhebdo sur France 5, l&rsquo;ancienne&hellip;\n","protected":false},"author":2,"featured_media":534913,"comment_status":"","ping_status":"","sticky":false,"template":"","format":"standard","meta":{"footnotes":""},"categories":[1359],"tags":[58,59,1011,27,973,729],"class_list":{"0":"post-534912","1":"post","2":"type-post","3":"status-publish","4":"format-standard","5":"has-post-thumbnail","7":"category-people","8":"tag-divertissement","9":"tag-entertainment","10":"tag-fr","11":"tag-france","12":"tag-people","13":"tag-yout_video"},"share_on_mastodon":{"url":"https:\/\/pubeurope.com\/@fr\/115551087883362216","error":""},"_links":{"self":[{"href":"https:\/\/www.europesays.com\/fr\/wp-json\/wp\/v2\/posts\/534912","targetHints":{"allow":["GET"]}}],"collection":[{"href":"https:\/\/www.europesays.com\/fr\/wp-json\/wp\/v2\/posts"}],"about":[{"href":"https:\/\/www.europesays.com\/fr\/wp-json\/wp\/v2\/types\/post"}],"author":[{"embeddable":true,"href":"https:\/\/www.europesays.com\/fr\/wp-json\/wp\/v2\/users\/2"}],"replies":[{"embeddable":true,"href":"https:\/\/www.europesays.com\/fr\/wp-json\/wp\/v2\/comments?post=534912"}],"version-history":[{"count":0,"href":"https:\/\/www.europesays.com\/fr\/wp-json\/wp\/v2\/posts\/534912\/revisions"}],"wp:featuredmedia":[{"embeddable":true,"href":"https:\/\/www.europesays.com\/fr\/wp-json\/wp\/v2\/media\/534913"}],"wp:attachment":[{"href":"https:\/\/www.europesays.com\/fr\/wp-json\/wp\/v2\/media?parent=534912"}],"wp:term":[{"taxonomy":"category","embeddable":true,"href":"https:\/\/www.europesays.com\/fr\/wp-json\/wp\/v2\/categories?post=534912"},{"taxonomy":"post_tag","embeddable":true,"href":"https:\/\/www.europesays.com\/fr\/wp-json\/wp\/v2\/tags?post=534912"}],"curies":[{"name":"wp","href":"https:\/\/api.w.org\/{rel}","templated":true}]}}