{"id":534914,"date":"2025-11-15T01:20:28","date_gmt":"2025-11-15T01:20:28","guid":{"rendered":"https:\/\/www.europesays.com\/fr\/534914\/"},"modified":"2025-11-15T01:20:28","modified_gmt":"2025-11-15T01:20:28","slug":"la-peinture-me-rend-heureuse","status":"publish","type":"post","link":"https:\/\/www.europesays.com\/fr\/534914\/","title":{"rendered":"\u00ab La peinture me rend heureuse \u00bb"},"content":{"rendered":"<p>                    Par<br \/>\n        <strong><br \/>\n            <a href=\"https:\/\/actu.fr\/auteur\/redaction-pa\" title=\"Consulter tous les articles de R\u00e9daction Le Pays d&#039;Auge\" target=\"_blank\" rel=\"noopener\">R\u00e9daction Le Pays d&rsquo;Auge<\/a><br \/>\n                    <\/strong><\/p>\n<p>        Publi\u00e9 le<\/p>\n<p>            14 nov. 2025 \u00e0 13h30        <\/p>\n<p>Connue des habitants de Trouville-sur-Mer pour ses \u0153uvres de street-art sur le mur de la piscine et pour sa galerie-atelier situ\u00e9e rue Victor Hugo, <a href=\"https:\/\/actu.fr\/normandie\/trouville-sur-mer_14715\/les-pieds-le-coeur-et-les-pinceaux-a-trouville-lartiste-emilie-arnoux-vit-son-reve-americain_57949515.html\" target=\"_blank\" rel=\"noopener\">Emilie Arnoux a, aujourd\u2019hui, une carri\u00e8re \u00e0 l\u2019international.<\/a><\/p>\n<p class=\" wall-content\">Artiste r\u00e9put\u00e9e pour ses \u0153uvres inspir\u00e9es par la plage et la mer, elle peint essentiellement des grands formats qui m\u00ealent des \u00e9l\u00e9ments de pop art, de beach culture et de surf art.<\/p>\n<p class=\"ac-article-content__question wall-content\">Certaines de vos \u0153uvres sont en partance pour les \u00c9tats-Unis. Pourquoi\u2009?<\/p>\n<p class=\" wall-content\">Pour la cinqui\u00e8me fois d\u2019affil\u00e9e, j\u2019ai la chance de pouvoir exposer et vendre mes tableaux dans des salons d\u2019art contemporains aux \u00c9tats-Unis. Je vais commencer par Art Basel Miami Beach au mois de d\u00e9cembre\u2009; puis Art Palm Beach toujours en Floride.<\/p>\n<p class=\" wall-content\">Ensuite il y aura Los Angeles Art Show et Hamptons Fair Art. Enfin, en juillet\u00a02026, j\u2019aurais la chance d\u2019avoir une exposition personnelle dans ma galerie new-yorkaise. Vous savez, exposer dans les plus beaux salons d\u2019art contemporain, c\u2019est le r\u00eave de tous les artistes je crois.<\/p>\n<p class=\"ac-article-content__question wall-content\">Avoir une galerie \u00e0 New York, lorsqu\u2019on habite et vit \u00e0 Trouville ce n\u2019est pas banal. Comment avez-vous r\u00e9ussi \u00e0 s\u00e9duire une galerie am\u00e9ricaine\u2009?<\/p>\n<p class=\" wall-content\">Oh, c\u2019est compl\u00e8tement circonstanciel. Je travaillais bien avant, j\u2019envoyais mes \u0153uvres \u00e0 l\u2019international. Et un jour, peut-\u00eatre par hasard ou parce qu\u2019il avait entendu parler de ce que je faisais, un galeriste new-yorkais a pass\u00e9 la porte de mon atelier. Il a eu un coup de c\u0153ur pour ma peinture et m\u2019a propos\u00e9 d\u2019exposer dans sa galerie, la Fremin Gallery, une prestigieuse galerie d\u2019art contemporain. Travailler dans une galerie \u00e0 New-York, \u00e7a ne se refuse pas (rires). Pour l\u2019anecdote, le galeriste est n\u00e9 \u00e0 Honfleur mais on parle en anglais entre nous.<\/p>\n<p>Vid\u00e9os : en ce moment sur Actu<\/p>\n<p class=\"ac-article-content__question wall-content\">Vos \u0153uvres partent aux \u00c9tats-Unis pour plusieurs mois\u2026 Vous aussi\u2009?<\/p>\n<p class=\" wall-content\">Ah non, pas du tout. Si je devais partir avec mes \u0153uvres, je ne pourrais pas peindre\u2009; on ne peut pas \u00eatre au four et au moulin. De ce fait, j\u2019envoie mes tableaux mais je reste en Normandie pour travailler. Je partage ma vie entre Trouville et Sainte-Adresse o\u00f9 vit mon ami. Ma carri\u00e8re se d\u00e9veloppe beaucoup aux \u00c9tats-Unis, mais je ne suis pas tr\u00e8s mondaine et l\u00e0 o\u00f9 je suis le mieux c\u2019est lorsque je peins. Du coup, je ne sais pas encore exactement ce que je vais faire, mais je ne pense pas aller aux \u00c9tats-Unis \u00e0 la fin de l\u2019ann\u00e9e 2025 ou en d\u00e9but d\u2019ann\u00e9e 2026. En revanche, j\u2019irai tr\u00e8s certainement \u00e0 New-York au mois de juillet au moment de mon exposition personnelle \u00e0 la Fremin Gallery.<\/p>\n<p>    <img   decoding=\"async\" loading=\"lazy\" class=\"size-large\" src=\"https:\/\/www.europesays.com\/fr\/wp-content\/uploads\/2025\/11\/64e1dc6a6b09668e1dc6a6b093ce1dv-768x640.jpg\" alt=\"Ses oeuvres au d\u00e9part de Trouville.\" width=\"768\" height=\"640\"\/><br \/>\n    E\u00e9milie Arnoux : \u00ab\u00a0\u00c9videmment. Il y a des \u0153uvres que je choisis de mettre en vente \u00e0 Trouville. Il faut que j\u2019en garde pour les gens qui me suivent, pour ceux qui me d\u00e9couvrent aussi.\u00a0\u00bb \u00a9Emilie Arnoux<\/p>\n<p>Votre r\u00e9gion, votre actu !<\/p>\n<p>Recevez chaque jour les infos qui comptent pour vous.<\/p>\n<p>\t<a href=\"https:\/\/actu.fr\/newsletter\" class=\"ac-btn ac-btn--corner ac-btn--medium ac-btn--blue800\" target=\"_blank\" rel=\"noopener\">S&rsquo;incrire<\/a><\/p>\n<p class=\"ac-article-content__question wall-content\">Vous exportez certaines de vos \u0153uvres, mais vous en conservez tout de m\u00eame \u00e0 Trouville\u2009?<\/p>\n<p class=\" wall-content\">\u00c9videmment. Il y a des \u0153uvres que je choisis de mettre en vente \u00e0 Trouville. Il faut que j\u2019en garde pour les gens qui me suivent, pour ceux qui me d\u00e9couvrent aussi. Et il y a une v\u00e9ritable demande ici. D\u2019ailleurs j\u2019envoie moins de tableaux qu\u2019avant aux \u00c9tats-Unis m\u00eame si je viens d\u2019envoyer une Trouvillaise \u00e0 New York alors que j\u2019aurais pr\u00e9f\u00e9r\u00e9 la garder ici\u2026 mais elle a \u00e9t\u00e9 vendue \u00e0 un collectionneur.<\/p>\n<p class=\"ac-article-content__question wall-content\">Vos \u0153uvres sont inspir\u00e9es par \u00ab\u2009la culture beach\u2009\u00bb. Comment trouvez-vous l\u2019inspiration\u2009?<\/p>\n<p class=\" wall-content\">Je n\u2019ai aucun probl\u00e8me pour trouver l\u2019inspiration\u2009; il me faudrait quatre vies pour faire tout ce que j\u2019en ai envie de faire.<\/p>\n<p class=\" wall-content\">J\u2019ai un univers assez coh\u00e9rent. J\u2019aborde beaucoup de sujets li\u00e9s \u00e0 la plage et \u00e0 la mer, avec diff\u00e9rents aspects\u2009: l\u2019architecture, les personnages, les portraits ou bien encore les sc\u00e8nes familiales. J\u2019ai aussi envie de travailler sur les lacs dans le d\u00e9sert. J\u2019aime les contrastes chauds\u2026 le bleu et le jaune ocre\u2026 un jour je le ferai.<\/p>\n<p class=\" wall-content\">Mais, en ce moment, je travaille beaucoup sur le reflet, c\u2019est passionnant. En plus, je me suis embarqu\u00e9e dans des s\u00e9ries et \u00e7a cr\u00e9e une attente de la part des gens qui me suivent. \u00c7a m\u2019oblige \u00e0 sortir de ma zone de confort. J\u2019adore cela et la peinture me rend heureuse<\/p>\n<p><a href=\"https:\/\/www.emiliearnoux.net\/fr\" target=\"_blank\" rel=\"noopener\">Galerie-Atelie<\/a>r, 18 Rue Victor Hugo, 14360 Trouville-sur-Mer, France. Ouverte le samedi (sauf exceptions).\u00a0<\/p>\n<p class=\" wall-content\">Personnalisez votre actualit\u00e9 en ajoutant vos villes et m\u00e9dias en favori avec <a href=\"https:\/\/moncompte.actu.fr\" title=\"D\u00e9couvez Mon Actu\" rel=\"nofollow noopener\" data-trk=\"{&quot;cta&quot;:{&quot;action&quot;:&quot;https:\\\/\\\/moncompte.actu.fr&quot;,&quot;category&quot;:&quot;mon compte&quot;,&quot;from&quot;:&quot;article footer&quot;,&quot;name&quot;:&quot;Mon actu&quot;,&quot;type&quot;:&quot;cta&quot;}}\" target=\"_blank\">Mon Actu<\/a>.<\/p>\n","protected":false},"excerpt":{"rendered":"Par R\u00e9daction Le Pays d&rsquo;Auge Publi\u00e9 le 14 nov. 2025 \u00e0 13h30 Connue des habitants de Trouville-sur-Mer pour&hellip;\n","protected":false},"author":2,"featured_media":534915,"comment_status":"","ping_status":"","sticky":false,"template":"","format":"standard","meta":{"footnotes":""},"categories":[1358],"tags":[1348,1384,1385,1386,58,59,1011,27,104,7189],"class_list":{"0":"post-534914","1":"post","2":"type-post","3":"status-publish","4":"format-standard","5":"has-post-thumbnail","7":"category-arts-et-design","8":"tag-arts","9":"tag-arts-and-design","10":"tag-arts-et-design","11":"tag-design","12":"tag-divertissement","13":"tag-entertainment","14":"tag-fr","15":"tag-france","16":"tag-societe","17":"tag-street-art"},"share_on_mastodon":{"url":"https:\/\/pubeurope.com\/@fr\/115551091638358069","error":""},"_links":{"self":[{"href":"https:\/\/www.europesays.com\/fr\/wp-json\/wp\/v2\/posts\/534914","targetHints":{"allow":["GET"]}}],"collection":[{"href":"https:\/\/www.europesays.com\/fr\/wp-json\/wp\/v2\/posts"}],"about":[{"href":"https:\/\/www.europesays.com\/fr\/wp-json\/wp\/v2\/types\/post"}],"author":[{"embeddable":true,"href":"https:\/\/www.europesays.com\/fr\/wp-json\/wp\/v2\/users\/2"}],"replies":[{"embeddable":true,"href":"https:\/\/www.europesays.com\/fr\/wp-json\/wp\/v2\/comments?post=534914"}],"version-history":[{"count":0,"href":"https:\/\/www.europesays.com\/fr\/wp-json\/wp\/v2\/posts\/534914\/revisions"}],"wp:featuredmedia":[{"embeddable":true,"href":"https:\/\/www.europesays.com\/fr\/wp-json\/wp\/v2\/media\/534915"}],"wp:attachment":[{"href":"https:\/\/www.europesays.com\/fr\/wp-json\/wp\/v2\/media?parent=534914"}],"wp:term":[{"taxonomy":"category","embeddable":true,"href":"https:\/\/www.europesays.com\/fr\/wp-json\/wp\/v2\/categories?post=534914"},{"taxonomy":"post_tag","embeddable":true,"href":"https:\/\/www.europesays.com\/fr\/wp-json\/wp\/v2\/tags?post=534914"}],"curies":[{"name":"wp","href":"https:\/\/api.w.org\/{rel}","templated":true}]}}