{"id":534916,"date":"2025-11-15T01:22:14","date_gmt":"2025-11-15T01:22:14","guid":{"rendered":"https:\/\/www.europesays.com\/fr\/534916\/"},"modified":"2025-11-15T01:22:14","modified_gmt":"2025-11-15T01:22:14","slug":"4e-prime-de-la-star-academy-2025-du-jamais-vu-dans-lemission-20-minutes","status":"publish","type":"post","link":"https:\/\/www.europesays.com\/fr\/534916\/","title":{"rendered":"4e prime de la Star Academy 2025, \u00ab Du jamais vu dans l\u2019\u00e9mission ! \u00bb &#8211; 20 Minutes"},"content":{"rendered":"<ol>\n<li><a href=\"https:\/\/news.google.com\/rss\/articles\/CBMiogFBVV95cUxORWx1RGlfbkp6dGRQSmloaXVmY3FVbHRONGFqaFNIWUFCYWdQQmdWSGJJNmxlQ3kwTHUwanpLQXI1ZlgwbTdOWjNmRXBVWC1EcTBseVZNWWc4MEl3U0ltTUkyMmgzV2ZtdUVzaEJUWTlfU29XbDl0SWU2MWp6bl9sdnJhSjhwMGEtS3d0NENMLWs0THoyRkRrV0RXekZSUFRVSXc?oc=5\" target=\"_blank\" rel=\"nofollow noopener\">4e prime de la Star Academy 2025, \u00ab Du jamais vu dans l\u2019\u00e9mission ! \u00bb<\/a>&nbsp;&nbsp;20 Minutes<\/li>\n<li><a href=\"https:\/\/news.google.com\/rss\/articles\/CBMiyAFBVV95cUxOUERnYzhIYm1Nck9xTkdVMEN2NjdqZC1MZjRxT284b2U1XzV1dGpoeldYLTRRWHFwWC14elRISUJnMGN4ZE5Lc0x2dnBSMFNFYm5VY2VVdzhzcVRSS0ZUVDRFekJyUVhHZnRFU1BYbkFpamxCVDBlN3Ffb211UGRXLUE1SDJGbnhybVdUbXliM3pSMmRyNUs4SUQyd0tITENSVzB2X1Q3M0w4a1M0bHhfa1A4dWhlOGZJNjNMRktYZGl0eGphWG5WNA?oc=5\" target=\"_blank\" rel=\"nofollow noopener\">Star Academy 2025 : une ex-candidate d\u00e9nonce sa \u00ab\u00a0mise \u00e0 l\u2019\u00e9cart\u00a0\u00bb du prime des anciens<\/a>&nbsp;&nbsp;ladepeche.fr<\/li>\n<li><a href=\"https:\/\/news.google.com\/rss\/articles\/CBMi2wFBVV95cUxOUXpaTHp2RXF0Wmp5N1RHdG9HNk5hV1RxOUtlanotd0dIS2IxRlVWN1VFdkFSd0N2bVFrOUh3ak16VEFzQzFlNTl4dmJjWUNJQTVhRS12WWNOOG5NdkZiLTI1cjBnQTBTREJrcXdXS0E1ZzFhbkhwRzRXU2lKSXEtMXI1YVFmdFRjdUVMODRFb1VQc0pBdGxjVXNDNVhMYkEwbjhtSGVmNGFOMHlUVXdDMVZhUkdLSk9OSkpycEFtNmZIT1JUWHZDNEFiTnYydjBXTExkdGRhUEZvNUk?oc=5\" target=\"_blank\" rel=\"nofollow noopener\">\u00ab\u00a0Star Academy\u00a0\u00bb 2025 : Qui d&rsquo;Ema, L\u00e9ane ou Th\u00e9o L. devrait rentrer au ch\u00e2teau ce soir ? Les estimations de notre sondage<\/a>&nbsp;&nbsp;puremedias<\/li>\n<li><a href=\"https:\/\/news.google.com\/rss\/articles\/CBMi_AFBVV95cUxNU213Yno2d2hscnpvLUJoQXZUMnZ2UnBmbUlvZWRkN1NCcWVGRndmcUdocmljeGhDbVA4UEY1dXd0UXluaGZoSnVaSlpwYzczcmdwWVVJT2tMYXFpYTNTYkRkYlM2RlMwN3VuS1BfbUlQNTF0M2dJalZ3MmZoYnF4YlNMZzU0MFFkWFQ4d0duUkhKNlFvem9IelpLN01FT3E3TVZzd1J3c1VsSGc1OTBlN2lrUm9Cb0tTaEhWMDMyS3IxQ2RrSzluSEZhdnhUQzdsYmljdENPSTg4elpDdzkweTNtcU81MjJMRlAwTGp2Qlcwa1JpYkk4S2UwRGw?oc=5\" target=\"_blank\" rel=\"nofollow noopener\">Du jamais vu \u00e0 la Star Academy ! Un candidat laisse sa place et part : \u00ab\u00a0On n&rsquo;est pas pass\u00e9 par le vote des \u00e9l\u00e8ves\u00a0\u00bb<\/a>&nbsp;&nbsp;Purepeople<\/li>\n<li><a href=\"https:\/\/news.google.com\/rss\/articles\/CBMi_AFBVV95cUxQZThZNXBodnloTE1oU1NRVWRWc1pnVDNRTUVMbzA3dGJicjdnV01qU2dhd3R5VHljb3JkZkh6cjBIaU93cEdxTC1rOW5RaENFVE1ESGlwd3hIS2Ita296dVNvcHhVcUV6UG81OXNuWEtmYUJCN19qMDNUOGJCRU1kT0xJZ18tMWhKVTM2OW5aQWwtU25UeDVQbGlRNnYwY2VVMWZiZVpRdGY1QUtMNmswNkpSZGN3WUx5a25RMy1uU0F3ZnVmQnFiQ2d1ZFMxV2p2M1BfNDA4NUlWbjNPS2JzbzNHQUtibWdMWGxuRUVLTmtVNnBNNDV4eEFZNHM?oc=5\" target=\"_blank\" rel=\"nofollow noopener\">\u00ab Star Academy \u00bb : pourquoi L\u00e9ane est soutenue par la m\u00e8re de deux m\u00e9daill\u00e9s olympiques<\/a>&nbsp;&nbsp;Le Parisien<\/li>\n<\/ol>\n","protected":false},"excerpt":{"rendered":"4e prime de la Star Academy 2025, \u00ab Du jamais vu dans l\u2019\u00e9mission ! \u00bb&nbsp;&nbsp;20 Minutes Star Academy&hellip;\n","protected":false},"author":2,"featured_media":534917,"comment_status":"","ping_status":"","sticky":false,"template":"","format":"standard","meta":{"footnotes":""},"categories":[1356],"tags":[58,59,1011,27,10827,5095,252,199,1364],"class_list":{"0":"post-534916","1":"post","2":"type-post","3":"status-publish","4":"format-standard","5":"has-post-thumbnail","7":"category-television","8":"tag-divertissement","9":"tag-entertainment","10":"tag-fr","11":"tag-france","12":"tag-nikos-aliagas","13":"tag-star-academy","14":"tag-television","15":"tag-tf1","16":"tag-tv"},"share_on_mastodon":{"url":"https:\/\/pubeurope.com\/@fr\/115551098957344651","error":""},"_links":{"self":[{"href":"https:\/\/www.europesays.com\/fr\/wp-json\/wp\/v2\/posts\/534916","targetHints":{"allow":["GET"]}}],"collection":[{"href":"https:\/\/www.europesays.com\/fr\/wp-json\/wp\/v2\/posts"}],"about":[{"href":"https:\/\/www.europesays.com\/fr\/wp-json\/wp\/v2\/types\/post"}],"author":[{"embeddable":true,"href":"https:\/\/www.europesays.com\/fr\/wp-json\/wp\/v2\/users\/2"}],"replies":[{"embeddable":true,"href":"https:\/\/www.europesays.com\/fr\/wp-json\/wp\/v2\/comments?post=534916"}],"version-history":[{"count":0,"href":"https:\/\/www.europesays.com\/fr\/wp-json\/wp\/v2\/posts\/534916\/revisions"}],"wp:featuredmedia":[{"embeddable":true,"href":"https:\/\/www.europesays.com\/fr\/wp-json\/wp\/v2\/media\/534917"}],"wp:attachment":[{"href":"https:\/\/www.europesays.com\/fr\/wp-json\/wp\/v2\/media?parent=534916"}],"wp:term":[{"taxonomy":"category","embeddable":true,"href":"https:\/\/www.europesays.com\/fr\/wp-json\/wp\/v2\/categories?post=534916"},{"taxonomy":"post_tag","embeddable":true,"href":"https:\/\/www.europesays.com\/fr\/wp-json\/wp\/v2\/tags?post=534916"}],"curies":[{"name":"wp","href":"https:\/\/api.w.org\/{rel}","templated":true}]}}