{"id":534920,"date":"2025-11-15T01:25:36","date_gmt":"2025-11-15T01:25:36","guid":{"rendered":"https:\/\/www.europesays.com\/fr\/534920\/"},"modified":"2025-11-15T01:25:36","modified_gmt":"2025-11-15T01:25:36","slug":"querelle-de-clochers-stressee-par-les-cloches-elle-met-la-musique-a-la-fond","status":"publish","type":"post","link":"https:\/\/www.europesays.com\/fr\/534920\/","title":{"rendered":"Querelle de clochers : \u00ab\u00a0stress\u00e9e\u00a0\u00bb par les cloches, elle met \u00ab\u00a0la musique \u00e0 la fond\u00a0\u00bb"},"content":{"rendered":"<p>\u00ab \u00c0 l\u2019angelus, je perds connaissance. \u00bb L\u2019extrait du <a href=\"https:\/\/www.m6.fr\/un-jour-un-doc-p_22196\/querelles-de-voisinage-la-guerre-est-declaree-c_13151675\" target=\"_blank\" rel=\"noopener nofollow\">documentaire de M6<\/a> est devenu viral en quelques heures. Tatiana, propri\u00e9taire d\u2019une maison \u00e0 Saint-Loup-des-Vignes, dans le Loiret, explique, face cam\u00e9ra, \u00eatre \u00ab prise de panique \u00bb \u00e0 chaque fois que les cloches de son village se mettent \u00e0 sonner. Pour tenter de se calmer, elle emploie une m\u00e9thode in\u00e9dite : mettre un casque sur les oreilles et allumer \u00ab la musique \u00e0 fond \u00bb. Avec son mari, Tatiana a par ailleurs d\u00e9cid\u00e9 d\u2019engager un avocat pour que le maire renonce \u00e0 faire sonner les cloches de l\u2019\u00e9glise.<\/p>\n<blockquote class=\"twitter-tweet\">\n<p dir=\"ltr\" lang=\"fr\">Le red\u00e9marrage du clocher de l\u2019\u00e9glise du village a entra\u00een\u00e9 Tatiana et Pierre dans la col\u00e8re.<a href=\"https:\/\/t.co\/j0oslSeror\" rel=\"nofollow\">pic.twitter.com\/j0oslSeror<\/a><\/p>\n<p>\u2014 Fdesouche.com est une revue de presse (@F_Desouche) <a href=\"https:\/\/twitter.com\/F_Desouche\/status\/1988948117178184145?ref_src=twsrc%5Etfw\" rel=\"nofollow noopener\" target=\"_blank\">November 13, 2025<\/a><\/p>\n<\/blockquote>\n<p>Le couple fait appel \u00e0 un avocat<\/p>\n<p>On pourrait croire \u00e0 une farce ; pourtant, la sc\u00e8ne est bien r\u00e9elle. Il est midi, les cloches de l\u2019\u00e9glise de Saint-Loup-des-Vignes sonnent douze coups et Tatiana court s\u2019enfermer dans sa maison. \u00c0 peine a-t-elle ferm\u00e9 la porte qu\u2019elle met un casque sur les oreilles et d\u00e9clenche \u00ab\u00a0\u00e0 fond\u00a0\u00bb une musique du groupe ABBA. Selon elle, les cloches du village, remises en service il y a quelques mois par la mairie apr\u00e8s des travaux d\u2019automatisation, d\u00e9clenchent chez elle des crises de panique. \u00ab Vertige \u00bb, \u00ab tachycardie \u00bb, \u00ab psychose \u00bb\u2026 Tatiana assure m\u00eame avoir fait \u00ab deux malaises \u00bb \u00e0 cause du tintement des cloches. Son mari abonde : \u00ab Je n\u2019ai pas besoin qu\u2019on rythme ma vie [\u2026] [J\u2019ai envie de] mettre deux coups de fusil \u00e0 cette cloche. \u00bb<\/p>\n<p>Ensemble, ils tentent de faire plier le maire. Apr\u00e8s plusieurs plaintes, ils ont lanc\u00e9 une p\u00e9tition et obtenu dix signatures en leur faveur. Mais l&rsquo;\u00e9dile tient bon : il n\u2019\u00e9teindra pas les cloches du village. Film\u00e9 par les cam\u00e9ras de M6, l&rsquo;\u00e9lu local interroge une riveraine de l\u2019\u00e9glise. \u00ab Les cloches, \u00e7a va ? \u00bb lui demande-t-il. \u00ab Impeccable ! \u00bb, r\u00e9torque-t-elle. \u00ab \u00c7a met un son dans un village d\u00e9sert, une musique \u00bb, justifie-t-il, fier de son clocher. L\u2019\u00e9dile se montre toutefois conciliant. Les cloches ne sonnent que de 9 heures \u00e0 19 heures et leurs horaires ont \u00e9t\u00e9 r\u00e9duits en \u00e9t\u00e9. Mais cela ne suffit pas au couple. Tatiana et son mari ont donc engag\u00e9 un avocat en vue d\u2019une conciliation. Le maire, certain de son bon droit, choisit de se d\u00e9fendre seul. \u00c0 la fin de la rencontre, l\u2019\u00e9dile finit malgr\u00e9 tout par accepter de ne plus faire sonner l\u2019angelus du soir en \u00e9change de l\u2019arr\u00eat des poursuites.<\/p>\n<p>Les cloches prot\u00e9g\u00e9es par la loi<\/p>\n<p>L\u2019extrait de Tatiana s\u2019enfermant dans sa maison et mettant la \u00ab\u00a0musique \u00e0 fond\u00a0\u00bb pour ne pas entendre les cloches a \u00e9t\u00e9 vu plusieurs millions de fois sur les r\u00e9seaux sociaux. De nombreux internautes ne manquent pas de d\u00e9noncer l\u2019irrationalit\u00e9 de la r\u00e9action du couple.<\/p>\n<p>Tatiana et son mari ne sont pas les premiers \u00e0 tenter de faire taire les cloches de leur village. L\u2019\u00e9t\u00e9 dernier, l&rsquo;habitante d\u2019un petit village de Savoie avait demand\u00e9 <a href=\"https:\/\/www.bvoltaire.fr\/satire-a-vue-un-village-envoie-paitre-une-residente-derangee-par-les-cloches\/comment-page-4\/\" target=\"_blank\" rel=\"noopener nofollow\">l\u2019arr\u00eat des cloches en soir\u00e9e et la nuit<\/a>. Alors que les cloches de ce village sonnent toutes les heures et demi-heures depuis 155 ans, une p\u00e9tition, r\u00e9unissant 10.000 signatures, s\u2019\u00e9tait alors vivement oppos\u00e9e \u00e0 l\u2019arr\u00eat des cloches. \u00ab Jusqu\u2019\u00e0 ce jour, les cloches de l\u2019\u00e9glise ne d\u00e9rangeaient personne. Quand vous arrivez dans une commune, vous vous adaptez \u00e0 son mode de vie plus que centenaire. C\u2019est aux n\u00e9o-ruraux de s\u2019adapter et non l\u2019inverse\u00a0!\u00a0\u00bb, <a href=\"https:\/\/www.sudouest.fr\/insolite\/une-habitante-ne-veut-plus-que-les-cloches-sonnent-la-nuit-pendant-l-ete-une-petition-recolte-10-000-signatures-contre-25556502.php\" target=\"_blank\" rel=\"noopener nofollow\">s\u2019indignaient les p\u00e9titionnaires<\/a>. En 2022, un vacancier avait, lui aussi, demand\u00e9 \u00e0 la mairie d\u2019Arzon (Morbihan) de faire taire les cloches de l\u2019\u00e9glise pour \u00a0\u00ab profiter tranquillement de cette p\u00e9riode de vacances\u00a0\u00bb. Une demande \u00e0 laquelle l\u2019\u00e9lu local n\u2019avait pas donn\u00e9 suite\u2026<\/p>\n<p>Depuis 2021, les cloches, le chant du coq ainsi que les effluves d\u2019\u00e9table, \u00ab\u00a0patrimoine sensoriel \u00bb de nos campagnes, sont prot\u00e9g\u00e9s par la loi.<\/p>\n<p>                    <a href=\"#\" rel=\"nofollow\" onclick=\"window.print(); pfTrackEvent('Querelle de clochers : \u00ab\u00a0stress\u00e9e\u00a0\u00bb par les cloches, elle met \u00ab\u00a0la musique \u00e0 la fond\u00a0\u00bb'); return false;\" title=\"Printer Friendly, PDF &amp; Email\"><br \/>\n                    <img decoding=\"async\" src=\"https:\/\/www.europesays.com\/fr\/wp-content\/uploads\/2025\/04\/printfriendly-icon-sm.png\" alt=\"Print Friendly, PDF &amp; Email\" class=\"pf-button-img\" style=\"width: 17px;height: 17px;\"\/>Imprimer, enregistrer en PDF cet article<br \/>\n                    <\/a><br \/>\n                <script async src=\"https:\/\/platform.twitter.com\/widgets.js\" charset=\"utf-8\"><\/script><\/p>\n","protected":false},"excerpt":{"rendered":"\u00ab \u00c0 l\u2019angelus, je perds connaissance. \u00bb L\u2019extrait du documentaire de M6 est devenu viral en quelques heures.&hellip;\n","protected":false},"author":2,"featured_media":534921,"comment_status":"","ping_status":"","sticky":false,"template":"","format":"standard","meta":{"footnotes":""},"categories":[1354],"tags":[58,59,1346,1011,27,1360],"class_list":{"0":"post-534920","1":"post","2":"type-post","3":"status-publish","4":"format-standard","5":"has-post-thumbnail","7":"category-films","8":"tag-divertissement","9":"tag-entertainment","10":"tag-films","11":"tag-fr","12":"tag-france","13":"tag-movies"},"share_on_mastodon":{"url":"https:\/\/pubeurope.com\/@fr\/115551111502083253","error":""},"_links":{"self":[{"href":"https:\/\/www.europesays.com\/fr\/wp-json\/wp\/v2\/posts\/534920","targetHints":{"allow":["GET"]}}],"collection":[{"href":"https:\/\/www.europesays.com\/fr\/wp-json\/wp\/v2\/posts"}],"about":[{"href":"https:\/\/www.europesays.com\/fr\/wp-json\/wp\/v2\/types\/post"}],"author":[{"embeddable":true,"href":"https:\/\/www.europesays.com\/fr\/wp-json\/wp\/v2\/users\/2"}],"replies":[{"embeddable":true,"href":"https:\/\/www.europesays.com\/fr\/wp-json\/wp\/v2\/comments?post=534920"}],"version-history":[{"count":0,"href":"https:\/\/www.europesays.com\/fr\/wp-json\/wp\/v2\/posts\/534920\/revisions"}],"wp:featuredmedia":[{"embeddable":true,"href":"https:\/\/www.europesays.com\/fr\/wp-json\/wp\/v2\/media\/534921"}],"wp:attachment":[{"href":"https:\/\/www.europesays.com\/fr\/wp-json\/wp\/v2\/media?parent=534920"}],"wp:term":[{"taxonomy":"category","embeddable":true,"href":"https:\/\/www.europesays.com\/fr\/wp-json\/wp\/v2\/categories?post=534920"},{"taxonomy":"post_tag","embeddable":true,"href":"https:\/\/www.europesays.com\/fr\/wp-json\/wp\/v2\/tags?post=534920"}],"curies":[{"name":"wp","href":"https:\/\/api.w.org\/{rel}","templated":true}]}}