{"id":534932,"date":"2025-11-15T01:32:18","date_gmt":"2025-11-15T01:32:18","guid":{"rendered":"https:\/\/www.europesays.com\/fr\/534932\/"},"modified":"2025-11-15T01:32:18","modified_gmt":"2025-11-15T01:32:18","slug":"pres-dun-million-deuros-damende","status":"publish","type":"post","link":"https:\/\/www.europesays.com\/fr\/534932\/","title":{"rendered":"pr\u00e8s d&rsquo;un million d&rsquo;euros d&rsquo;amende"},"content":{"rendered":"<p>                    Par<br \/>\n        <strong><br \/>\n            <a href=\"https:\/\/actu.fr\/auteur\/eaube\" title=\"Consulter tous les articles de Elo\u00efse Aub\u00e9\" target=\"_blank\" rel=\"noopener\">Elo\u00efse Aub\u00e9<\/a><br \/>\n                    <\/strong><\/p>\n<p>        Publi\u00e9 le<\/p>\n<p>            14 nov. 2025 \u00e0 16h56        <\/p>\n<p>L\u2019amende est (tr\u00e8s) lourde.\u00a0Des trafiquants de d\u00e9chets ill\u00e9gaux vers l\u2019Afrique ont \u00e9t\u00e9 condamn\u00e9s jeudi 13\u00a0novembre 2025 \u00e0 <a href=\"https:\/\/actu.fr\/normandie\/rouen_76540\" target=\"_blank\" rel=\"noopener\">Rouen<\/a> \u00e0 <strong>des peines de prison avec sursis et un total de pr\u00e8s d\u2019un million d\u2019euros d\u2019amende<\/strong>, a-t-on appris vendredi aupr\u00e8s du parquet.<\/p>\n<p>Que s\u2019est-il pass\u00e9\u2009?<\/p>\n<p class=\" wall-content\"><strong>Sept pr\u00e9venus<\/strong> originaires du Mali et du Nigeria, ainsi que deux soci\u00e9t\u00e9s, ont comparu devant le tribunal\u00a0pour l\u2019exportation depuis le <a href=\"https:\/\/actu.fr\/tag\/port-du-havre\" target=\"_blank\" rel=\"noopener\">port du\u00a0Havre<\/a> de marchandises dangereuses pour la sant\u00e9 publique, principalement des <strong>pi\u00e8ces d\u00e9tach\u00e9es automobiles non d\u00e9pollu\u00e9es et des articles \u00e9lectrom\u00e9nagers usag\u00e9s.<\/strong> Au total, 50 tonnes de vieux frigos, moteurs de voitures, motos, batteries, compresseurs, intercept\u00e9s par les douanes sur le port du Havre dans des conteneurs, indiquent nos confr\u00e8res d\u2019<a href=\"https:\/\/www.francebleu.fr\/infos\/faits-divers-justice\/trafic-de-dechets-dangereux-au-havre-peines-de-prison-avec-sursis-et-pres-d-un-million-d-euros-d-amendes-douanieres-8663051\" target=\"_blank\" rel=\"noopener\">Ici<\/a>.<\/p>\n<p class=\" wall-content\">Les formalit\u00e9s en douanes \u00e9taient g\u00e9r\u00e9es par la soci\u00e9t\u00e9 KTF, jug\u00e9e en tant que personne morale, qui d\u00e9clarait frauduleusement ces marchandises comme des \u00ab\u2009effets personnels\u2009\u00bb, correspondant \u00e0 des d\u00e9m\u00e9nagements de personnes physiques \u00e0 l\u2019\u00e9tranger.<\/p>\n<p class=\" wall-content\">De <strong>fausses factures de d\u00e9pollution<\/strong> de moteurs avaient \u00e9galement \u00e9t\u00e9 d\u00e9couvertes durant l\u2019enqu\u00eate. B\u00e9atrice Pavie, vice-procureure a indiqu\u00e9 lors de son r\u00e9quisitoire\u2009:<\/p>\n<blockquote class=\"ac-article-quote wall-content\">\n<p>Nous sommes face \u00e0 un trafic de d\u00e9chets \u00e0 l&rsquo;exportation (&#8230;) L&rsquo;Afrique, dont vous \u00eates originaires, cr\u00e8ve sous les d\u00e9chets.<\/p>\n<p>    <strong>B\u00e9atrice Pavie<\/strong><br \/>\n        vice-procureure     <\/p><\/blockquote>\n<p>941\u2009422\u00a0euros d\u2019amende<\/p>\n<p class=\" wall-content\">Les sept pr\u00e9venus ont \u00e9t\u00e9 <strong>d\u00e9clar\u00e9s coupables<\/strong> et condamn\u00e9s \u00e0 des <strong>peines de prison \u00ab\u2009avec sursis de six \u00e0 douze mois et \u00e0 des amendes de 9.730 \u00e0 261.663 euros\u2009\u00bb<\/strong>, a pr\u00e9cis\u00e9 S\u00e9bastien Gallois, procureur de la R\u00e9publique de Rouen, dans un communiqu\u00e9.<br \/>Deux pr\u00e9venus ont \u00e9t\u00e9 \u00e9galement condamn\u00e9s \u00e0 des interdictions de gestion et d\u2019exercice professionnel. Les deux entreprises \u00e9copent quant \u00e0 elles <strong>d\u2019amendes de 17\u2009500 et 261,66 euros.<\/strong><\/p>\n<p>Vid\u00e9os : en ce moment sur Actu<\/p>\n<p class=\" wall-content\">\u00ab\u2009Le total des amendes prononc\u00e9es s\u2019\u00e9l\u00e8ve \u00e0 941,42\u00a0euros\u2009\u00bb, a ajout\u00e9 le procureur, et une somme de 24\u2009000,00\u00a0euros a \u00e9t\u00e9 saisie.<\/p>\n<p>Votre r\u00e9gion, votre actu !<\/p>\n<p>Recevez chaque jour les infos qui comptent pour vous.<\/p>\n<p>\t<a href=\"https:\/\/actu.fr\/newsletter\" class=\"ac-btn ac-btn--corner ac-btn--medium ac-btn--blue800\" target=\"_blank\" rel=\"noopener\">S&rsquo;incrire<\/a><\/p>\n<p class=\" wall-content\">Avec AFP<\/p>\n<p>Suivez l\u2019actualit\u00e9 du\u00a0Havre sur notre <a href=\"https:\/\/www.whatsapp.com\/channel\/0029VaFqJYE8aKvLBwVrEe0o\" target=\"_blank\" rel=\"noopener\">cha\u00eene WhatsApp<\/a> et sur notre <a href=\"https:\/\/www.tiktok.com\/@76actu.fr?lang=fr\" target=\"_blank\" rel=\"noopener\">compte TikTok<\/a><\/p>\n<p class=\" wall-content\">Personnalisez votre actualit\u00e9 en ajoutant vos villes et m\u00e9dias en favori avec <a href=\"https:\/\/moncompte.actu.fr\" title=\"D\u00e9couvez Mon Actu\" rel=\"nofollow noopener\" data-trk=\"{&quot;cta&quot;:{&quot;action&quot;:&quot;https:\\\/\\\/moncompte.actu.fr&quot;,&quot;category&quot;:&quot;mon compte&quot;,&quot;from&quot;:&quot;article footer&quot;,&quot;name&quot;:&quot;Mon actu&quot;,&quot;type&quot;:&quot;cta&quot;}}\" target=\"_blank\">Mon Actu<\/a>.<\/p>\n<p>                    <script async src=\"\/\/www.tiktok.com\/embed.js\"><\/script><\/p>\n","protected":false},"excerpt":{"rendered":"Par Elo\u00efse Aub\u00e9 Publi\u00e9 le 14 nov. 2025 \u00e0 16h56 L\u2019amende est (tr\u00e8s) lourde.\u00a0Des trafiquants de d\u00e9chets ill\u00e9gaux&hellip;\n","protected":false},"author":2,"featured_media":534933,"comment_status":"","ping_status":"","sticky":false,"template":"","format":"standard","meta":{"footnotes":""},"categories":[5],"tags":[11,118,1011,27,14,813,12,47901,13682,28],"class_list":{"0":"post-534932","1":"post","2":"type-post","3":"status-publish","4":"format-standard","5":"has-post-thumbnail","7":"category-international","8":"tag-actualites","9":"tag-faits-divers","10":"tag-fr","11":"tag-france","12":"tag-international","13":"tag-narcotrafiquants","14":"tag-news","15":"tag-port-du-havre","16":"tag-tribunal-de-rouen","17":"tag-world"},"share_on_mastodon":{"url":"https:\/\/pubeurope.com\/@fr\/115551138223533781","error":""},"_links":{"self":[{"href":"https:\/\/www.europesays.com\/fr\/wp-json\/wp\/v2\/posts\/534932","targetHints":{"allow":["GET"]}}],"collection":[{"href":"https:\/\/www.europesays.com\/fr\/wp-json\/wp\/v2\/posts"}],"about":[{"href":"https:\/\/www.europesays.com\/fr\/wp-json\/wp\/v2\/types\/post"}],"author":[{"embeddable":true,"href":"https:\/\/www.europesays.com\/fr\/wp-json\/wp\/v2\/users\/2"}],"replies":[{"embeddable":true,"href":"https:\/\/www.europesays.com\/fr\/wp-json\/wp\/v2\/comments?post=534932"}],"version-history":[{"count":0,"href":"https:\/\/www.europesays.com\/fr\/wp-json\/wp\/v2\/posts\/534932\/revisions"}],"wp:featuredmedia":[{"embeddable":true,"href":"https:\/\/www.europesays.com\/fr\/wp-json\/wp\/v2\/media\/534933"}],"wp:attachment":[{"href":"https:\/\/www.europesays.com\/fr\/wp-json\/wp\/v2\/media?parent=534932"}],"wp:term":[{"taxonomy":"category","embeddable":true,"href":"https:\/\/www.europesays.com\/fr\/wp-json\/wp\/v2\/categories?post=534932"},{"taxonomy":"post_tag","embeddable":true,"href":"https:\/\/www.europesays.com\/fr\/wp-json\/wp\/v2\/tags?post=534932"}],"curies":[{"name":"wp","href":"https:\/\/api.w.org\/{rel}","templated":true}]}}