{"id":534935,"date":"2025-11-15T01:34:12","date_gmt":"2025-11-15T01:34:12","guid":{"rendered":"https:\/\/www.europesays.com\/fr\/534935\/"},"modified":"2025-11-15T01:34:12","modified_gmt":"2025-11-15T01:34:12","slug":"pedocriminel-americain-cache-en-alsace-on-pense-forcement-aux-enfants-du-village-le-parisien","status":"publish","type":"post","link":"https:\/\/www.europesays.com\/fr\/534935\/","title":{"rendered":"P\u00e9docriminel am\u00e9ricain cach\u00e9 en Alsace : \u00ab On pense forc\u00e9ment aux enfants du village \u00bb &#8211; Le Parisien"},"content":{"rendered":"<ol>\n<li><a href=\"https:\/\/news.google.com\/rss\/articles\/CBMi8wFBVV95cUxPQWZFUXNyNGo4ZWZ2ZWEtMDNTLTd1Y3ZMZTBOX3JOVDRsMXZibllrQVBWVndXblN6dHhqMGdHcGRhQktoaE9pS1FxZkxDTTVUQVBkb3poYy0ydUhsS3prZEF3VlZReU5wRFJFRTRXQWFWSmpIaFlTZ2ZVRG9KQTNIY1ByY3RtOHFfYjZIT3lCS2k0dk5oOXdyb3VRakNSYlpYQmMydlV1WGM0anFsMkUwYVFhRnhxYm5qdnFvRWt4S0lTUmlhWnZOU0tfeHVrY01DWnVRbkh3Mzh2U2M4Qmh1TXFkQk1vQmdSUlRCNTNyaUZyM00?oc=5\" target=\"_blank\" rel=\"nofollow noopener\">P\u00e9docriminel am\u00e9ricain cach\u00e9 en Alsace : \u00ab On pense forc\u00e9ment aux enfants du village \u00bb<\/a>&nbsp;&nbsp;Le Parisien<\/li>\n<li><a href=\"https:\/\/news.google.com\/rss\/articles\/CBMi0gFBVV95cUxQaUhrUVp5azJkR2VwWW1iS2tsVXpQeUhtQVZoRFhXdWNXMzJVWXk4TTlkdTNMVEF2VzJQWHVLUlRGUERnTE5TVWFkWWNNZWROenZxeHpEZ1lYTzkxLXppNmVVYy1UVFp2WUFRSXNwbnh6SU4xVXRUR2p5ZnZaaE5VMHN0MzN5NHplYXlQbjlFZ2t2SW01bF9OeDY0YXZkNmRBZmRENFBkd1lsYmxrcjhZR1k4XzhOdGRFU1dWaFZ6dlNBSTQxRUhZNG80TEluekRxNEE?oc=5\" target=\"_blank\" rel=\"nofollow noopener\">Apr\u00e8s 14 ans de cavale, un des fugitifs les plus recherch\u00e9s d\u2019Arizona captur\u00e9 en France<\/a>&nbsp;&nbsp;Sud Ouest<\/li>\n<li><a href=\"https:\/\/news.google.com\/rss\/articles\/CBMiwwFBVV95cUxOcW53TzBFSVc4UkdpdWhveFNfb2Vxclh0eVhhSTFHZ25wSG1nOVo5RGt4UDlQdjZJd3dCMWNDTm5tZU5VeGEtd282OVdEREFmVUt0UDc0NFFnTVJ0bkY4N2F2REYzZ3lKYWJPV1N3Z09ybkZnSHdIRW91NTR3aGJkZTBoSmU5X3pzVmtqRTZ4WWtITS1JMmtmV0hQb0FQTUNpY1N2d0RjaGxKSExKc2pIbGFkdTFpVFFyeTdwNVFJVFg3cDg?oc=5\" target=\"_blank\" rel=\"nofollow noopener\">Recherch\u00e9 par le FBI, un Am\u00e9ricain arr\u00eat\u00e9 en Alsace pour le viol d&rsquo;un mineur<\/a>&nbsp;&nbsp;Actualit\u00e9s \u2013 Orange<\/li>\n<li><a href=\"https:\/\/news.google.com\/rss\/articles\/CBMi4AFBVV95cUxPRVNFbndPSVhDdUlMdnFSRjZJMTFTSUI3TGtWM2pQSWJMZ0hMTXdPZ2I4cXpLLWttTmFTQVhWc2JWcjIzYVVTT1k4QUMyMDYzNHlYUlVycThJQi1kd3cta0ZhRlBOMno2X2hKbTQ5TGUtU2lpZmRTZzJJbkNYODVJQjRFWXhac1JmR0JtNkhTd2JvOW5GOTZQd3BaQkM3Q1o0b01ibURVZlFCaUZYNTBocTJzbXFhM0RFSDd2b2tyNm1BTE5xbkI0bWIxZmtjVGpvVU9FUHJPMl9iVjNlZmJXcw?oc=5\" target=\"_blank\" rel=\"nofollow noopener\">P\u00e9docriminalit\u00e9 : un fugitif am\u00e9ricain recherch\u00e9 depuis plus de treize ans retrouv\u00e9 \u00e0 Kilstett en Alsace<\/a>&nbsp;&nbsp;francebleu.fr<\/li>\n<li><a href=\"https:\/\/news.google.com\/rss\/articles\/CBMiowFBVV95cUxPeWxYVzFPMl9zX1lSTG1KSnlfRjM2aFlxRGc5ZHZ0cnhKbVQ2cllBSGkzZlJOYl9rTVM1OEM5VjI1NlNCWHRUb1FjNlhuNXdYdE5yaDVYbEZfUUhERGZESEo3elBrNTcyWTN1V3NyYlZIYnh6czdPVWtlMmVKdVZaUXp5eW5ObzNITTFDclRYSWFvS25LYUZSdDJWZVFyWjBWN0pB?oc=5\" target=\"_blank\" rel=\"nofollow noopener\">Alsace. Un p\u00e9docriminel am\u00e9ricain en cavale depuis dix-sept ans arr\u00eat\u00e9 \u00e0 Kilstett<\/a>&nbsp;&nbsp;DNA &#8211; Les Derni\u00e8res Nouvelles d&rsquo;Alsace<\/li>\n<\/ol>\n","protected":false},"excerpt":{"rendered":"P\u00e9docriminel am\u00e9ricain cach\u00e9 en Alsace : \u00ab On pense forc\u00e9ment aux enfants du village \u00bb&nbsp;&nbsp;Le Parisien Apr\u00e8s 14&hellip;\n","protected":false},"author":2,"featured_media":534936,"comment_status":"","ping_status":"","sticky":false,"template":"","format":"standard","meta":{"footnotes":""},"categories":[2],"tags":[11,459,118,1011,27,12],"class_list":{"0":"post-534935","1":"post","2":"type-post","3":"status-publish","4":"format-standard","5":"has-post-thumbnail","7":"category-actualites","8":"tag-actualites","9":"tag-departements-horsidfo","10":"tag-faits-divers","11":"tag-fr","12":"tag-france","13":"tag-news"},"share_on_mastodon":{"url":"https:\/\/pubeurope.com\/@fr\/115551146020248596","error":""},"_links":{"self":[{"href":"https:\/\/www.europesays.com\/fr\/wp-json\/wp\/v2\/posts\/534935","targetHints":{"allow":["GET"]}}],"collection":[{"href":"https:\/\/www.europesays.com\/fr\/wp-json\/wp\/v2\/posts"}],"about":[{"href":"https:\/\/www.europesays.com\/fr\/wp-json\/wp\/v2\/types\/post"}],"author":[{"embeddable":true,"href":"https:\/\/www.europesays.com\/fr\/wp-json\/wp\/v2\/users\/2"}],"replies":[{"embeddable":true,"href":"https:\/\/www.europesays.com\/fr\/wp-json\/wp\/v2\/comments?post=534935"}],"version-history":[{"count":0,"href":"https:\/\/www.europesays.com\/fr\/wp-json\/wp\/v2\/posts\/534935\/revisions"}],"wp:featuredmedia":[{"embeddable":true,"href":"https:\/\/www.europesays.com\/fr\/wp-json\/wp\/v2\/media\/534936"}],"wp:attachment":[{"href":"https:\/\/www.europesays.com\/fr\/wp-json\/wp\/v2\/media?parent=534935"}],"wp:term":[{"taxonomy":"category","embeddable":true,"href":"https:\/\/www.europesays.com\/fr\/wp-json\/wp\/v2\/categories?post=534935"},{"taxonomy":"post_tag","embeddable":true,"href":"https:\/\/www.europesays.com\/fr\/wp-json\/wp\/v2\/tags?post=534935"}],"curies":[{"name":"wp","href":"https:\/\/api.w.org\/{rel}","templated":true}]}}