{"id":534941,"date":"2025-11-15T01:40:45","date_gmt":"2025-11-15T01:40:45","guid":{"rendered":"https:\/\/www.europesays.com\/fr\/534941\/"},"modified":"2025-11-15T01:40:45","modified_gmt":"2025-11-15T01:40:45","slug":"football-on-a-peut-etre-trop-pense-a-la-fete-et-on-a-pris-12-0-une-lecon-a-retenir-pour-tomblaine-avant-de-se-frotter-a-las-nancy-lorraine","status":"publish","type":"post","link":"https:\/\/www.europesays.com\/fr\/534941\/","title":{"rendered":"Football \u00ab\u00a0On a peut-\u00eatre trop pens\u00e9 \u00e0 la f\u00eate et on a pris 12-0\u00a0\u00bb\u2026 Une le\u00e7on \u00e0 retenir pour Tomblaine avant de se frotter \u00e0 l\u2019AS Nancy Lorraine"},"content":{"rendered":"<p><strong><a href=\"https:\/\/www.estrepublicain.fr\/d\/coupe-de-france-tout-savoir-sur-le-derby-gsa-tomblaine-asnl-e8eb2159-1b5b-44c1-86f9-7e1bd5e6b001\" target=\"_blank\" rel=\"noopener\">Ce Tomblaine-ASNL<\/a> , dimanche au 7e tour de la Coupe de France, \u00e7a doit vous rappeler des souvenirs\u2026 Que reste-t-il de votre 6e tour \u00e0 Picot avec Dieulouard MB\u00a0?<\/strong><\/p>\n<p>Depuis le tirage au sort de ce Tomblaine-ASNL, c\u2019est vrai que je repense encore un peu plus \u00e0 ce qu\u2019on a v\u00e9cu, la saison derni\u00e8re, avec Dieulouard. J\u2019ai quitt\u00e9 le club depuis, pour rejoindre le projet de Nancy FC (ex-Pichon), mais j\u2019ai gard\u00e9 le contact avec beaucoup de monde \u00e0 Dieulouard. Mon ancien pr\u00e9sident, c\u2019est un ami. Avec les joueurs, aussi, j\u2019ai gard\u00e9 d\u2019excellentes relations. C\u2019est une aventure qui nous a li\u00e9s pour toute la vie, je pense. Dans quelques ann\u00e9es, on fera des petites bouffes ensemble pour refaire ce match contre l\u2019ASNL\u00a0!<\/p>\n<p><strong>Un an plus tard, c\u2019est au tour des Tomblainois de vivre ce moment fantastique pour des footballeurs amateurs\u2026<\/strong><\/p>\n<p>Le clin d\u2019\u0153il de l\u2019histoire, me concernant, c\u2019est que j\u2019ai failli devenir coach de Tomblaine \u00e0 l\u2019intersaison. Cela ne s\u2019est finalement pas fait et je suis tr\u00e8s content d\u2019avoir sign\u00e9 \u00e0 Nancy FC, promu en D1 de District. On est dans le haut du classement, on reste invaincu en championnat (5 victoires, 3 nuls). Cette \u00e9pop\u00e9e de Tomblaine, en tout cas, elle me fait \u00e9norm\u00e9ment plaisir. Un grand bravo aux Tomblainois et \u00e0 <a href=\"https:\/\/www.estrepublicain.fr\/sport\/2025\/11\/12\/tomblaine-as-nancy-lorraine-(j-4)-le-drole-de-dilemme-du-coach-greg-gonzalez\" target=\"_blank\" rel=\"noopener\">leur entra\u00eeneur Greg Gonzalez<\/a> que j\u2019ai d\u00e9j\u00e0 f\u00e9licit\u00e9, d\u2019ailleurs.<\/p>\n<p><strong>Avec votre exp\u00e9rience d\u2019un tour de Coupe de France \u00e0 Picot face aux pros de l\u2019ASNL, quels conseils pouvez-vous donner \u00e0 Tomblaine\u00a0?<\/strong><\/p>\n<p>Vu le score, je ne suis pas s\u00fbr d\u2019avoir les bons conseils pour cr\u00e9er la surprise (amus\u00e9). Avec un peu de recul, on a peut-\u00eatre trop pens\u00e9 \u00e0 la f\u00eate et <a href=\"https:\/\/www.estrepublicain.fr\/sport\/2024\/10\/27\/as-nancy-lorraine-dieulouard-12-0-et-merci-pour-tout\" target=\"_blank\" rel=\"noopener\">on a pris 12-0<\/a> \u2026 On s\u2019est trop focalis\u00e9 sur le c\u00f4t\u00e9 festif. Je voulais que tout le monde participe \u00e0 la f\u00eate, j\u2019ai m\u00eame fait entrer mon second gardien en jeu. Je pense que l\u2019inversion de la rencontre a pes\u00e9 dans notre mani\u00e8re d\u2019aborder les choses. Si \u00e7a s\u2019\u00e9tait disput\u00e9 sur notre terrain \u00e0 Dieulouard, on aurait peut-\u00eatre un peu plus cru \u00e0 un improbable exploit.<\/p>\n<p>  \u00ab\u00a0Une tactique un peu folle\u00a0\u00bb<\/p>\n<p><strong>Tactiquement, comment aviez-vous n\u00e9goci\u00e9 ce 6e tour contre l\u2019ASNL\u00a0?<\/strong><\/p>\n<p>J\u2019avais demand\u00e9 aux gars de jouer comme d\u2019habitude, comme en R\u00e9gional 3. Je n\u2019avais pas voulu mettre en place un bloc trop bas. Pour l\u2019anecdote, c\u2019est quelque chose qui a m\u00eame surpris les pros de l\u2019ASNL. Sur le terrain, ils l\u2019ont dit \u00e0 certains de mes joueurs. C\u2019\u00e9tait une tactique un peu folle, suicidaire peut-\u00eatre, mais on a eu le courage de le faire, au moins. Avec un bloc tr\u00e8s bas, on aurait peut-\u00eatre pris 6-0, au lieu de 12-0, mais \u00e7a n\u2019aurait pas chang\u00e9 grand-chose au final.<\/p>\n<p><strong>\u00c0 combien estimez-vous les chances d\u2019un exploit, dimanche, pour les Tomblainois\u00a0?<\/strong><\/p>\n<p>Disons 5\u00a0%. Il y a une grande diff\u00e9rence de niveau, il faut en avoir conscience. M\u00eame mes joueurs les plus rapides de la saison derni\u00e8re, avec Dieulouard, ont \u00e9t\u00e9 tr\u00e8s impressionn\u00e9s par la vitesse du joueur le moins rapide de l\u2019ASNL\u2026 On ne s\u2019en rend pas forc\u00e9ment compte depuis la tribune, mais \u00e7a va \u00e0 2000 \u00e0 l\u2019heure. Selon moi, Tomblaine a quand m\u00eame un profil plus adapt\u00e9 pour r\u00e9sister et pour poser quelques probl\u00e8mes \u00e0 l\u2019ASNL. <a href=\"https:\/\/www.estrepublicain.fr\/sport\/2025\/11\/13\/tomblaine-as-nancy-lorraine-(j-3)-c-est-l-apotheose-pour-nous-se-rejouit-morad-sehili-le-doyen-du-gsat\" target=\"_blank\" rel=\"noopener\">Notamment au niveau de l\u2019exp\u00e9rience<\/a>. Quelques Tomblainois, dans leur carri\u00e8re, ont jou\u00e9 \u00e0 un niveau un peu sup\u00e9rieur. \u00c7a peut les aider dans la gestion des \u00e9motions. L\u2019autre param\u00e8tre \u00e0 prendre en compte, c\u2019est la spirale de l\u2019ASNL. La saison derni\u00e8re en National, l\u2019ASNL \u00e9tait en pleine bourre, en t\u00eate du classement. Actuellement, c\u2019est diff\u00e9rent. Les Nanc\u00e9iens traversent une p\u00e9riode difficile en Ligue 2, ce qui peut amener, chez eux, un certain manque de confiance. Si Tomblaine commen\u00e7ait bien le match, \u00e7a pourrait faire douter l\u2019ASNL.<\/p>\n","protected":false},"excerpt":{"rendered":"Ce Tomblaine-ASNL , dimanche au 7e tour de la Coupe de France, \u00e7a doit vous rappeler des souvenirs\u2026&hellip;\n","protected":false},"author":2,"featured_media":534942,"comment_status":"","ping_status":"","sticky":false,"template":"","format":"standard","meta":{"footnotes":""},"categories":[9635],"tags":[1111,11,3703,15922,1704,1777,674,107,1701,63,1011,27,775,1702,1703,12,25,517,1700,11703],"class_list":{"0":"post-534941","1":"post","2":"type-post","3":"status-publish","4":"format-standard","5":"has-post-thumbnail","7":"category-nancy","8":"tag-actu","9":"tag-actualites","10":"tag-asnl","11":"tag-coupe-de-france-de-football","12":"tag-edition-nancy-et-agglomeration","13":"tag-eu","14":"tag-europe","15":"tag-fil-info","16":"tag-fil-info-sport","17":"tag-football","18":"tag-fr","19":"tag-france","20":"tag-grand-est","21":"tag-nancy","22":"tag-nancy-ville-54b","23":"tag-news","24":"tag-republique-francaise","25":"tag-sport","26":"tag-sport-lorrain","27":"tag-tomblaine"},"share_on_mastodon":{"url":"https:\/\/pubeurope.com\/@fr\/115551169613028524","error":""},"_links":{"self":[{"href":"https:\/\/www.europesays.com\/fr\/wp-json\/wp\/v2\/posts\/534941","targetHints":{"allow":["GET"]}}],"collection":[{"href":"https:\/\/www.europesays.com\/fr\/wp-json\/wp\/v2\/posts"}],"about":[{"href":"https:\/\/www.europesays.com\/fr\/wp-json\/wp\/v2\/types\/post"}],"author":[{"embeddable":true,"href":"https:\/\/www.europesays.com\/fr\/wp-json\/wp\/v2\/users\/2"}],"replies":[{"embeddable":true,"href":"https:\/\/www.europesays.com\/fr\/wp-json\/wp\/v2\/comments?post=534941"}],"version-history":[{"count":0,"href":"https:\/\/www.europesays.com\/fr\/wp-json\/wp\/v2\/posts\/534941\/revisions"}],"wp:featuredmedia":[{"embeddable":true,"href":"https:\/\/www.europesays.com\/fr\/wp-json\/wp\/v2\/media\/534942"}],"wp:attachment":[{"href":"https:\/\/www.europesays.com\/fr\/wp-json\/wp\/v2\/media?parent=534941"}],"wp:term":[{"taxonomy":"category","embeddable":true,"href":"https:\/\/www.europesays.com\/fr\/wp-json\/wp\/v2\/categories?post=534941"},{"taxonomy":"post_tag","embeddable":true,"href":"https:\/\/www.europesays.com\/fr\/wp-json\/wp\/v2\/tags?post=534941"}],"curies":[{"name":"wp","href":"https:\/\/api.w.org\/{rel}","templated":true}]}}