{"id":534949,"date":"2025-11-15T01:47:34","date_gmt":"2025-11-15T01:47:34","guid":{"rendered":"https:\/\/www.europesays.com\/fr\/534949\/"},"modified":"2025-11-15T01:47:34","modified_gmt":"2025-11-15T01:47:34","slug":"serieux-le-fc-rouen-simpose-face-a-creteil","status":"publish","type":"post","link":"https:\/\/www.europesays.com\/fr\/534949\/","title":{"rendered":"s\u00e9rieux, le FC Rouen s\u2019impose face \u00e0 Cr\u00e9teil"},"content":{"rendered":"<p>\u00c9limin\u00e9s d\u00e8s le sixi\u00e8me tour de la Coupe de France, le FC Rouen (N1) et l\u2019US Cr\u00e9teil-Lusitanos (N2) ne souhaitaient pas perdre le rythme ce week-end. Et pour cause, les formations de leurs divisions sont sur le pont \u00e0 l\u2019occasion du septi\u00e8me tour de la 109e \u00e9dition de la plus vieille des comp\u00e9titions hexagonales. De ce fait, les B\u00e9liers ont invit\u00e9 les Diables Rouges \u00e0 venir les affronter sur la pelouse du stade Dominique Duvauchelle.<\/p>\n<p>Rouen s\u2019impose<\/p>\n<p>Et la logique a \u00e9t\u00e9 respect\u00e9e chez le pensionnaire de National 2. Cr\u00e9teil s\u2019est effectivement inclin\u00e9 sur le score de deux buts \u00e0 un. Charles Abi s\u2019est offert un doubl\u00e9 (6e, 35e) tandis que l\u2019USCL a r\u00e9duit l\u2019\u00e9cart juste avant la mi-temps. Le score ne bougera plus. Le FC Rouen s\u2019impose donc, \u00e0 sept jours de la r\u00e9ception de l\u2019US Concarneau dans le cadre de la quatorzi\u00e8me journ\u00e9e de National. De son c\u00f4t\u00e9, le club francilien tentera de se relancer samedi 22 novembre sur la pelouse de Hy\u00e8res, \u00e0 l\u2019occasion de la onzi\u00e8me journ\u00e9e de National 2.\u00a0<\/p>\n<p>Partagez cette info avec vos amis et vos proches en cliquant ici<br \/>Pour r\u00e9sumer<\/p>\n<p>\u00c9limin\u00e9s d\u00e8s le sixi\u00e8me tour de la Coupe de France, le FC Rouen (N1) et l\u2019US Cr\u00e9teil-Lusitanos (N2) ne souhaitaient pas perdre le rythme ce week-end. Et pour cause, les formations de leurs divisions sont sur le pont \u00e0 l\u2019occasion du septi\u00e8me tour de la 109e \u00e9dition de la plus vieille des comp\u00e9titions hexagonales.<\/p>\n<p> <img decoding=\"async\" width=\"76\" height=\"76\" loading=\"lazy\" src=\"https:\/\/static.wui.fr\/images_v3\/avatar-footnational.png\" alt=\"Youcef Ghalaza-Boudra\"\/><\/p>\n","protected":false},"excerpt":{"rendered":"\u00c9limin\u00e9s d\u00e8s le sixi\u00e8me tour de la Coupe de France, le FC Rouen (N1) et l\u2019US Cr\u00e9teil-Lusitanos (N2)&hellip;\n","protected":false},"author":2,"featured_media":534950,"comment_status":"","ping_status":"","sticky":false,"template":"","format":"standard","meta":{"footnotes":""},"categories":[9587],"tags":[1111,11,1777,674,1011,27,59645,59520,12,5161,25,9590],"class_list":{"0":"post-534949","1":"post","2":"type-post","3":"status-publish","4":"format-standard","5":"has-post-thumbnail","7":"category-rouen","8":"tag-actu","9":"tag-actualites","10":"tag-eu","11":"tag-europe","12":"tag-fr","13":"tag-france","14":"tag-national-actus","15":"tag-national-2-actus","16":"tag-news","17":"tag-normandie","18":"tag-republique-francaise","19":"tag-rouen"},"share_on_mastodon":{"url":"https:\/\/pubeurope.com\/@fr\/115551198038104497","error":""},"_links":{"self":[{"href":"https:\/\/www.europesays.com\/fr\/wp-json\/wp\/v2\/posts\/534949","targetHints":{"allow":["GET"]}}],"collection":[{"href":"https:\/\/www.europesays.com\/fr\/wp-json\/wp\/v2\/posts"}],"about":[{"href":"https:\/\/www.europesays.com\/fr\/wp-json\/wp\/v2\/types\/post"}],"author":[{"embeddable":true,"href":"https:\/\/www.europesays.com\/fr\/wp-json\/wp\/v2\/users\/2"}],"replies":[{"embeddable":true,"href":"https:\/\/www.europesays.com\/fr\/wp-json\/wp\/v2\/comments?post=534949"}],"version-history":[{"count":0,"href":"https:\/\/www.europesays.com\/fr\/wp-json\/wp\/v2\/posts\/534949\/revisions"}],"wp:featuredmedia":[{"embeddable":true,"href":"https:\/\/www.europesays.com\/fr\/wp-json\/wp\/v2\/media\/534950"}],"wp:attachment":[{"href":"https:\/\/www.europesays.com\/fr\/wp-json\/wp\/v2\/media?parent=534949"}],"wp:term":[{"taxonomy":"category","embeddable":true,"href":"https:\/\/www.europesays.com\/fr\/wp-json\/wp\/v2\/categories?post=534949"},{"taxonomy":"post_tag","embeddable":true,"href":"https:\/\/www.europesays.com\/fr\/wp-json\/wp\/v2\/tags?post=534949"}],"curies":[{"name":"wp","href":"https:\/\/api.w.org\/{rel}","templated":true}]}}