{"id":534953,"date":"2025-11-15T01:49:17","date_gmt":"2025-11-15T01:49:17","guid":{"rendered":"https:\/\/www.europesays.com\/fr\/534953\/"},"modified":"2025-11-15T01:49:17","modified_gmt":"2025-11-15T01:49:17","slug":"coupe-de-france-annecy-et-grenoble-passent-sans-trembler-au-7e-tour","status":"publish","type":"post","link":"https:\/\/www.europesays.com\/fr\/534953\/","title":{"rendered":"Coupe de France : Annecy et Grenoble passent sans trembler au 7e tour"},"content":{"rendered":"<p><img decoding=\"async\" src=\"https:\/\/www.europesays.com\/fr\/wp-content\/uploads\/2025\/09\/671_bf8b52ad967991f4a124242c2300938b.jpg\" alt=\"Coupe de France : Annecy et Grenoble passent sans trembler au 7e tour\" class=\"img-responsive mt-3\"\/><\/p>\n<p class=\"text-center mb-3\" style=\"font-size: 14px\">\u00a9 Iconsport<\/p>\n<p>      <strong>Grenoble et Annecy poursuivent leur parcours en Coupe de France<\/strong><\/p>\n<p style=\"text-align: justify;\">Les deux \u00e9quipes rejoignent le 8e tour sans encombre et poursuivent leur aventure dans la comp\u00e9tition.<\/p>\n<p>En ouverture du 7e tour de Coupe de France ce vendredi soir, le GF38 (L2) a battu l&rsquo;Olympique Villefontaine (R2) 3 \u00e0 0, alors que l&rsquo;AS Cannes (N2) a \u00e9t\u00e9 \u00e9limin\u00e9 par le FC Annecy (1-2).<\/p>\n<p style=\"text-align: justify;\">La suite du 7e tour se joue ce week-end partout en France.<\/p>\n<p>\u00a0<\/p>\n<p>\u00c0 lire &gt;&gt; <strong><a href=\"https:\/\/www.webgirondins.com\/actualite-girondins-girondins-steve-shamal-absent-almamy-toure-poursuit-l-entrainement-avec-bordeaux-131121\" target=\"_blank\" rel=\"noopener\">Steve Shamal absent, Almamy Tour\u00e9 poursuit l\u2019entra\u00eenement avec Bordeaux<\/a><\/strong><\/p>\n<p>Notre podcast court sur l&rsquo;actualit\u00e9 des Girondins :<\/p>\n<p>\u00a0<\/p>\n","protected":false},"excerpt":{"rendered":"\u00a9 Iconsport Grenoble et Annecy poursuivent leur parcours en Coupe de France Les deux \u00e9quipes rejoignent le 8e&hellip;\n","protected":false},"author":2,"featured_media":403202,"comment_status":"","ping_status":"","sticky":false,"template":"","format":"standard","meta":{"footnotes":""},"categories":[9566],"tags":[1111,11,3853,2430,4930,615,65441,1777,674,1011,27,2731,3289,3022,12,31483,58100,25,4561,3467,10124,3584,65440,6949],"class_list":{"0":"post-534953","1":"post","2":"type-post","3":"status-publish","4":"format-standard","5":"has-post-thumbnail","7":"category-grenoble","8":"tag-actu","9":"tag-actualites","10":"tag-annecy","11":"tag-auvergne-rhone-alpes","12":"tag-clubs","13":"tag-coupe","14":"tag-debutait","15":"tag-eu","16":"tag-europe","17":"tag-fr","18":"tag-france","19":"tag-grenoble","20":"tag-leur","21":"tag-ligue","22":"tag-news","23":"tag-passent","24":"tag-rang","25":"tag-republique-francaise","26":"tag-sans","27":"tag-soir","28":"tag-tenu","29":"tag-tour","30":"tag-trembler","31":"tag-vendredi"},"share_on_mastodon":{"url":"https:\/\/pubeurope.com\/@fr\/115551205848277620","error":""},"_links":{"self":[{"href":"https:\/\/www.europesays.com\/fr\/wp-json\/wp\/v2\/posts\/534953","targetHints":{"allow":["GET"]}}],"collection":[{"href":"https:\/\/www.europesays.com\/fr\/wp-json\/wp\/v2\/posts"}],"about":[{"href":"https:\/\/www.europesays.com\/fr\/wp-json\/wp\/v2\/types\/post"}],"author":[{"embeddable":true,"href":"https:\/\/www.europesays.com\/fr\/wp-json\/wp\/v2\/users\/2"}],"replies":[{"embeddable":true,"href":"https:\/\/www.europesays.com\/fr\/wp-json\/wp\/v2\/comments?post=534953"}],"version-history":[{"count":0,"href":"https:\/\/www.europesays.com\/fr\/wp-json\/wp\/v2\/posts\/534953\/revisions"}],"wp:featuredmedia":[{"embeddable":true,"href":"https:\/\/www.europesays.com\/fr\/wp-json\/wp\/v2\/media\/403202"}],"wp:attachment":[{"href":"https:\/\/www.europesays.com\/fr\/wp-json\/wp\/v2\/media?parent=534953"}],"wp:term":[{"taxonomy":"category","embeddable":true,"href":"https:\/\/www.europesays.com\/fr\/wp-json\/wp\/v2\/categories?post=534953"},{"taxonomy":"post_tag","embeddable":true,"href":"https:\/\/www.europesays.com\/fr\/wp-json\/wp\/v2\/tags?post=534953"}],"curies":[{"name":"wp","href":"https:\/\/api.w.org\/{rel}","templated":true}]}}