{"id":534954,"date":"2025-11-15T01:50:16","date_gmt":"2025-11-15T01:50:16","guid":{"rendered":"https:\/\/www.europesays.com\/fr\/534954\/"},"modified":"2025-11-15T01:50:16","modified_gmt":"2025-11-15T01:50:16","slug":"lecriture-a-toujours-ete-presente-dans-ma-vie-laure-le-pimpec-publie-son-premier","status":"publish","type":"post","link":"https:\/\/www.europesays.com\/fr\/534954\/","title":{"rendered":"\u00ab\u00a0L\u2019\u00e9criture a toujours \u00e9t\u00e9 pr\u00e9sente dans ma vie\u00a0\u00bb, Laure Le Pimpec publie son premier"},"content":{"rendered":"<p>Formatrice r\u00e9f\u00e9rente sur des dispositifs de remobilisation scolaire pour enfants, <strong>\u00ab\u00a0je monte \u00e9galement des projets p\u00e9dagogiques aupr\u00e8s des coll\u00e9giens pour apprendre autrement\u00a0\u00bb<\/strong>, indique Laure Le Pimpec. <strong>\u00ab\u00a0L\u2019\u00e9criture a toujours \u00e9t\u00e9 pr\u00e9sente dans ma vie\u00a0\u00bb,<\/strong> explique-t-elle. Aujourd\u2019hui, elle publie son premier roman contemporain, L\u2019incroyable don de Vic Fezansac, paru aux Lys bleu \u00e9ditions. L\u2019autrice c\u00e9l\u00e8bre les liens invisibles entre les \u00eatres et les temps, en associant la m\u00e9moire \u00e0 l\u2019imaginaire. Inspir\u00e9e par une ancienne photo de famille, elle cr\u00e9e le personnage de Victorine Fezansac, qui incarne cette qu\u00eate entre r\u00e9el et fiction. <\/p>\n<p>L\u2019histoire\u00a0: \u00c0 13\u00a0ans, Victorine Fezansac voit sa vie boulevers\u00e9e par la mort myst\u00e9rieuse de son p\u00e8re et la d\u00e9couverte d\u2019un don \u00e9trange. Elle entame alors une initiation insolite avec son grand-p\u00e8re. <br \/>Vic d\u00e9veloppe ses capacit\u00e9s, tout en per\u00e7ant les secrets de famille au sein de l\u2019entreprise botanique florissante aux activit\u00e9s inhabituelles. Tandis qu\u2019une s\u00e9cheresse menace l\u2019exploitation, la jeune fille explore un h\u00e9ritage complexe, li\u00e9 \u00e0 une machine r\u00e9volutionnaire capable de contrer la crise climatique. Elle d\u00e9livre ses pouvoirs entre la Bretagne et l\u2019Angleterre, accompagn\u00e9e de Peter. Son enqu\u00eate, v\u00e9ritable voyage initiatique, l\u2019engage dans une qu\u00eate de v\u00e9rit\u00e9 et de r\u00e9silience.<\/p>\n<p>\u00a0<\/p>\n<p>\u00a0Le roman fait la part belle \u00e0 l\u2019\u00e9lan cr\u00e9atif et inventif en tout genre qui pourrait accompagner une adaptation au changement climatique. Teint\u00e9e de fantastique, l\u2019histoire nous embarque dans une aventure entre la Bretagne et l\u2019Angleterre des ann\u00e9es 1970\u00a0, conclut Laure Le Pimpec.<\/p>\n<p>\u00a0<\/p>\n<p>Trois rencontres d\u00e9dicaces sont programm\u00e9es\u00a0: samedi 15\u00a0novembre, \u00e0 la Maison Marbeuf, au 21, boulevard Marbeuf, \u00e0 Rennes\u00a0; samedi 29\u00a0novembre \u00e0 l\u2019espace culturel, Leclerc Cleunay, et samedi\u00a013\u00a0d\u00e9cembre, e au march\u00e9 de No\u00ebl d\u2019Acign\u00e9.<\/p>\n<p>\u00a0<\/p>\n","protected":false},"excerpt":{"rendered":"Formatrice r\u00e9f\u00e9rente sur des dispositifs de remobilisation scolaire pour enfants, \u00ab\u00a0je monte \u00e9galement des projets p\u00e9dagogiques aupr\u00e8s des&hellip;\n","protected":false},"author":2,"featured_media":534955,"comment_status":"","ping_status":"","sticky":false,"template":"","format":"standard","meta":{"footnotes":""},"categories":[2821],"tags":[1111,11,829,9476,2883,1777,674,1011,27,65442,12,65443,3285,11755,584,25,2004,1810,4717],"class_list":{"0":"post-534954","1":"post","2":"type-post","3":"status-publish","4":"format-standard","5":"has-post-thumbnail","7":"category-rennes","8":"tag-actu","9":"tag-actualites","10":"tag-bretagne","11":"tag-ecriture","12":"tag-ete","13":"tag-eu","14":"tag-europe","15":"tag-fr","16":"tag-france","17":"tag-laure","18":"tag-news","19":"tag-pimpec","20":"tag-presente","21":"tag-publie","22":"tag-rennes","23":"tag-republique-francaise","24":"tag-roman","25":"tag-toujours","26":"tag-vie"},"share_on_mastodon":{"url":"https:\/\/pubeurope.com\/@fr\/115551208994192257","error":""},"_links":{"self":[{"href":"https:\/\/www.europesays.com\/fr\/wp-json\/wp\/v2\/posts\/534954","targetHints":{"allow":["GET"]}}],"collection":[{"href":"https:\/\/www.europesays.com\/fr\/wp-json\/wp\/v2\/posts"}],"about":[{"href":"https:\/\/www.europesays.com\/fr\/wp-json\/wp\/v2\/types\/post"}],"author":[{"embeddable":true,"href":"https:\/\/www.europesays.com\/fr\/wp-json\/wp\/v2\/users\/2"}],"replies":[{"embeddable":true,"href":"https:\/\/www.europesays.com\/fr\/wp-json\/wp\/v2\/comments?post=534954"}],"version-history":[{"count":0,"href":"https:\/\/www.europesays.com\/fr\/wp-json\/wp\/v2\/posts\/534954\/revisions"}],"wp:featuredmedia":[{"embeddable":true,"href":"https:\/\/www.europesays.com\/fr\/wp-json\/wp\/v2\/media\/534955"}],"wp:attachment":[{"href":"https:\/\/www.europesays.com\/fr\/wp-json\/wp\/v2\/media?parent=534954"}],"wp:term":[{"taxonomy":"category","embeddable":true,"href":"https:\/\/www.europesays.com\/fr\/wp-json\/wp\/v2\/categories?post=534954"},{"taxonomy":"post_tag","embeddable":true,"href":"https:\/\/www.europesays.com\/fr\/wp-json\/wp\/v2\/tags?post=534954"}],"curies":[{"name":"wp","href":"https:\/\/api.w.org\/{rel}","templated":true}]}}