{"id":534958,"date":"2025-11-15T01:52:14","date_gmt":"2025-11-15T01:52:14","guid":{"rendered":"https:\/\/www.europesays.com\/fr\/534958\/"},"modified":"2025-11-15T01:52:14","modified_gmt":"2025-11-15T01:52:14","slug":"les-commerces-autorises-a-ouvrir-quatre-a-cinq-dimanches-jusqua-noel","status":"publish","type":"post","link":"https:\/\/www.europesays.com\/fr\/534958\/","title":{"rendered":"les commerces autoris\u00e9s \u00e0 ouvrir quatre \u00e0 cinq dimanches jusqu\u2019\u00e0 No\u00ebl"},"content":{"rendered":"<p>C\u2019est devenu un classique durant l\u2019avent : les pr\u00e9fectures du Haut-Rhin, du Bas-Rhin et de la Moselle prennent des arr\u00eat\u00e9s autorisant l\u2019ouverture des magasins les dimanches. Et, pour la premi\u00e8re fois, <a href=\"https:\/\/www.republicain-lorrain.fr\/societe\/2025\/11\/13\/une-premiere-a-metz-le-prefet-autorise-les-commerces-a-ouvrir-cinq-dimanches-avant-noel\" target=\"_blank\" rel=\"noopener\">les commerces messins auront le droit d\u2019accueillir leur client\u00e8le cinq dimanches<\/a> (23 et 30\u00a0novembre, 7, 14 et 21\u00a0d\u00e9cembre) au lieu de quatre habituellement. L\u2019arr\u00eat\u00e9 pr\u00e9fectoral invoque \u00ab\u00a0une mesure exceptionnelle qui vise \u00e0 soutenir l\u2019activit\u00e9 \u00e9conomique locale pendant le march\u00e9 de No\u00ebl, \u00e9v\u00e9nement embl\u00e9matique du Grand Est\u00a0\u00bb.<\/p>\n<p>En Alsace, la pr\u00e9fecture du Bas-Rhin a pris cet arr\u00eat\u00e9 le 16\u00a0octobre dernier. Quatre dimanches sont concern\u00e9s\u00a0: les 30\u00a0novembre, 7\u00a0d\u00e9cembre de 11h30 \u00e0 19h\u00a0; les 14 et 21\u00a0d\u00e9cembre de 10h \u00e0 19h.<\/p>\n<p>\u00c0 Mulhouse, la pr\u00e9fecture a autoris\u00e9 les commerces \u00e0 ouvrir leurs portes ces quatre m\u00eames dimanches, de 10h \u00e0 19h. Cette d\u00e9cision doit permettre de \u00ab\u00a0lisser sur une p\u00e9riode de 7 jours au lieu de 6, la fr\u00e9quentation accrue et l\u2019afflux de touristes durant la p\u00e9riode de l\u2019avent et \u00e0 l\u2019occasion du march\u00e9 de No\u00ebl de Mulhouse qui d\u00e9bute le 21\u00a0novembre\u00a0\u00bb, pr\u00e9cise le communiqu\u00e9 de presse.<\/p>\n<p>Enfin, \u00e0 Colmar, originalit\u00e9 du droit local, ce n\u2019est pas la pr\u00e9fecture mais bien la ville qui, par arr\u00eat\u00e9, autorise les commerces alimentaires et non alimentaires \u00e0 ouvrir les quatre dimanches de l\u2019avent, \u00ab\u00a0de 6h \u00e0 18h30 dans la limite d\u2019une amplitude horaire maximale de 10 heures\u00a0\u00bb.<\/p>\n","protected":false},"excerpt":{"rendered":"C\u2019est devenu un classique durant l\u2019avent : les pr\u00e9fectures du Haut-Rhin, du Bas-Rhin et de la Moselle prennent&hellip;\n","protected":false},"author":2,"featured_media":534959,"comment_status":"","ping_status":"","sticky":false,"template":"","format":"standard","meta":{"footnotes":""},"categories":[2820],"tags":[1111,11,2389,4406,33,1777,674,107,1011,27,775,12,25,640],"class_list":{"0":"post-534958","1":"post","2":"type-post","3":"status-publish","4":"format-standard","5":"has-post-thumbnail","7":"category-strasbourg","8":"tag-actu","9":"tag-actualites","10":"tag-alsace","11":"tag-commerce-et-services","12":"tag-economie","13":"tag-eu","14":"tag-europe","15":"tag-fil-info","16":"tag-fr","17":"tag-france","18":"tag-grand-est","19":"tag-news","20":"tag-republique-francaise","21":"tag-strasbourg"},"share_on_mastodon":{"url":"https:\/\/pubeurope.com\/@fr\/115551217217273574","error":""},"_links":{"self":[{"href":"https:\/\/www.europesays.com\/fr\/wp-json\/wp\/v2\/posts\/534958","targetHints":{"allow":["GET"]}}],"collection":[{"href":"https:\/\/www.europesays.com\/fr\/wp-json\/wp\/v2\/posts"}],"about":[{"href":"https:\/\/www.europesays.com\/fr\/wp-json\/wp\/v2\/types\/post"}],"author":[{"embeddable":true,"href":"https:\/\/www.europesays.com\/fr\/wp-json\/wp\/v2\/users\/2"}],"replies":[{"embeddable":true,"href":"https:\/\/www.europesays.com\/fr\/wp-json\/wp\/v2\/comments?post=534958"}],"version-history":[{"count":0,"href":"https:\/\/www.europesays.com\/fr\/wp-json\/wp\/v2\/posts\/534958\/revisions"}],"wp:featuredmedia":[{"embeddable":true,"href":"https:\/\/www.europesays.com\/fr\/wp-json\/wp\/v2\/media\/534959"}],"wp:attachment":[{"href":"https:\/\/www.europesays.com\/fr\/wp-json\/wp\/v2\/media?parent=534958"}],"wp:term":[{"taxonomy":"category","embeddable":true,"href":"https:\/\/www.europesays.com\/fr\/wp-json\/wp\/v2\/categories?post=534958"},{"taxonomy":"post_tag","embeddable":true,"href":"https:\/\/www.europesays.com\/fr\/wp-json\/wp\/v2\/tags?post=534958"}],"curies":[{"name":"wp","href":"https:\/\/api.w.org\/{rel}","templated":true}]}}