{"id":534960,"date":"2025-11-15T01:53:45","date_gmt":"2025-11-15T01:53:45","guid":{"rendered":"https:\/\/www.europesays.com\/fr\/534960\/"},"modified":"2025-11-15T01:53:45","modified_gmt":"2025-11-15T01:53:45","slug":"15-sorties-pour-bien-finir-novembre-a-strasbourg","status":"publish","type":"post","link":"https:\/\/www.europesays.com\/fr\/534960\/","title":{"rendered":"15 sorties pour bien finir novembre \u00e0 Strasbourg"},"content":{"rendered":"<p><b>Le compte \u00e0 rebours a commenc\u00e9 : \u00e7a y est, dans quelques jours, les touristes vont d\u00e9barquer. Le 26 novembre, le march\u00e9 de No\u00ebl et son March\u00e9 Off rouvrent leurs portes. Pour se changer les id\u00e9es en famille ou entre potes, voici 15 sorties pour profiter de la ville loin de ses chalets. Concerts, teufs, \u00e9v\u00e9nements solidaires, \u00e0 la cool ou d\u00e9conne : \u00e0 Strasbourg, \u00e7a bouillonne !<\/b><\/p>\n<p>La musique<\/p>\n<p>Plastic Club\u00a0: Phil et Holdtight \u00e0 la Kulture<\/p>\n<p>Allez, on commence avec la musique. Tu cherches o\u00f9 groover <b>ce soir\u00a0<\/b>? Direction <b>la Kulture<\/b>, o\u00f9 Phil et Holdtight (Hot\u2019n\u2019Spicy Records) te concoctent une <b>soir\u00e9e disco house<\/b>.<\/p>\n<p align=\"CENTER\"><b>Quand et o\u00f9\u00a0?<br \/><\/b>Samedi 15 novembre de 20h30 \u00e0 3h30<br \/>\u00c0 la Kulture<br \/><a href=\"https:\/\/fb.me\/e\/5nXy5wxEx\" target=\"_blank\" rel=\"noopener\">+ d\u2019infos<\/a><\/p>\n<p>                <img width=\"667\" height=\"500\" src=\"https:\/\/www.europesays.com\/fr\/wp-content\/uploads\/2025\/11\/photos-kulture-samy-jour-clubimg-0069-667x500.jpeg\" class=\"attachment-gallery size-gallery\" alt=\"photos Kulture Samy jour clubIMG_0069\" data-full-url=\"https:\/\/pokaa.fr\/wp-content\/uploads\/2025\/11\/05\/photos-kulture-samy-jour-clubimg-0069.jpeg\" decoding=\"async\" loading=\"lazy\"  \/>            <\/p>\n<p>                <img width=\"735\" height=\"500\" src=\"https:\/\/www.europesays.com\/fr\/wp-content\/uploads\/2025\/11\/la-kulture-2-735x500.png\" class=\"attachment-gallery size-gallery\" alt=\"La Kulture (2)\" data-full-url=\"https:\/\/pokaa.fr\/wp-content\/uploads\/2025\/10\/23\/la-kulture-2.png\" decoding=\"async\" loading=\"lazy\"  \/>            <\/p>\n<p>                    1. \u00a9 Samy Compion \/ Pokaa ; 2. \u00a9 La Kulture \/ Captures d&rsquo;\u00e9cran<\/p>\n<p>\u00ab\u00a0Make Some Noise\u00a0\u00bb \u2013 6e \u00e9dition \u00e0 la P\u00e9niche M\u00e9canique<\/p>\n<p>La semaine prochaine, C\u00e9cile Roque alias <b>Mute<\/b> revient faire du bruit <b>\u00e0 la P\u00e9niche M\u00e9canique<\/b>, avec sa \u00ab\u00a0night performative\u00a0\u00bb <b>Make Some Noise<\/b>. Une 6e \u00e9dition consacr\u00e9e \u00e0 des <b>sets vinyles <\/b>\u00ab\u00a0aux sonorit\u00e9s techno, tribal, electro clash, punk waves\u00a0\u00bb.<\/p>\n<p>Pour agiter la P\u00e9niche,<b> le vendredi 21 novembre<\/b>, Mute s\u2019entourera du duo <b>Les Mutants ont des Oreilles<\/b>, de <b>Salom\u00e9 Dv<\/b>, de <b>Moldav\u00a0<\/b>; et pour en mettre plein la r\u00e9tine\u00a0? <b>Une performance de l\u2019artiste Bord de ligne<\/b>, et du <b>VJing par Visual And Line<\/b>.<\/p>\n<p align=\"CENTER\"><b>Quand et o\u00f9\u00a0?<br \/><\/b>Vendredi 21 novembre d\u00e8s 21h30<br \/>\u00c0 la P\u00e9niche M\u00e9canique<br \/><a href=\"https:\/\/fb.me\/e\/6SzVESPx6\" target=\"_blank\" rel=\"noopener\">+ d\u2019infos<\/a><\/p>\n<p>    <img width=\"452\" height=\"600\" src=\"https:\/\/www.europesays.com\/fr\/wp-content\/uploads\/2025\/10\/peniche-mecanique-fanny-soriano-452x600.jpg\" class=\"attachment-image-size-M size-image-size-M\" alt=\"P\u00e9niche M\u00e9canique\" decoding=\"async\" loading=\"lazy\"  \/>         La P\u00e9niche M\u00e9canique. \u00a9 Fanny Soriano \/ Pokaa <\/p>\n<p>\u00ab\u00a0SubNeon 2\u00a0\u00bb\u00a0: Chromatico au Petit Tigre<\/p>\n<p>Peu apr\u00e8s une premi\u00e8re \u00e9dition, le collectif strasbourgeois <b>Chromatico<\/b> \u00ab\u00a0poursuit sa qu\u00eate interstellaire\u00a0\u00bb avec <b>SubNeon 2, toujours au Petit Tigre<\/b>.<\/p>\n<p><b>Vendredi 21<\/b>, il voyagera \u00e0 \u00ab\u00a0travers les sonorit\u00e9s cosmiques de la <b>trance<\/b> et de la percussion stellaire de la <b>dark disco<\/b>\u00a0\u00bb gr\u00e2ce \u00e0 <b>Luicestfaycal<\/b>,<b> Mac Julius<\/b> et <b>Austral<\/b> aux manettes du vaisseau spatial.<\/p>\n<p align=\"CENTER\"><b>Quand et o\u00f9\u00a0?<br \/><\/b>Vendredi 21 novembre de 22h \u00e0 3h30<br \/>Au Petit Tigre<br \/><a href=\"https:\/\/fb.me\/e\/1Ps4zpXnIP\" target=\"_blank\" rel=\"noopener\">+ d\u2019infos<\/a><\/p>\n<p>    <img width=\"800\" height=\"534\" src=\"https:\/\/www.europesays.com\/fr\/wp-content\/uploads\/2025\/11\/tigre-archi-2-scaled-e1715351440134-800x534.jpg\" class=\"attachment-image-size-L size-image-size-L\" alt=\"Tigre\" decoding=\"async\" loading=\"lazy\"  \/>         \u00a9 Tigre \/ Document remis <\/p>\n<p>La Finca pr\u00e9sente \u00ab\u00a0La Focale n5\u00a0\u00bb au FAT<\/p>\n<p>Apr\u00e8s une pause estivale,<b> La Finca<\/b> \u00ab\u00a0esquisse sa nouvelle saison\u00a0\u00bb avec <b>le retour de \u00ab La Focale \u00bb \u2013 ses soir\u00e9es gratuites, au FAT.<\/b><\/p>\n<p>Pour le <b>samedi 22 novembre<\/b>, apr\u00e8s y avoir explor\u00e9 le cin\u00e9ma de genre, la peinture, les dessins anim\u00e9s survitamin\u00e9s ou voyag\u00e9 vers le turfu, le collectif strasbourgeois y dessinera \u00ab\u00a0<b>une soir\u00e9e en 2D<\/b>, pour d\u00e9rider les mines fatigu\u00e9es, et gommer les contours de ta r\u00e9alit\u00e9\u00a0\u00bb.<\/p>\n<p>Aux platines\u00a0: la Finca Family avec <b>Badray<\/b>, <b>DJ Clarisse<\/b>, <b>Jeune Pousse<\/b>, <b>Mydryaz<\/b> et <b>Seliph<\/b>, pour un voyage de la <b>house \u00e0 la trance<\/b>.<\/p>\n<p align=\"CENTER\"><b>Quand et o\u00f9\u00a0?<br \/><\/b>Samedi 22 novembre de 22h \u00e0 3h45<br \/>Au FAT<br \/><a href=\"https:\/\/fb.me\/e\/3FQhVkVU2\" target=\"_blank\" rel=\"noopener\">+ d\u2019infos<\/a><\/p>\n<p>                <img width=\"749\" height=\"500\" src=\"https:\/\/www.europesays.com\/fr\/wp-content\/uploads\/2025\/11\/lafinca0224-web-3-scaled-e1712887256274-749x500.jpg\" class=\"attachment-gallery size-gallery\" alt=\"La Finca + Jeune Pousse + Klau\" data-full-url=\"https:\/\/pokaa.fr\/wp-content\/uploads\/2024\/04\/12\/lafinca0224-web-3-1500x1000.jpg\" decoding=\"async\" loading=\"lazy\"  \/>            <\/p>\n<p>                <img width=\"664\" height=\"500\" src=\"https:\/\/www.europesays.com\/fr\/wp-content\/uploads\/2025\/11\/pxl-20240421-005648138mp-scaled-e1717091452202-664x500.jpg\" class=\"attachment-gallery size-gallery\" alt=\"La finca + Peut Etre + Klau + Jeune Pousse\" data-full-url=\"https:\/\/pokaa.fr\/wp-content\/uploads\/2024\/05\/30\/pxl-20240421-005648138mp-1500x1129.jpg\" decoding=\"async\" loading=\"lazy\"  \/>            <\/p>\n<p>                <img width=\"376\" height=\"500\" src=\"https:\/\/www.europesays.com\/fr\/wp-content\/uploads\/2025\/11\/pxl-20240420-225735658-scaled-e1717091440445-376x500.jpg\" class=\"attachment-gallery size-gallery\" alt=\"La Finca\" data-full-url=\"https:\/\/pokaa.fr\/wp-content\/uploads\/2024\/05\/30\/pxl-20240420-225735658-1500x1992.jpg\" decoding=\"async\" loading=\"lazy\"  \/>            <\/p>\n<p>                    \u00ab\u00a0La Focale\u00a0\u00bb au FAT (f\u00e9vrier et mai 2024) 1. \u00a9 Sophigraphie \/ Document remis, 2. et 3. \u00a9 Fanny Soriano \/ Pokaa<\/p>\n<p>\u00ab\u00a0Le Bal Perch\u00e9\u00a0\u00bb \u00e0 L&rsquo;Archipel<\/p>\n<p align=\"LEFT\">Changement de style, avec cette fois une soir\u00e9e ax\u00e9e mode et dresscode \u00ab chic \u00bb au Wacken, o\u00f9 <b>L\u2019Archipel<\/b> pr\u00e9pare le <b>samedi 22 novembre<\/b>\u00a0une soir\u00e9e clubbing \u00ab\u00a0100% Old School\u00a0\u00bb\u00a0: <b>Le Bal Perch\u00e9<\/b>, par Alfred M.<\/p>\n<p align=\"LEFT\">\u00ab\u00a0Perch\u00e9\u00a0\u00bb, puisque tu pars danser au 10e \u00e9tage d\u2019un h\u00f4tel, en compagnie du DJ B.One et d\u2019un d\u00e9fil\u00e9 par Elvie Blondie.<\/p>\n<p align=\"CENTER\"><b>Quand et o\u00f9\u00a0?<br \/><\/b>Samedi 22 novembre de 22h \u00e0 3h<br \/>\u00c0 L\u2019Archipel Bar<br \/><a href=\"https:\/\/my.weezevent.com\/le-bal-perche\" target=\"_blank\" rel=\"noopener\">Billetterie<\/a><br \/><a href=\"https:\/\/fb.me\/e\/3IjX1Zsgw\" target=\"_blank\" rel=\"noopener\">+ d\u2019infos<\/a><\/p>\n<p>    <img width=\"450\" height=\"600\" src=\"https:\/\/www.europesays.com\/fr\/wp-content\/uploads\/2025\/11\/image00004-5-450x600.jpeg\" class=\"attachment-image-size-M size-image-size-M\" alt=\"L\u2019archipel bar restaurant Skyloungebar\" decoding=\"async\" loading=\"lazy\"  \/>         \u00a9 Bastien Pietronave \/ Pokaa <\/p>\n<p>\u00ab\u00a0Les Rockeurs ont du c\u0153ur\u00a0\u00bb \u00e0 la P\u00e9niche M\u00e9canique<\/p>\n<p>\u00c0 Strasbourg aussi, <b>\u00ab\u00a0Les Rockeurs ont du c\u0153ur\u00a0\u00bb<\/b>\u00a0! S\u2019il s\u2019agit originellement d\u2019un festival nantais (cr\u00e9\u00e9 en 1988), l\u2019initiative a depuis fait des petits partout en France\u2026 Et <b>le jeudi 27 novembre<\/b>, le concept arrive <b>\u00e0 la P\u00e9niche M\u00e9canique<\/b> pour <b>une soir\u00e9e caritative unique<\/b>.<b> <\/b><\/p>\n<p>Le concept\u00a0? <b>Une place de concert, au prix\u2026 d\u2019un jouet<\/b> (neuf ou en excellent \u00e9tat), <b>en soutien aux Petites Roues, <\/b>une association <b>qui loge et accompagne des familles \u00e0 la rue et en situation d\u2019extr\u00eame pr\u00e9carit\u00e9<\/b> \u00e0 Strasbourg depuis 2017, au moyen de nombreuses actions.<\/p>\n<p>\u00c0 l\u2019affiche\u00a0? Trois groupes d\u2019ici pour secouer tes grelots\u00a0: <b>Caesaria <\/b>en version acoustique, le \u00ab\u00a0power trio\u00a0\u00bb <b>Burning Birds <\/b>(desert rock) et <b>Mad Kitten <\/b>(indie punk noise). C\u2019est cadeau.<\/p>\n<p align=\"CENTER\"><b>Quand et o\u00f9\u00a0?<br \/><\/b>Jeudi 27 novembre d\u00e8s 20h30<br \/>\u00c0 la P\u00e9niche M\u00e9canique<br \/><a href=\"https:\/\/fb.me\/e\/c5NFUQeAP\" target=\"_blank\" rel=\"noopener\">+ d\u2019infos<\/a><\/p>\n<p>                <img width=\"750\" height=\"500\" src=\"https:\/\/www.europesays.com\/fr\/wp-content\/uploads\/2025\/11\/caesaria-david-leveque-pokaa-25-09-24-4-750x500.jpg\" class=\"attachment-gallery size-gallery\" alt=\"10 ans Pokaa \u00e9v\u00e9nement anniversaire Caesaria\" data-full-url=\"https:\/\/pokaa.fr\/wp-content\/uploads\/2024\/09\/30\/caesaria-david-leveque-pokaa-25-09-24-4.jpg\" decoding=\"async\" loading=\"lazy\"  \/>            <\/p>\n<p>                <img width=\"750\" height=\"500\" src=\"https:\/\/www.europesays.com\/fr\/wp-content\/uploads\/2025\/05\/caesaria-david-leveque-pokaa-25-09-24-3-750x500.jpg\" class=\"attachment-gallery size-gallery\" alt=\"10 ans Pokaa \u00e9v\u00e9nement anniversaire Caesaria\" data-full-url=\"https:\/\/pokaa.fr\/wp-content\/uploads\/2024\/09\/30\/caesaria-david-leveque-pokaa-25-09-24-3.jpg\" decoding=\"async\" loading=\"lazy\"  \/>            <\/p>\n<p>                <img width=\"667\" height=\"500\" src=\"https:\/\/www.europesays.com\/fr\/wp-content\/uploads\/2025\/11\/carijou-caritas-jouets-seconde-main-strasbourg-bastien-pietronaveimage00009.jpeg\" class=\"attachment-gallery size-gallery\" alt=\"Carijou Caritas jouets seconde main Strasbourg Bastien Pietronaveimage00009\" data-full-url=\"https:\/\/www.europesays.com\/fr\/wp-content\/uploads\/2025\/11\/carijou-caritas-jouets-seconde-main-strasbourg-bastien-pietronaveimage00009.jpeg\" decoding=\"async\" loading=\"lazy\"  \/>            <\/p>\n<p>                    1. 2. Caesaria aux 10 ans de Pokaa. \u00a9 David Lev\u00eaque \/ Pokaa, 3. \u00a9 Bastien Pietronave \/ Pokaa<\/p>\n<p>La rigolade<br \/>\nKaraok\u00e9 drag avec La House of Marley au Petit Tigre<\/p>\n<p><b>Ce soir<\/b>, tu veux pousser la chansonnette ambiance strass et paillettes\u00a0? Direction <b>le Petit Tigre<\/b> o\u00f9 <b>la House of Marley<\/b> compte bien te faire rugir, pour un format<b> karaok\u00e9 drag<\/b>, ouverte \u00e0 tous et toutes.<\/p>\n<p>Et pour donner le la\u00a0? Les queens An\u00efssa, Ar\u00ef et N\u00f6x\u00efm\u00e4, pour un maximum de show.<\/p>\n<p align=\"CENTER\"><b>Quand et o\u00f9\u00a0?<br \/><\/b>Samedi 15 novembre de 21h \u00e0 minuit<br \/>Au Petit Tigre<br \/><a href=\"https:\/\/fb.me\/e\/83kLTIWPI\" target=\"_blank\" rel=\"noopener\">+ d\u2019infos<\/a><\/p>\n<p>    <img width=\"480\" height=\"600\" src=\"https:\/\/www.europesays.com\/fr\/wp-content\/uploads\/2025\/06\/house-of-marley-credit-sprey-480x600.png\" class=\"attachment-image-size-M size-image-size-M\" alt=\"House_of_Marley_cr\u00e9dit_Sprey Divercity\" decoding=\"async\" loading=\"lazy\"  \/>         House of Marley. \u00a9 Sprey \/ Document remis <\/p>\n<p>Potatoes Comedy Club \u00e0 la Cuvette de Bouillons<\/p>\n<p>Apr\u00e8s avoir chauff\u00e9 les vocalises en musique, on s\u2019occupe cette fois de nos zygomatiques avec le <b>Potatoes Comedy Club<\/b> qui revient \u00e0 la<b> Cuvette de Bouillons<\/b>.<\/p>\n<p>Le<b> mardi 25 novembre<\/b>, il te servira sur un plateau : Walis, Manon, Mael, Erlavoo, Lily, Florian &amp; Thomas ; pour une soir\u00e9e d\u2019humour qui donne la patate !<\/p>\n<p align=\"CENTER\"><b>Quand et o\u00f9\u00a0?<br \/><\/b>Mardi 25 novembre \u00e0 20h<br \/>\u00c0 la Cuvette de Bouillons<br \/><a href=\"https:\/\/www.instagram.com\/p\/DQ80adGjlvW\/?utm_source=ig_web_copy_link&amp;igsh=MzRlODBiNWFlZA==\" target=\"_blank\" rel=\"noopener\">+ d\u2019infos<\/a><\/p>\n<p>    <img width=\"600\" height=\"600\" src=\"https:\/\/www.europesays.com\/fr\/wp-content\/uploads\/2025\/09\/mael-600x600.jpg\" class=\"attachment-image-size-M size-image-size-M\" alt=\"METEOR Foire europ\u00e9enne\" decoding=\"async\" loading=\"lazy\"  \/>         Ma\u00ebl et le Potatoes Comedy Club. \u00a9 Document remis <\/p>\n<p>Grand tournoi de baby-foot chez Jeannette<\/p>\n<p>Daronne des bars strasbourgeois, <b>Jeannette f\u00eate cette ann\u00e9e ses 20 ans<\/b> ! Ouverte en 2005, elle reste pourtant jeunette, la Jeannette. <a href=\"https:\/\/pokaa.fr\/2025\/09\/30\/adieu-les-cycleux-le-bar-jeannette-se-reinvente-pour-feter-ses-20-ans-a-strasbourg\/\" target=\"_blank\" rel=\"noopener\">Toujours pr\u00eate \u00e0 se r\u00e9inventer, elle t\u2019invite \u00e0 de nombreuses soir\u00e9es th\u00e9matiques pour arroser son anniversaire<\/a>.<\/p>\n<p>Parmi elles\u00a0: le <b>Grand tournoi de baby-foot en duo<\/b>, organis\u00e9 le mercredi 26 novembre. Avec \u00e0 la cl\u00e9 pour le duo victorieux : <b>le poids en bi\u00e8re ou th\u00e9 glac\u00e9 <\/b>du plus\/de la plus lourd(e) des deux (et un prix \u00e0 consommer avant le 31 janvier). Une comp\u00e9tition<b>\u00a0limit\u00e9e \u00e0 16 \u00e9quipes<\/b>\u00a0: ne tarde pas trop \u00e0 t\u2019inscrire\u00a0!<\/p>\n<p align=\"CENTER\"><b>Quand et o\u00f9\u00a0?<br \/><\/b>Mercredi 26 novembre \u00e0 19h<br \/>\u00c0 Jeannette<br \/><a href=\"https:\/\/fb.me\/e\/8772fwpgt\" target=\"_blank\" rel=\"noopener\">+ d\u2019infos<\/a><\/p>\n<p>                <img width=\"375\" height=\"500\" src=\"https:\/\/www.europesays.com\/fr\/wp-content\/uploads\/2025\/10\/jeannette-et-les-cycleux-img-9986-375x500.jpeg\" class=\"attachment-gallery size-gallery\" alt=\"Jeannette et les cycleux IMG_9986\" data-full-url=\"https:\/\/pokaa.fr\/wp-content\/uploads\/2025\/09\/29\/jeannette-et-les-cycleux-img-9986.jpeg\" decoding=\"async\" loading=\"lazy\"  \/>            <\/p>\n<p>                <img width=\"402\" height=\"500\" src=\"https:\/\/www.europesays.com\/fr\/wp-content\/uploads\/2025\/10\/jeannette-et-les-cycleux-img-0166-2-402x500.jpeg\" class=\"attachment-gallery size-gallery\" alt=\"Jeannette et les cycleux IMG_0166 2\" data-full-url=\"https:\/\/pokaa.fr\/wp-content\/uploads\/2025\/09\/30\/jeannette-et-les-cycleux-img-0166-2.jpeg\" decoding=\"async\" loading=\"lazy\"  \/>            <\/p>\n<p>                    1. \u00a9 Bastien Pietronave \/ Pokaa, 2. \u00a9 Page Instagram de Jeannette \/ Capture d&rsquo;\u00e9cran<\/p>\n<p>Le Moul&rsquo;1 Comedy Club \u00e0 Duppigheim<\/p>\n<p>Le<b> jeudi 27 novembre<\/b>, le restaurant<b> le Moul\u20191 \u00e0 Duppigheim<\/b> relance son<b> Moul\u20191 Comedy Club<\/b>, son plateau d\u2019humour. Pour ce mois-ci, il aligne des t\u00eates d\u2019affiche : <b>Lala Sagna, Kev Adams, K\u00e9vin Bagot et Guillaume Dolle<\/b>.<\/p>\n<p align=\"CENTER\"><b>Quand et o\u00f9\u00a0?<br \/><\/b>Jeudi 27 novembre \u00e0 19h et 21h30<br \/>Au Moul\u20191 de Duppigheim<br \/><a href=\"https:\/\/fb.me\/e\/44uoGZdRy\" target=\"_blank\" rel=\"noopener\">+ d\u2019infos<\/a><\/p>\n<p>Les week-ends \u00e0 la cool<br \/>\nST-ART \u2013 29e \u00e9dition au Wacken<\/p>\n<p>Historique foire d\u2019art contemporain, <b>ST-ART s\u2019est r\u00e9install\u00e9e depuis vendredi au Wacken, pour sa 29e \u00e9dition<\/b>.<\/p>\n<p><b>Jusqu\u2019\u00e0 dimanche<\/b>, tu peux y d\u00e9couvrir le fleuron de l\u2019art contemporain dans les galeries du Parc des Expos, avec une <b>soixantaine de stands<\/b> fran\u00e7ais et internationaux \u00e0 d\u00e9couvrir. Et aussi des <b>conf\u00e9rences et visites guid\u00e9es<\/b>, ainsi qu\u2019une remise \u00e0 l\u2019honneur de<b> l\u2019art verrier<\/b>.<\/p>\n<p align=\"CENTER\"><b>Quand et o\u00f9\u00a0?<br \/><\/b>Jusqu\u2019au dimanche 16 novembre (de 11h \u00e0 18h)<br \/>Au Parc des Expos de Strasbourg<br \/><a href=\"https:\/\/www.st-art.com\/fr\" target=\"_blank\" rel=\"noopener\">+ d\u2019infos<\/a><\/p>\n<p>Braderie solidaire du Secours Populaire au Neudorf<\/p>\n<p>Pour un autre type de trouvailles et de budget\u00a0: la <b>braderie solidaire du Secours Populaire,<\/b> qu\u2019accueillera <b>ce week-end<\/b> le <strong>C<\/strong><b>entre culturel Marcel-Marceau au Neudorf<\/b>.<\/p>\n<p>Les <b>15 et 16 novembre<\/b>, s\u2019y vendra : v\u00eatements, livres, jouets, d\u00e9coration, linge de maison \u2013 pour se faire plaisir, ou pr\u00e9parer les f\u00eates \u2013 tout en faisant une bonne action. En effet, tous les fonds collect\u00e9s serviront \u00e0 <b>financer les actions de solidarit\u00e9 <\/b>organis\u00e9es durant l\u2019ann\u00e9e par l\u2019association.<\/p>\n<p align=\"CENTER\"><b>Quand et o\u00f9 ?<br \/><\/b>Samedi 15 et dimanche 16 novembre de 9h \u00e0 16h<br \/>Au Centre culturel Marcel-Marceau<br \/><a href=\"https:\/\/fb.me\/e\/4WSX9fLto\" target=\"_blank\" rel=\"noopener\">+ d\u2019infos<\/a><\/p>\n<p>    <img width=\"800\" height=\"532\" src=\"https:\/\/www.europesays.com\/fr\/wp-content\/uploads\/2025\/11\/231109-pka-solidaribus-3-800x532.jpg\" class=\"attachment-image-size-L size-image-size-L\" alt=\"Solidaribu secours populaire solidarit\u00e9\" decoding=\"async\" loading=\"lazy\"  \/>         \u00a9 Adrien Labit \/ Pokaa  <\/p>\n<p>\u00ab\u00a0La F\u00eate des Bricoles Heureuses #2\u00a0\u00bb \u00e0 Schiltigheim<\/p>\n<p>Toujours ce samedi 15, cette fois du c\u00f4t\u00e9 de <b>Schiltigheim<\/b>, o\u00f9 se d\u00e9roulera la seconde \u00e9dition de <b>La F\u00eate des Bricoles Heureuses<\/b>\u00a0: <b>\u00ab Une grosse fiesta dans un village inter-associatifs. \u00bb<\/b><\/p>\n<p>Un \u00e9v\u00e9nement port\u00e9 par les associations <b>La Schilyclette<\/b>, <b>Desclicks<\/b> (l\u2019informatique solidaire) et <b>Emma\u00fcs Mundo<\/b>, autour de \u00ab\u00a0la <b>transmission de savoir<\/b>, le <b>DIY<\/b>, la m\u00e9canique, l\u2019informatique, l\u2019\u00e9conomie circulaire, l\u2019entraide, la solidarit\u00e9\u00a0\u00bb.<\/p>\n<p>Au programme ? Une <strong>b<\/strong><b>ourse aux v\u00e9los<\/b>, une \u00ab\u00a0Install party\u00a0\u00bb, un ap\u00e9ro avec d\u00e9montage de v\u00e9lo et de PC. Ainsi que des <b>ateliers cr\u00e9atifs de bijoux upcycl\u00e9s<\/b> \u00e0 partir de composants PC et de v\u00e9los, ou des cours de <b>r\u00e9paration de v\u00e9lo <\/b>(avec le Stick, Bretz\u2019selle, GardeBoue, A\u2019Cro du V\u00e9lo, La Schilyclette).<\/p>\n<p>Et pour la bonne ambiance\u00a0: buvette, restauration, vin chaud, brasero, DJ set, etc.<\/p>\n<p align=\"CENTER\"><b>Quand et o\u00f9\u00a0?<br \/><\/b>Samedi 15 novembre de 10h \u00e0 18h<br \/>Cour Elmia \u00e0 Schiltigheim<br \/><a href=\"https:\/\/fb.me\/e\/1RMhn6jsh1\" target=\"_blank\" rel=\"noopener\">+ d\u2019infos<\/a><\/p>\n<p>                <img width=\"667\" height=\"500\" src=\"https:\/\/www.europesays.com\/fr\/wp-content\/uploads\/2025\/11\/bricole-heureuse-desclicks-667x500.jpg\" class=\"attachment-gallery size-gallery\" alt=\"bricole heureuse desclicks\" data-full-url=\"https:\/\/pokaa.fr\/wp-content\/uploads\/2024\/10\/11\/bricole-heureuse-desclicks.jpg\" decoding=\"async\" loading=\"lazy\"  \/>            <\/p>\n<p>                <img width=\"750\" height=\"500\" src=\"https:\/\/www.europesays.com\/fr\/wp-content\/uploads\/2025\/11\/alsace-velo-passion-9-750x500.jpg\" class=\"attachment-gallery size-gallery\" alt=\"Alsace v\u00e9lo passion (9)\" data-full-url=\"https:\/\/pokaa.fr\/wp-content\/uploads\/2024\/09\/10\/alsace-velo-passion-9.jpg\" decoding=\"async\" loading=\"lazy\"  \/>            <\/p>\n<p>                    1. Desclicks. \u00a9 Document remis ; 2. \u00a9 Marie Goehner-David \/ Pokaa<\/p>\n<p>\u00ab\u00a0La F\u00eate des Solutions\u00a0\u00bb \u00e0  Koenigshoffen<\/p>\n<p>Dans la m\u00eame veine\u00a0: d\u00e9part<b> le samedi 22<\/b> pour <b>La F\u00eate des Solutions <\/b>(port\u00e9e par le Labo des Partenariats), <b>\u00e0<\/b> <b>Koenigshoffen<\/b>, au sein de <b>l\u2019\u00e9cole \u00e9l\u00e9mentaire du Hohberg<\/b>.<\/p>\n<p>Une journ\u00e9e interg\u00e9n\u00e9rationnelle, entre d\u00e9couverte de <b>projets locaux, animations et conf\u00e9rences participatives<\/b>. On y retrouvera aussi <b>30 ateliers<\/b> autour de quatre grandes th\u00e9matiques (jeunesse, transition \u00e9cologique, lien social et bien vieillir), avant de conclure sur <b>un ap\u00e9ro convivial <\/b>et un <b>Bal des Solutions<\/b>. Sur place, aussi\u00a0: <b>restauration solidaire et garde d\u2019enfants<\/b> (de 3 \u00e0 12 ans).<\/p>\n<p align=\"CENTER\"><b>Quand et o\u00f9\u00a0?<br \/><\/b>Samedi 22 novembre de 10h \u00e0 20h30<br \/>\u00c0 l\u2019\u00e9cole \u00e9l\u00e9mentaire du Hohberg (Koenigshoffen)<br \/><a href=\"https:\/\/fb.me\/e\/8a4IEdxcf\" target=\"_blank\" rel=\"noopener\">+ d\u2019infos<\/a><\/p>\n<p>\u00ab\u00a0La Sunday\u00a0\u00bb aux Studios du Rhin<\/p>\n<p>Habitu\u00e9s aux teufs et festivals, <b>les Studios du Rhin te donnent rendez-vous le 23 novembre <\/b>pour la premi\u00e8re d\u2019un nouveau type d\u2019\u00e9v\u00e9nements <a href=\"https:\/\/pokaa.fr\/2025\/11\/11\/cocooning-et-clubbing-a-strasbourg-les-studios-du-rhin-imaginent-le-dimanche-parfait\/\" target=\"_blank\" rel=\"noopener\">(qu\u2019on t\u2019annon\u00e7ait d\u00e9j\u00e0 par ici)<\/a>\u00a0: <b>La Sunday<\/b>. Pour vivre \u00ab\u00a0le dimanche autrement\u00a0\u00bb. Une journ\u00e9e pour prendre soin de soi, puis danser\u00a0!<\/p>\n<p>                <a href=\"https:\/\/pokaa.fr\/2025\/11\/11\/cocooning-et-clubbing-a-strasbourg-les-studios-du-rhin-imaginent-le-dimanche-parfait\/\" target=\"_blank\" rel=\"noopener\"><br \/>\n                    <img width=\"450\" height=\"270\" src=\"https:\/\/www.europesays.com\/fr\/wp-content\/uploads\/2025\/11\/studios-du-rhin-2-450x270.png\" class=\"attachment-card-horizontal--same-subject size-card-horizontal--same-subject wp-post-image\" alt=\"\" decoding=\"async\" loading=\"lazy\"\/>                <\/a><\/p>\n<p>Pour d\u00e9marrer la journ\u00e9e, une<b> s\u00e9ance de yoga immersive en musique<\/b> avec un DJ set\u00a0; puis \u00ab\u00a0<b>temps calme musical<\/b> en d\u00e9but d\u2019apr\u00e8s-midi\u00a0\u00bb, <b>massages <\/b>et <b>cours de house dance <\/b>avec la compagnie WATT pour lancer le dancefloor jusqu\u2019au soir. Pour le son\u00a0? <b>Shaka<\/b> (B\u00e2le, Suisse) et d\u2019ici, <b>DJ Link<\/b>, <b>Talstef<\/b> et <b>BenG<\/b>.<\/p>\n<p>Sur place\u00a0: bonne bouffe, avec \u00ab\u00a0des produits locaux, healthy et de qualit\u00e9, avec ou sans alcool\u00a0\u00bb. Pour un dimanche chill et groovy.<\/p>\n<p align=\"CENTER\"><b>Quand et o\u00f9\u00a0?<br \/><\/b>Dimanche 23 novembre de 11h \u00e0 23h<br \/>Aux Studios du Rhin<br \/><a href=\"https:\/\/fb.me\/e\/a4KRyjhu2\" target=\"_blank\" rel=\"noopener\">+ d\u2019infos<\/a><\/p>\n<p>    <img width=\"800\" height=\"560\" src=\"https:\/\/www.europesays.com\/fr\/wp-content\/uploads\/2025\/11\/studios-du-rhin-5-800x560.png\" class=\"attachment-image-size-L size-image-size-L\" alt=\"Studios du Rhin (5)\" decoding=\"async\" loading=\"lazy\"  \/>         \u00a9 Studios du Rhin \/ Capture d&rsquo;\u00e9cran <\/p>\n<p><script async src=\"\/\/www.instagram.com\/embed.js\"><\/script><\/p>\n","protected":false},"excerpt":{"rendered":"Le compte \u00e0 rebours a commenc\u00e9 : \u00e7a y est, dans quelques jours, les touristes vont d\u00e9barquer. Le&hellip;\n","protected":false},"author":2,"featured_media":534961,"comment_status":"","ping_status":"","sticky":false,"template":"","format":"standard","meta":{"footnotes":""},"categories":[2820],"tags":[1111,11,4763,4396,1697,12084,25682,1777,674,652,1011,27,775,326,708,12,21919,3907,25,3140,7492,640,4064],"class_list":{"0":"post-534960","1":"post","2":"type-post","3":"status-publish","4":"format-standard","5":"has-post-thumbnail","7":"category-strasbourg","8":"tag-actu","9":"tag-actualites","10":"tag-agenda","11":"tag-atelier","12":"tag-concert","13":"tag-dj-set","14":"tag-drag","15":"tag-eu","16":"tag-europe","17":"tag-famille","18":"tag-fr","19":"tag-france","20":"tag-grand-est","21":"tag-gratuit","22":"tag-humour","23":"tag-news","24":"tag-ou-sortir","25":"tag-que-faire","26":"tag-republique-francaise","27":"tag-spectacle","28":"tag-stand-up","29":"tag-strasbourg","30":"tag-week-end"},"share_on_mastodon":{"url":"https:\/\/pubeurope.com\/@fr\/115551222612405772","error":""},"_links":{"self":[{"href":"https:\/\/www.europesays.com\/fr\/wp-json\/wp\/v2\/posts\/534960","targetHints":{"allow":["GET"]}}],"collection":[{"href":"https:\/\/www.europesays.com\/fr\/wp-json\/wp\/v2\/posts"}],"about":[{"href":"https:\/\/www.europesays.com\/fr\/wp-json\/wp\/v2\/types\/post"}],"author":[{"embeddable":true,"href":"https:\/\/www.europesays.com\/fr\/wp-json\/wp\/v2\/users\/2"}],"replies":[{"embeddable":true,"href":"https:\/\/www.europesays.com\/fr\/wp-json\/wp\/v2\/comments?post=534960"}],"version-history":[{"count":0,"href":"https:\/\/www.europesays.com\/fr\/wp-json\/wp\/v2\/posts\/534960\/revisions"}],"wp:featuredmedia":[{"embeddable":true,"href":"https:\/\/www.europesays.com\/fr\/wp-json\/wp\/v2\/media\/534961"}],"wp:attachment":[{"href":"https:\/\/www.europesays.com\/fr\/wp-json\/wp\/v2\/media?parent=534960"}],"wp:term":[{"taxonomy":"category","embeddable":true,"href":"https:\/\/www.europesays.com\/fr\/wp-json\/wp\/v2\/categories?post=534960"},{"taxonomy":"post_tag","embeddable":true,"href":"https:\/\/www.europesays.com\/fr\/wp-json\/wp\/v2\/tags?post=534960"}],"curies":[{"name":"wp","href":"https:\/\/api.w.org\/{rel}","templated":true}]}}