{"id":534967,"date":"2025-11-15T01:57:34","date_gmt":"2025-11-15T01:57:34","guid":{"rendered":"https:\/\/www.europesays.com\/fr\/534967\/"},"modified":"2025-11-15T01:57:34","modified_gmt":"2025-11-15T01:57:34","slug":"festival-japonais-friperie-handball-voici-nos-idees-sorties-du-week-end-a-nantes","status":"publish","type":"post","link":"https:\/\/www.europesays.com\/fr\/534967\/","title":{"rendered":"Festival japonais, friperie, handball\u2026 Voici nos id\u00e9es sorties du week-end \u00e0 Nantes"},"content":{"rendered":"<p>                    Par<br \/>\n        <strong><br \/>\n            <a href=\"https:\/\/actu.fr\/auteur\/laure-gentil\" title=\"Consulter tous les articles de Laure Gentil\" rel=\"nofollow noopener\" target=\"_blank\">Laure Gentil<\/a><br \/>\n                    <\/strong><\/p>\n<p>        Publi\u00e9 le<\/p>\n<p>            14 nov. 2025 \u00e0 17h27        <\/p>\n<p>Le temps est peut-\u00eatre gris mais la ville de Nantes sait proposer de quoi s\u2019amuser quand m\u00eame. Du sport, des bons plans, des animations\u2026 Ce <b>samedi\u00a015 et dimanche 16\u00a0novembre <\/b>2025, les Nantais et les Nantaises pourront profiter de leur week-end \u00e0 fond. Voici nos id\u00e9es sorties que vous soyez seuls, en famille ou entre amis.<\/p>\n<p>HBC Nantes vs Chartes<\/p>\n<p class=\" wall-content\">Les Canaris ne sont pas les seuls \u00e0 \u00eatre des stars en sport. Les handballeurs nantais font aussi la fiert\u00e9 de la cit\u00e9 des ducs de Bretagne. Le<b> HBC Nantes<\/b> va affronter Chartres ce <b>dimanche \u00e0 17h <\/b>au H Arena. Il reste des places pour assister au match\u2009: <a href=\"https:\/\/billetterie.hbcnantes.com\/fr\/product\/356\" rel=\"nofollow noopener\" target=\"_blank\">cliquez ici pour r\u00e9server<\/a>. Les prix vont<b> de 9,50 \u00e0 69,50\u00a0euros <\/b>pour le Carr\u00e9 Or.<\/p>\n<p>Neptunes vs Sens<\/p>\n<p class=\" wall-content\">Il n\u2019y a pas que les hommes en comp\u00e9tition ce week-end. Les volleyeuses re\u00e7oivent le Sens Volley 89 samedi 15\u00a0novembre \u00e0 20h, au gymnase Mangin Beaulieu, lors de la 7e journ\u00e9e de championnat (\u00c9lite f\u00e9minine).<\/p>\n<p>    <a href=\"https:\/\/www.facebook.com\/plugins\/post.php?href=https%3A%2F%2Fwww.facebook.com%2FNeptunesdeNantes%2Fposts%2Fpfbid021hdp6V6Xcbw96NPBkdHvs5RTjZnEKFXw5R5vqhbCAJFwQFXzxXXq9mXA3rhDeAnGl&amp;show_text=true&amp;width=350\" title=\"Ouvrie le lien\" rel=\"nofollow noopener\" target=\"_blank\">Cliquez ici pour visualiser le contenu<\/a><\/p>\n<p class=\" wall-content\">Les <b>Neptunes<\/b>, dont la saison 2024-2025 a \u00e9t\u00e9 extraordinaire avec un titre de Supercoupe et une finale de coupe de France, ont besoin de soutien apr\u00e8s avoir rencontr\u00e9 de graves difficult\u00e9s financi\u00e8res qui lui ont fait perdre sa place en Saforelle Power 6, le sommet du volley-ball f\u00e9minin. Il reste encore des places pour les encourager.<\/p>\n<p>Festival Art to Play<\/p>\n<p class=\" wall-content\">Le festival Art to Play c\u2019est le plus grand festival de <b>pop culture<\/b> de l\u2019Ouest. Manga, gaming, concours de cosplay, K-pop, et des rencontres avec des influenceurs et des doubleurs c\u00e9l\u00e8bres comme Fran\u00e7oise Cadol (voix fran\u00e7aise de Sandra Bullock, Gong Li, Angelina Jolie, Sharon Stone).<\/p>\n<p>Votre r\u00e9gion, votre actu !<\/p>\n<p>Recevez chaque jour les infos qui comptent pour vous.<\/p>\n<p>\t<a href=\"https:\/\/actu.fr\/newsletter\" class=\"ac-btn ac-btn--corner ac-btn--medium ac-btn--blue800\" rel=\"nofollow noopener\" target=\"_blank\">S&rsquo;incrire<\/a><\/p>\n<p class=\" wall-content\">L\u2019actrice <b>Anne Girouard<\/b> (reine Gueni\u00e8vre dans Kaamelott) sera aussi pr\u00e9sente.<\/p>\n<p class=\" wall-content\">Attention toutefois il faut r\u00e9server sa place.<a href=\"https:\/\/boutique.exponantes.com\/Accueil-Boutique\/Boutique-Billetterie?TEpr=%7C%7CIdSession%7C=%7CA2P2025%7C\" rel=\"nofollow noopener\" target=\"_blank\"> Pour acc\u00e9der \u00e0 la billetterie, cliquez ici<\/a>. Le billet d\u2019une journ\u00e9e est \u00e0 <b>17\u00a0euros <\/b>(TTC) et le Pass Deux Jours est \u00e0<b> 25\u00a0euros.<\/b><\/p>\n<p>    <a href=\"https:\/\/www.facebook.com\/plugins\/post.php?href=https%3A%2F%2Fwww.facebook.com%2Fart.to.play.nantes%2Fposts%2Fpfbid02MyAzc14cax9yGq6C4ZeWJPyLBinMoDgeStZDzFC14fAjaHQonFim9rqQYncFprk3l&amp;show_text=true&amp;width=350\" title=\"Ouvrie le lien\" rel=\"nofollow noopener\" target=\"_blank\">Cliquez ici pour visualiser le contenu<\/a><\/p>\n<p>Le Super March\u00e9<\/p>\n<p class=\" wall-content\">Le<b>\u00a0Super March\u00e9\u00a0<\/b>revient \u00e0 la\u00a0<b>Little Atlantique Brewery<\/b> pour une nouvelle \u00e9dition samedi\u00a015 (de 11h \u00e0 20h) et dimanche 16\u00a0novembre 2025 (de 11h \u00e0 16h).<\/p>\n<p class=\" wall-content\">De nombreux exposants seront pr\u00e9sents au rendez-vous. Artisans, commer\u00e7ants ou entrepreneurs se partageront le deuxi\u00e8me \u00e9tage du LAB.<a href=\"https:\/\/actu.fr\/pays-de-la-loire\/nantes_44109\/friperie-bijoux-gateaux-le-super-marche-de-nantes-revient-en-novembre_63420417.html\" rel=\"nofollow noopener\" target=\"_blank\"> Vous pouvez retrouver la liste des exposants en cliquant ici.<\/a><\/p>\n<p class=\" wall-content\">Pour rappel le LAB se situe au 23 boulevard de Chantenay. L\u2019entr\u00e9e est libre.<\/p>\n<p>Exposition \u00ab\u2009Sous la pluie\u2009\u00bb<\/p>\n<p class=\" wall-content\">L\u2019exposition \u00ab\u2009Sous la pluie\u2009\u00bb est toujours en cours. Elle doit se terminer le <b>1er\u00a0mars <\/b>au Mus\u00e9e des arts de Nantes.<\/p>\n<p class=\" wall-content\">150 \u0153uvres sont expos\u00e9es issues de collections priv\u00e9es et de grands mus\u00e9es comme le Mus\u00e9e d\u2019Orsay ou le Philadelphia Museum of Art. Parmi ces \u0153uvres, il y a des tableaux peints par\u00a0<b>Gustave Caillebotte<\/b>, Gustave Courbet, William Turner, Camille Pissaro, Paul S\u00e9rusier ou encore James Tissot. Des photographes seront aussi expos\u00e9s (Andr\u00e9 Kert\u00e9sz).<\/p>\n<p class=\" wall-content\">Personnalisez votre actualit\u00e9 en ajoutant vos villes et m\u00e9dias en favori avec <a href=\"https:\/\/moncompte.actu.fr\" title=\"D\u00e9couvez Mon Actu\" rel=\"nofollow noopener\" data-trk=\"{&quot;cta&quot;:{&quot;action&quot;:&quot;https:\\\/\\\/moncompte.actu.fr&quot;,&quot;category&quot;:&quot;mon compte&quot;,&quot;from&quot;:&quot;article footer&quot;,&quot;name&quot;:&quot;Mon actu&quot;,&quot;type&quot;:&quot;cta&quot;}}\" target=\"_blank\">Mon Actu<\/a>.<\/p>\n","protected":false},"excerpt":{"rendered":"Par Laure Gentil Publi\u00e9 le 14 nov. 2025 \u00e0 17h27 Le temps est peut-\u00eatre gris mais la ville&hellip;\n","protected":false},"author":2,"featured_media":534968,"comment_status":"","ping_status":"","sticky":false,"template":"","format":"standard","meta":{"footnotes":""},"categories":[2818],"tags":[1111,11,1063,1777,674,1011,27,1652,766,12,2636,25,517],"class_list":{"0":"post-534967","1":"post","2":"type-post","3":"status-publish","4":"format-standard","5":"has-post-thumbnail","7":"category-nantes","8":"tag-actu","9":"tag-actualites","10":"tag-animations","11":"tag-eu","12":"tag-europe","13":"tag-fr","14":"tag-france","15":"tag-loisirs-culture","16":"tag-nantes","17":"tag-news","18":"tag-pays-de-la-loire","19":"tag-republique-francaise","20":"tag-sport"},"share_on_mastodon":{"url":"https:\/\/pubeurope.com\/@fr\/115551236645194770","error":""},"_links":{"self":[{"href":"https:\/\/www.europesays.com\/fr\/wp-json\/wp\/v2\/posts\/534967","targetHints":{"allow":["GET"]}}],"collection":[{"href":"https:\/\/www.europesays.com\/fr\/wp-json\/wp\/v2\/posts"}],"about":[{"href":"https:\/\/www.europesays.com\/fr\/wp-json\/wp\/v2\/types\/post"}],"author":[{"embeddable":true,"href":"https:\/\/www.europesays.com\/fr\/wp-json\/wp\/v2\/users\/2"}],"replies":[{"embeddable":true,"href":"https:\/\/www.europesays.com\/fr\/wp-json\/wp\/v2\/comments?post=534967"}],"version-history":[{"count":0,"href":"https:\/\/www.europesays.com\/fr\/wp-json\/wp\/v2\/posts\/534967\/revisions"}],"wp:featuredmedia":[{"embeddable":true,"href":"https:\/\/www.europesays.com\/fr\/wp-json\/wp\/v2\/media\/534968"}],"wp:attachment":[{"href":"https:\/\/www.europesays.com\/fr\/wp-json\/wp\/v2\/media?parent=534967"}],"wp:term":[{"taxonomy":"category","embeddable":true,"href":"https:\/\/www.europesays.com\/fr\/wp-json\/wp\/v2\/categories?post=534967"},{"taxonomy":"post_tag","embeddable":true,"href":"https:\/\/www.europesays.com\/fr\/wp-json\/wp\/v2\/tags?post=534967"}],"curies":[{"name":"wp","href":"https:\/\/api.w.org\/{rel}","templated":true}]}}