{"id":534969,"date":"2025-11-15T01:58:24","date_gmt":"2025-11-15T01:58:24","guid":{"rendered":"https:\/\/www.europesays.com\/fr\/534969\/"},"modified":"2025-11-15T01:58:24","modified_gmt":"2025-11-15T01:58:24","slug":"le-cinema-alternatif-et-associatif-cherche-son-forum-des-images-desesperement-a-bordeaux","status":"publish","type":"post","link":"https:\/\/www.europesays.com\/fr\/534969\/","title":{"rendered":"Le cin\u00e9ma alternatif et associatif cherche son Forum des images d\u00e9sesp\u00e9r\u00e9ment \u00e0 Bordeaux"},"content":{"rendered":"<p class=\"wp-block-post-excerpt__excerpt\">Le festival de documentaires musicaux Musical \u00e9cran, qui s\u2019ach\u00e8ve ce samedi 15 novembre, est en situation d\u00e9licate, l\u2019association Monoquini pour un cin\u00e9ma exp\u00e9rimental lutte pour son avenir, Cin\u00e9marges qui d\u00e9fend les films ind\u00e9pendants queers et f\u00e9ministes peine \u00e0 se stabiliser\u2026 Ces structures du cin\u00e9ma alternatif, qui cherchent encore leur place \u00e0 Bordeaux, r\u00e9clament un lieu d\u00e9di\u00e9. <\/p>\n<p><a href=\"https:\/\/rue89bordeaux.com\/category\/analyse\/\" rel=\"tag nofollow noopener\" target=\"_blank\">Analyse<\/a>, <a href=\"https:\/\/rue89bordeaux.com\/category\/kiosque-abonne\/\" rel=\"tag nofollow noopener\" target=\"_blank\">\u00c9dition abonn\u00e9s<\/a><\/p>\n<p>Maxime Longuet<\/p>\n<p>Publi\u00e9 le 14 novembre 2025\u00a0\u00a0\u00b7\u00a0\u00a0<\/p>\n<p>Imprim\u00e9 le 15 novembre 2025 \u00e0 02h58\u00a0\u00a0\u00b7\u00a0\u00a0<\/p>\n<p>\t\t\t\t\t10\u00a0minutes\n<\/p>\n<p>Samedi 8 novembre, il est un peu plus de 23h. C\u2019est la fin de la s\u00e9ance, une petite file se forme au pied du grand \u00e9cran de la salle 16 du M\u00e9garama. Des fans tiennent dans leur main un vinyle \u00e0 la pochette jaune canari lac\u00e9r\u00e9e d\u2019une bande rose bonbon sur laquelle on lit, en lettres in\u00e9gales, un nom l\u00e9gendaire : Sex Pistols.<\/p>\n<p>Son premier bassiste Glen Matlock, auteur de 10 des 12 titres de leur mythique et unique album studio \u00ab\u00a0Nevermind the Bollocks\u2026\u00a0\u00bb (1977), signe les disques des spectateurs nostalgiques.\u00a0 L\u2019ancien \u00ab\u00a0punk\u00a0\u00bb est venu sp\u00e9cialement pour la projection du documentaire I was a teenage Sex Pistol inspir\u00e9 de son livre et propos\u00e9 en avant-premi\u00e8re nationale par Musical \u00c9cran.<\/p>\n<p><img loading=\"lazy\" decoding=\"async\" width=\"792\" height=\"594\" src=\"https:\/\/www.europesays.com\/fr\/wp-content\/uploads\/2025\/11\/20251108-230501-792x594.jpg\" alt=\"\" class=\"wp-image-172914\"  \/> \u00c0 gauche, Glen Matlock, premier bassiste des Sex Pistols Photo\u00a0: ML\/Rue89 Bordeaux<\/p>\n<p>La 11e \u00e9dition de ce festival bordelais de documentaires musicaux, qui prend fin ce samedi 15 novembre, proposait une semaine intenses en d\u00e9couvertes : 30 projections (dont 7 gratuites), 15 avant-premi\u00e8res,\u00a022 invit\u00e9s, 6 lieux de projection\u2026 L\u2019occasion de d\u00e9couvrir l\u2019histoire des pionniers bordelais de la dub en France, le parcours de l\u2019\u00e9g\u00e9rie du ska britannique Pauline Black, ou encore d\u2019embrasser le combat de l\u2019ic\u00f4ne pop anglaise Jimmy Sommerville ou d\u00e9couvrir \u2026 De quoi rassasier les f\u00e9rus de ce genre cin\u00e9matographique un peu niche.<\/p>\n<p>\t\tUn festival pointu \u00e0 l\u2019avenir incertain ?<\/p>\n<p>Mais si depuis son lancement en 2015 le programme de Musical \u00c9cran reste toujours aussi pointu, il se joue dans la p\u00e9nombre des salles obscures un autre score : le festival cherche \u00e0 reprendre son souffle.<\/p>\n<blockquote class=\"wp-block-quote is-layout-flow wp-block-quote-is-layout-flow\">\n<p>\u00ab\u00a0Si on ne change pas les choses, dans deux-trois ans, l\u2019asso peut mourir\u00a0\u00bb, l\u00e2che Aymeric Mons\u00e9gur.<\/p>\n<\/blockquote>\n<p><img loading=\"lazy\" decoding=\"async\" width=\"480\" height=\"480\" src=\"https:\/\/www.europesays.com\/fr\/wp-content\/uploads\/2025\/04\/23-paywall.png\" alt=\"Abonnez-vous\" class=\"wp-image-128439\" style=\"aspect-ratio:1;width:210px;height:auto\"  \/><\/p>\n<p>Cet article fait partie de l\u2019\u00e9dition abonn\u00e9s. Pour lire la suite, profitez d\u2019une offre d\u00e9couverte \u00e0 1\u20ac.<\/p>\n<p class=\"has-gray-700-color has-text-color has-medium-font-size\">Contribuez \u00e0 consolider un m\u00e9dia ind\u00e9pendant \u00e0 Bordeaux, en capacit\u00e9 d\u2019enqu\u00eater sur les enjeux locaux.<\/p>\n<p>\t\t\t<a href=\"https:\/\/rue89bordeaux.com\/\" class=\"custom-logo-link\" rel=\"home nofollow noopener\" target=\"_blank\"><img loading=\"lazy\" decoding=\"async\" width=\"290\" height=\"49\" src=\"https:\/\/www.europesays.com\/fr\/wp-content\/uploads\/2025\/04\/logo.png\" class=\"custom-logo\" alt=\"Rue89Bordeaux Enqu\u00eates et informations de proximit\u00e9\"  \/><\/a><\/p>\n<p>\n\t\t\t\tAbonnez-vous maintenant pour suivre l\u2019actualit\u00e9 locale.\t\t\t<\/p>\n<p class=\"font-bold font-serif-heading mb-2 text-4xl\">\n\t\t\t\t\t\tL\u2019investigation locale \u00e0 port\u00e9e de main.\n\t\t\t\t\t<\/p>\n<p>\n\t\t\t\t\t\tAbonnez-vous et profitez d\u2019un acc\u00e8s illimit\u00e9 \u00e0 Rue89Bordeaux. Annulez quand vous voulez.\n\t\t\t\t\t<\/p>\n<p class=\"xl:text-sm\">\n\t\t\t\t\tD\u00e9j\u00e0 abonn\u00e9\u00a0?<br \/>\n\t\t\t\t\t<a class=\"border border-transparent text-center transition-colors duration-instant focus:border-info focus:rounded focus:shadow-focus cursor-pointer text-black hover:text-gray-700 active:bg-black-700 font-semibold inline-block\" href=\"https:\/\/rue89bordeaux.com\/user\/login\/?redirect=\/2025\/11\/le-cinema-alternatif-et-associatif-cherche-son-forum-des-images-desesperement-a-bordeaux\/\" rel=\"nofollow noopener\" target=\"_blank\">Connectez-vous<\/a>\t\t\t\t<\/p>\n<p>\n\t\t\t\tChoisissez votre formule\u00a0:\n\t\t\t<\/p>\n<p>\t\t\t\tFermer<\/p>\n","protected":false},"excerpt":{"rendered":"Le festival de documentaires musicaux Musical \u00e9cran, qui s\u2019ach\u00e8ve ce samedi 15 novembre, est en situation d\u00e9licate, l\u2019association&hellip;\n","protected":false},"author":2,"featured_media":534970,"comment_status":"","ping_status":"","sticky":false,"template":"","format":"standard","meta":{"footnotes":""},"categories":[2817],"tags":[1111,11,1997,650,251,1777,674,1011,27,65444,12,2219,25],"class_list":{"0":"post-534969","1":"post","2":"type-post","3":"status-publish","4":"format-standard","5":"has-post-thumbnail","7":"category-bordeaux","8":"tag-actu","9":"tag-actualites","10":"tag-bordeaux","11":"tag-cinema","12":"tag-culture","13":"tag-eu","14":"tag-europe","15":"tag-fr","16":"tag-france","17":"tag-musical-ecran","18":"tag-news","19":"tag-nouvelle-aquitaine","20":"tag-republique-francaise"},"share_on_mastodon":{"url":"https:\/\/pubeurope.com\/@fr\/115551242830466584","error":""},"_links":{"self":[{"href":"https:\/\/www.europesays.com\/fr\/wp-json\/wp\/v2\/posts\/534969","targetHints":{"allow":["GET"]}}],"collection":[{"href":"https:\/\/www.europesays.com\/fr\/wp-json\/wp\/v2\/posts"}],"about":[{"href":"https:\/\/www.europesays.com\/fr\/wp-json\/wp\/v2\/types\/post"}],"author":[{"embeddable":true,"href":"https:\/\/www.europesays.com\/fr\/wp-json\/wp\/v2\/users\/2"}],"replies":[{"embeddable":true,"href":"https:\/\/www.europesays.com\/fr\/wp-json\/wp\/v2\/comments?post=534969"}],"version-history":[{"count":0,"href":"https:\/\/www.europesays.com\/fr\/wp-json\/wp\/v2\/posts\/534969\/revisions"}],"wp:featuredmedia":[{"embeddable":true,"href":"https:\/\/www.europesays.com\/fr\/wp-json\/wp\/v2\/media\/534970"}],"wp:attachment":[{"href":"https:\/\/www.europesays.com\/fr\/wp-json\/wp\/v2\/media?parent=534969"}],"wp:term":[{"taxonomy":"category","embeddable":true,"href":"https:\/\/www.europesays.com\/fr\/wp-json\/wp\/v2\/categories?post=534969"},{"taxonomy":"post_tag","embeddable":true,"href":"https:\/\/www.europesays.com\/fr\/wp-json\/wp\/v2\/tags?post=534969"}],"curies":[{"name":"wp","href":"https:\/\/api.w.org\/{rel}","templated":true}]}}