{"id":534984,"date":"2025-11-15T02:07:21","date_gmt":"2025-11-15T02:07:21","guid":{"rendered":"https:\/\/www.europesays.com\/fr\/534984\/"},"modified":"2025-11-15T02:07:21","modified_gmt":"2025-11-15T02:07:21","slug":"lyon-des-barges-pilotes-pour-nettoyer-les-eaux-usees-des-peniches","status":"publish","type":"post","link":"https:\/\/www.europesays.com\/fr\/534984\/","title":{"rendered":"Lyon. Des \u00ab\u00a0barges pilotes\u00a0\u00bb pour nettoyer les eaux us\u00e9es des p\u00e9niches"},"content":{"rendered":"<p>Dans la nature, un syst\u00e8me simple existe pour que des \u00ab\u00a0gros poissons\u00a0\u00bb soient nettoy\u00e9s par des \u00ab\u00a0petits\u00a0\u00bb\u00a0: les poissons pilotes vivent au crochet des gros, qui leur apportent g\u00eete et couvert en quelque sorte. Le couvert \u00e9tant des bact\u00e9ries ou autre, qui nuisent a l\u2019un qui profite \u00e0 l\u2019autre.<\/p>\n<p>\u00c0 Lyon, un syst\u00e8me similaire est test\u00e9 durant un an, qui s\u2019appliquera \u00e0 deux p\u00e9niches habit\u00e9es sur le territoire (les bateaux Balthazar et Friponne). Il s\u2019agit d\u2019une exp\u00e9rimentation d\u2019un syst\u00e8me de barge \u00e0 dimension&#8230;<\/p>\n","protected":false},"excerpt":{"rendered":"Dans la nature, un syst\u00e8me simple existe pour que des \u00ab\u00a0gros poissons\u00a0\u00bb soient nettoy\u00e9s par des \u00ab\u00a0petits\u00a0\u00bb\u00a0: les&hellip;\n","protected":false},"author":2,"featured_media":534985,"comment_status":"","ping_status":"","sticky":false,"template":"","format":"standard","meta":{"footnotes":""},"categories":[1889],"tags":[1111,11,2430,2757,436,1777,674,1011,27,9588,2428,12354,12353,12,25],"class_list":{"0":"post-534984","1":"post","2":"type-post","3":"status-publish","4":"format-standard","5":"has-post-thumbnail","7":"category-lyon","8":"tag-actu","9":"tag-actualites","10":"tag-auvergne-rhone-alpes","11":"tag-edition-lyon-villeurbanne","12":"tag-environnement","13":"tag-eu","14":"tag-europe","15":"tag-fr","16":"tag-france","17":"tag-ici-on-agit","18":"tag-lyon","19":"tag-lyon-2e","20":"tag-lyon-2e-arrondissement","21":"tag-news","22":"tag-republique-francaise"},"share_on_mastodon":{"url":"https:\/\/pubeurope.com\/@fr\/115551275885287438","error":""},"_links":{"self":[{"href":"https:\/\/www.europesays.com\/fr\/wp-json\/wp\/v2\/posts\/534984","targetHints":{"allow":["GET"]}}],"collection":[{"href":"https:\/\/www.europesays.com\/fr\/wp-json\/wp\/v2\/posts"}],"about":[{"href":"https:\/\/www.europesays.com\/fr\/wp-json\/wp\/v2\/types\/post"}],"author":[{"embeddable":true,"href":"https:\/\/www.europesays.com\/fr\/wp-json\/wp\/v2\/users\/2"}],"replies":[{"embeddable":true,"href":"https:\/\/www.europesays.com\/fr\/wp-json\/wp\/v2\/comments?post=534984"}],"version-history":[{"count":0,"href":"https:\/\/www.europesays.com\/fr\/wp-json\/wp\/v2\/posts\/534984\/revisions"}],"wp:featuredmedia":[{"embeddable":true,"href":"https:\/\/www.europesays.com\/fr\/wp-json\/wp\/v2\/media\/534985"}],"wp:attachment":[{"href":"https:\/\/www.europesays.com\/fr\/wp-json\/wp\/v2\/media?parent=534984"}],"wp:term":[{"taxonomy":"category","embeddable":true,"href":"https:\/\/www.europesays.com\/fr\/wp-json\/wp\/v2\/categories?post=534984"},{"taxonomy":"post_tag","embeddable":true,"href":"https:\/\/www.europesays.com\/fr\/wp-json\/wp\/v2\/tags?post=534984"}],"curies":[{"name":"wp","href":"https:\/\/api.w.org\/{rel}","templated":true}]}}