{"id":534988,"date":"2025-11-15T02:10:36","date_gmt":"2025-11-15T02:10:36","guid":{"rendered":"https:\/\/www.europesays.com\/fr\/534988\/"},"modified":"2025-11-15T02:10:36","modified_gmt":"2025-11-15T02:10:36","slug":"mareva-michel-miss-ile-de-france-2025-ma-mere-et-ma-tante-ont-toutes-les-deux-ete-miss","status":"publish","type":"post","link":"https:\/\/www.europesays.com\/fr\/534988\/","title":{"rendered":"Mareva Michel, Miss \u00cele-de-France 2025 : \u00ab Ma m\u00e8re et ma tante ont toutes les deux \u00e9t\u00e9 Miss \u00bb"},"content":{"rendered":"<p class=\"mb-4 text-lg md:leading-8 break-words\">\u00c9lue le 20\u00a0septembre dernier \u00e0 Dammarie-les-Lys, Mareva Michel porte l\u2019\u00e9charpe de Miss \u00cele-de-France 2025. \u00c2g\u00e9e de 21\u00a0ans, la jeune femme, fille de Miss, se pr\u00e9pare aujourd\u2019hui \u00e0 l\u2019\u00e9lection de Miss France 2026 qui se tiendra\u00a0<a href=\"https:\/\/www.parismatch.com\/People\/quand-et-ou-aura-lieu-la-prochaine-election-de-miss-france-257962\" rel=\"nofollow noopener\" target=\"_blank\" data-ylk=\"slk:le 6\u00a0d\u00e9cembre prochain au Z\u00e9nith d\u2019Amiens;elm:context_link;itc:0;sec:content-canvas\" class=\"link \">le 6\u00a0d\u00e9cembre prochain au Z\u00e9nith d\u2019Amiens<\/a>, o\u00f9 elle esp\u00e8re remporter la couronne, quatre ans apr\u00e8s Diane Leyre, Miss \u00cele-de-France 2021, son mod\u00e8le.<\/p>\n<p class=\"mb-4 text-lg md:leading-8 break-words\"><strong>Pr\u00e9sentez-vous-en quelques mots, o\u00f9 \u00eates-vous n\u00e9e et o\u00f9 avez-vous grandi\u00a0?<\/strong><br \/>Je suis n\u00e9e et j\u2019ai grandi dans les Yvelines. D\u2019origine mexicaine, ce m\u00e9lange culturel m\u2019a toujours donn\u00e9 une grande ouverture d\u2019esprit et une curiosit\u00e9 pour le monde. Parfaitement trilingue en fran\u00e7ais, anglais et espagnol, j\u2019aime \u00e9voluer dans des environnements internationaux et d\u00e9couvrir de nouvelles cultures. Passionn\u00e9e de sports extr\u00eames, d\u2019entrepreneuriat et de voyages, j\u2019aime cr\u00e9er, apprendre et m\u2019investir dans des projets qui ont du sens.<\/p>\n<p class=\"mb-4 text-lg md:leading-8 break-words\"><strong>Que faisiez-vous avant de participer au concours\u00a0?<\/strong><br \/>J\u2019\u00e9tais en 4\u1d49 ann\u00e9e \u00e0 l\u2019ESSEC Business School, dans le track anglophone. Cette formation internationale m\u2019a permis de pratiquer mes trois langues au quotidien, tout en poursuivant l\u2019apprentissage du chinois, que j\u2019\u00e9tudie depuis maintenant huit ans. J\u2019ai \u00e9galement eu la chance de partir six mois en Erasmus \u00e0 Madrid, une exp\u00e9rience qui m\u2019a \u00e9norm\u00e9ment enrichie sur le plan humain et culturel. Gr\u00e2ce \u00e0 la diversit\u00e9 des mati\u00e8res enseign\u00e9es, comme le marketing, la strat\u00e9gie ou la gestion de projet, j\u2019ai acquis une solide compr\u00e9hension du monde de &#8230;<\/p>\n<p class=\"mb-4 text-lg md:leading-8 break-words\"><a href=\"https:\/\/www.parismatch.com\/People\/mareva-michel-miss-ile-de-france-2025-ma-mere-et-ma-tante-ont-toutes-les-deux-ete-miss-260154?at_medium=affiliate&amp;at_campaign=Yahoo\" rel=\"nofollow noopener\" target=\"_blank\" data-ylk=\"slk:Lire la suite sur ParisMatch;elm:context_link;itc:0;sec:content-canvas\" class=\"link \">Lire la suite sur ParisMatch<\/a><\/p>\n","protected":false},"excerpt":{"rendered":"\u00c9lue le 20\u00a0septembre dernier \u00e0 Dammarie-les-Lys, Mareva Michel porte l\u2019\u00e9charpe de Miss \u00cele-de-France 2025. \u00c2g\u00e9e de 21\u00a0ans, la&hellip;\n","protected":false},"author":2,"featured_media":534989,"comment_status":"","ping_status":"","sticky":false,"template":"","format":"standard","meta":{"footnotes":""},"categories":[1592],"tags":[1111,11,48531,34820,1777,674,1011,27,662,53991,12,626,25],"class_list":{"0":"post-534988","1":"post","2":"type-post","3":"status-publish","4":"format-standard","5":"has-post-thumbnail","7":"category-ile-de-france","8":"tag-actu","9":"tag-actualites","10":"tag-dammarie-les-lys","11":"tag-diane-leyre","12":"tag-eu","13":"tag-europe","14":"tag-fr","15":"tag-france","16":"tag-ile-de-france","17":"tag-mareva-michel","18":"tag-news","19":"tag-paris","20":"tag-republique-francaise"},"share_on_mastodon":{"url":"https:\/\/pubeurope.com\/@fr\/115551287588402979","error":""},"_links":{"self":[{"href":"https:\/\/www.europesays.com\/fr\/wp-json\/wp\/v2\/posts\/534988","targetHints":{"allow":["GET"]}}],"collection":[{"href":"https:\/\/www.europesays.com\/fr\/wp-json\/wp\/v2\/posts"}],"about":[{"href":"https:\/\/www.europesays.com\/fr\/wp-json\/wp\/v2\/types\/post"}],"author":[{"embeddable":true,"href":"https:\/\/www.europesays.com\/fr\/wp-json\/wp\/v2\/users\/2"}],"replies":[{"embeddable":true,"href":"https:\/\/www.europesays.com\/fr\/wp-json\/wp\/v2\/comments?post=534988"}],"version-history":[{"count":0,"href":"https:\/\/www.europesays.com\/fr\/wp-json\/wp\/v2\/posts\/534988\/revisions"}],"wp:featuredmedia":[{"embeddable":true,"href":"https:\/\/www.europesays.com\/fr\/wp-json\/wp\/v2\/media\/534989"}],"wp:attachment":[{"href":"https:\/\/www.europesays.com\/fr\/wp-json\/wp\/v2\/media?parent=534988"}],"wp:term":[{"taxonomy":"category","embeddable":true,"href":"https:\/\/www.europesays.com\/fr\/wp-json\/wp\/v2\/categories?post=534988"},{"taxonomy":"post_tag","embeddable":true,"href":"https:\/\/www.europesays.com\/fr\/wp-json\/wp\/v2\/tags?post=534988"}],"curies":[{"name":"wp","href":"https:\/\/api.w.org\/{rel}","templated":true}]}}