{"id":535018,"date":"2025-11-15T02:29:14","date_gmt":"2025-11-15T02:29:14","guid":{"rendered":"https:\/\/www.europesays.com\/fr\/535018\/"},"modified":"2025-11-15T02:29:14","modified_gmt":"2025-11-15T02:29:14","slug":"je-ne-suis-pas-encore-le-joueur-que-je-voudrais-etre-lance-shelton-apres-ses-trois-defaites","status":"publish","type":"post","link":"https:\/\/www.europesays.com\/fr\/535018\/","title":{"rendered":"\u00abJe ne suis pas encore le joueur que je voudrais \u00eatre\u00bb, lance Shelton apr\u00e8s ses trois d\u00e9faites"},"content":{"rendered":"<p>\n    Battu par Jannik Sinner ce vendredi, l\u2019Am\u00e9ricain Ben Shelton, \u00e9limin\u00e9, a pay\u00e9 pour apprendre cette semaine au Masters \u00e0 Turin.<\/p>\n<p class=\"fig-paragraph\">Il lui reste encore du chemin. Les d\u00e9buts de Ben Shelton aux Finals ATP se sont sold\u00e9s par trois d\u00e9faites en trois matchs apr\u00e8s<a href=\"http:\/\/www.lefigaro.fr\/sports\/tennis\/atp-finals-sinner-recu-trois-sur-trois-20251114\" data-fig-type=\"NewsFlash\" data-gtm-custom-categorie=\"navigation\" data-gtm-custom-action=\"crossclick\" data-gtm-custom-label=\"Contextuel\" data-gtm-event=\"customEventSPE\" data-fig-domain=\"LEFIGARO\" target=\"_blank\" rel=\"noopener\">\u00a0son revers contre Jannik Sinner vendredi.\u00a0<\/a>Si l\u2019Am\u00e9ricain a \u00e9t\u00e9 d\u00e9\u00e7u par la mani\u00e8re dont il a quitt\u00e9 le tournoi de fin de saison, cela lui servira de motivation pour l\u2019ann\u00e9e prochaine.<\/p>\n<p class=\"fig-paragraph\">Shelton est le seul joueur \u00e0 avoir perdu ses trois matchs de poule lors de la comp\u00e9tition de cette ann\u00e9e \u00e0 Turin. Ses d\u00e9faites contre Alexander Zverev et F\u00e9lix Auger-Aliassime avaient d\u00e9j\u00e0 \u00e9limin\u00e9 l\u2019Am\u00e9ricain avant sa d\u00e9faite 6-3, 7-6(3) contre Sinner. L\u2019Am\u00e9ricain s\u2019\u00e9tait qualifi\u00e9 pour la premi\u00e8re fois pour les Finals gr\u00e2ce \u00e0 sa meilleure saison \u00e0 ce jour, se hissant \u00e0 la cinqui\u00e8me place mondiale, remportant son premier titre ATP 1000 et atteignant les demi-finales de l\u2019Open d\u2019Australie, o\u00f9 il s\u2019\u00e9tait inclin\u00e9 face \u00e0 Sinner.<\/p>\n<p>                                    <a class=\"fig-a11y-skip a11y-hidden\" href=\"#fig-a11y-skip-main-inarticle\"><br \/>\n        Passer la publicit\u00e9<br \/>\n    <\/a><\/p>\n<p class=\"fig-paragraph\">\u00abC\u2019est difficile de terminer la saison comme \u00e7a, avec un bilan de 0-3 aux Finals\u00bb, a d\u00e9clar\u00e9 Shelton. \u00ab Pour moi, c\u2019est \u00e9videmment une excellente ann\u00e9e. Il y a beaucoup de points positifs. Le tennis est plein de hauts et de bas. Cela va juste me pousser \u00e0 travailler encore plus dur pendant l\u2019intersaison et me rendre encore plus impatient pour la saison 2026. Mais oui, \u00e7a fait mal, c\u2019est s\u00fbr.\u00bb \u00abJe ne suis pas encore le joueur que je voudrai \u00eatre. Je suis loin du compte. Il y a tellement de choses sur lesquelles je dois travailler.\u00bb<\/p>\n<p>Impressionn\u00e9 par le service de Sinner<\/p>\n<p class=\"fig-paragraph\">Shelton a d\u00e9sormais perdu huit matchs cons\u00e9cutifs contre Sinner, apr\u00e8s avoir remport\u00e9 sa seule victoire contre l\u2019Italien lors de leur premi\u00e8re rencontre, et a affront\u00e9 le num\u00e9ro deux mondial sur dur en salle, sur dur en ext\u00e9rieur et sur gazon. La victoire de Sinner vendredi a prolong\u00e9 sa s\u00e9rie de victoires sur dur en salle \u00e0 29, et Shelton estime que c\u2019est le service de l\u2019Italien sur cette surface qui le rend imbattable \u00e0 l\u2019heure actuelle.<\/p>\n<p class=\"fig-paragraph\">\u00abDiff\u00e9rents aspects de son jeu sont plus efficaces sur diff\u00e9rentes surfaces. Je pense qu\u2019en Australie, sa capacit\u00e9 \u00e0 construire le point, \u00e0 vous faire courir sur le court, ses coups de fond de court prennent toute leur dimension. Ici, sur les courts en salle, il frappe beaucoup sur les lignes au service. Il est d\u2019une pr\u00e9cision redoutable. Il est g\u00e9n\u00e9ralement plus facile de servir en salle. Je pense que son service le rend vraiment tr\u00e8s difficile \u00e0 battre ici. De toute \u00e9vidence, sa capacit\u00e9 \u00e0 prendre son temps et \u00e0 frapper des coups gagnants depuis diff\u00e9rents endroits, depuis la ligne de fond, n\u2019importe o\u00f9 sur le court, est un gros avantage. Je pense qu\u2019il est difficile de contester le fait que le court en dur en salle n\u2019est pas sa meilleure surface.\u00bb<\/p>\n<p class=\"fig-paragraph\">Sinner affrontera l\u2019Australien Alex De Minaur en demi-finale samedi, tandis que Carlos Alcaraz attendra le vainqueur du match entre Auger-Aliassime et Zverev, qui se d\u00e9roulera plus tard vendredi.<\/p>\n","protected":false},"excerpt":{"rendered":"Battu par Jannik Sinner ce vendredi, l\u2019Am\u00e9ricain Ben Shelton, \u00e9limin\u00e9, a pay\u00e9 pour apprendre cette semaine au Masters&hellip;\n","protected":false},"author":2,"featured_media":535019,"comment_status":"","ping_status":"","sticky":false,"template":"","format":"standard","meta":{"footnotes":""},"categories":[1415],"tags":[1011,27,6431,60,1467],"class_list":{"0":"post-535018","1":"post","2":"type-post","3":"status-publish","4":"format-standard","5":"has-post-thumbnail","7":"category-tennis","8":"tag-fr","9":"tag-france","10":"tag-masters-atp","11":"tag-sports","12":"tag-tennis"},"share_on_mastodon":{"url":"https:\/\/pubeurope.com\/@fr\/115551362286257894","error":""},"_links":{"self":[{"href":"https:\/\/www.europesays.com\/fr\/wp-json\/wp\/v2\/posts\/535018","targetHints":{"allow":["GET"]}}],"collection":[{"href":"https:\/\/www.europesays.com\/fr\/wp-json\/wp\/v2\/posts"}],"about":[{"href":"https:\/\/www.europesays.com\/fr\/wp-json\/wp\/v2\/types\/post"}],"author":[{"embeddable":true,"href":"https:\/\/www.europesays.com\/fr\/wp-json\/wp\/v2\/users\/2"}],"replies":[{"embeddable":true,"href":"https:\/\/www.europesays.com\/fr\/wp-json\/wp\/v2\/comments?post=535018"}],"version-history":[{"count":0,"href":"https:\/\/www.europesays.com\/fr\/wp-json\/wp\/v2\/posts\/535018\/revisions"}],"wp:featuredmedia":[{"embeddable":true,"href":"https:\/\/www.europesays.com\/fr\/wp-json\/wp\/v2\/media\/535019"}],"wp:attachment":[{"href":"https:\/\/www.europesays.com\/fr\/wp-json\/wp\/v2\/media?parent=535018"}],"wp:term":[{"taxonomy":"category","embeddable":true,"href":"https:\/\/www.europesays.com\/fr\/wp-json\/wp\/v2\/categories?post=535018"},{"taxonomy":"post_tag","embeddable":true,"href":"https:\/\/www.europesays.com\/fr\/wp-json\/wp\/v2\/tags?post=535018"}],"curies":[{"name":"wp","href":"https:\/\/api.w.org\/{rel}","templated":true}]}}