{"id":535024,"date":"2025-11-15T02:35:14","date_gmt":"2025-11-15T02:35:14","guid":{"rendered":"https:\/\/www.europesays.com\/fr\/535024\/"},"modified":"2025-11-15T02:35:14","modified_gmt":"2025-11-15T02:35:14","slug":"laurent-delahousse-face-a-une-superstar-f","status":"publish","type":"post","link":"https:\/\/www.europesays.com\/fr\/535024\/","title":{"rendered":"Laurent Delahousse face \u00e0 une superstar f &#8230;"},"content":{"rendered":"<p>EN BREF<\/p>\n<ul class=\"bloc_resume_post_list\">\n<li>Laurent Delahousse a interview\u00e9 Harrison Ford lors du<br \/>\nFestival de Cannes 2023 dans 20h30 le dimanche.<\/li>\n<li>L\u2019acteur s\u2019est montr\u00e9 tr\u00e8s \u00e9mu et virulent en \u00e9voquant<br \/>\nl\u2019urgence climatique.<\/li>\n<li>Harrison Ford a surpris le journaliste en employant un<br \/>\nlangage cru pour alerter sur la situation<br \/>\nenvironnementale.<\/li>\n<\/ul>\n<p data-start=\"293\" data-end=\"638\">La t\u00e9l\u00e9vision fran\u00e7aise a ses<br \/>\npr\u00e9sentateurs phares et Laurent Delahousse en fait<br \/>\nincontestablement partie. Apr\u00e8s avoir anim\u00e9 plusieurs magazines<br \/>\nd\u2019actualit\u00e9s sur M6, il a rejoint France 2 en 2006 et pr\u00e9sente les<br \/>\n\u00e9ditions du week-end du 20 heures, anime le documentaire<br \/>\nUn jour, un destin depuis<br \/>\n2007, et conduit des magazines comme le 13h15.<\/p>\n<p data-start=\"640\" data-end=\"963\">Depuis plusieurs saisons, il<br \/>\npropose \u00e9galement un rendez-vous dominical \u00e0 part : <a href=\"https:\/\/www.telestar.fr\/actu_tv\/20h30-le-dimanche-carole-bouquet-fait-une-confidence-intime-inattendue-en-plein-direct-jaurais-bien-1741490\" target=\"_blank\" rel=\"noopener\"><br \/>\n20h30 le dimanche.<\/a><br \/>\nDans ce magazine, diffus\u00e9 juste apr\u00e8s le JT, Delahousse invite une<br \/>\npersonnalit\u00e9 qui fait l\u2019actualit\u00e9, pour un grand entretien. Mais<br \/>\nles rencontres ne se font pas toujours comme pr\u00e9vu. La preuve avec<br \/>\ncette star am\u00e9ricaine.<\/p>\n<p>Laurent Delahousse : cette<br \/>\ninterview dont il se rappellera longtemps<\/p>\n<p data-start=\"1039\" data-end=\"1396\">Cette interview, Laurent<br \/>\nDelahousse s\u2019en souviendra toute sa vie. Le 21 mai 2023, alors que<br \/>\nle Festival de Cannes battait son plein, le journaliste avait<br \/>\nquitt\u00e9 les locaux de France T\u00e9l\u00e9visions pour se rendre sur place.<br \/>\nUn moyen d\u2019\u00eatre au plus proche de l\u2019actualit\u00e9, mais aussi de<br \/>\nprofiter du passage de stars internationales, pour faire un grand<br \/>\nentretien.<\/p>\n<p data-start=\"1398\" data-end=\"1845\">Ce jour-l\u00e0, l\u2019animateur a eu<br \/>\nla chance de rencontrer <a href=\"https:\/\/www.telestar.fr\/people\/ca-lui-est-passe-sous-le-nez-harrison-ford-ce-role-cultissime-quil-a-refuse-parce-quil-ne-le-sentait-pas-du-tout-1734646\" target=\"_blank\" rel=\"noopener\"><br \/>\nun des plus grands noms d\u2019Hollywood : Harrison Ford.<\/a> Un nom qui<br \/>\nfait \u00e9cho au plus grand nombre, que l\u2019on soit passionn\u00e9 de cin\u00e9ma<br \/>\nou non. Il est notamment connu pour son r\u00f4le de <strong>Han Solo<br \/>\ndans la saga Star<br \/>\nWars<\/strong>, mais aussi pour <a href=\"https:\/\/www.telestar.fr\/culture\/indiana-jones-un-chapeau-porte-par-harrison-ford-vendu-aux-encheres-pour-une-somme-astronomique-626768\" target=\"_blank\" rel=\"noopener\"><br \/>\njouer Indiana Jones,<\/a> l\u2019un des plus c\u00e9l\u00e8bres aventuriers du<br \/>\nmonde. C\u2019est d\u2019ailleurs pour un dernier film de la saga qu\u2019il \u00e9tait<br \/>\npr\u00e9sent au Festival de Cannes en 2023.<\/p>\n<p>Harrison Ford sort de ses gonds en pleine interview<\/p>\n<p data-start=\"1904\" data-end=\"2315\">C\u2019est donc \u00e0 l\u2019occasion de la<br \/>\ndiffusion d<strong>e Indiana<br \/>\nJones et le Cadran de la destin\u00e9e<\/strong> que <strong>Laurent<br \/>\nDelahousse a re\u00e7u Harrison Ford.<\/strong> Au cours de l\u2019interview,<br \/>\nils ont abord\u00e9 le sujet de l\u2019\u00e9cologie et plus globalement de<br \/>\n<strong>la sant\u00e9 de la plan\u00e8te.<\/strong> Lorsque le pr\u00e9sentateur a<br \/>\ndemand\u00e9 \u00e0 la star am\u00e9ricaine si, selon lui, les politiques<br \/>\nr\u00e9agissaient assez vite \u00e0 l\u2019urgence climatique, il s\u2019est exclam\u00e9 :<br \/>\n\u201cMon dieu non.\u201d<\/p>\n<p data-start=\"2317\" data-end=\"2622\">Plus tard, il dira :<br \/>\n\u201cNotre futur d\u00e9pend de la<br \/>\nscience et du fait de reconna\u00eetre la v\u00e9rit\u00e9 sur ce qu\u00a0\u00bbil se passe<br \/>\ndevant nos yeux.\u201d Visiblement touch\u00e9 par le sujet, il en<br \/>\nviendra \u00e0 dire des grossi\u00e8ret\u00e9s : \u201c<strong>Et si on ne se bouge pas le cul et qu&rsquo;on ne le fait<br \/>\npas maintenant, on va perdre cette plan\u00e8te.<\/strong>\u201d<\/p>\n","protected":false},"excerpt":{"rendered":"EN BREF Laurent Delahousse a interview\u00e9 Harrison Ford lors du Festival de Cannes 2023 dans 20h30 le dimanche.&hellip;\n","protected":false},"author":2,"featured_media":535025,"comment_status":"","ping_status":"","sticky":false,"template":"","format":"standard","meta":{"footnotes":""},"categories":[1359],"tags":[548,58,59,1011,27,5097,973],"class_list":{"0":"post-535024","1":"post","2":"type-post","3":"status-publish","4":"format-standard","5":"has-post-thumbnail","7":"category-people","8":"tag-article-simple","9":"tag-divertissement","10":"tag-entertainment","11":"tag-fr","12":"tag-france","13":"tag-laurent-delahousse","14":"tag-people"},"share_on_mastodon":{"url":"https:\/\/pubeurope.com\/@fr\/115551386014022914","error":""},"_links":{"self":[{"href":"https:\/\/www.europesays.com\/fr\/wp-json\/wp\/v2\/posts\/535024","targetHints":{"allow":["GET"]}}],"collection":[{"href":"https:\/\/www.europesays.com\/fr\/wp-json\/wp\/v2\/posts"}],"about":[{"href":"https:\/\/www.europesays.com\/fr\/wp-json\/wp\/v2\/types\/post"}],"author":[{"embeddable":true,"href":"https:\/\/www.europesays.com\/fr\/wp-json\/wp\/v2\/users\/2"}],"replies":[{"embeddable":true,"href":"https:\/\/www.europesays.com\/fr\/wp-json\/wp\/v2\/comments?post=535024"}],"version-history":[{"count":0,"href":"https:\/\/www.europesays.com\/fr\/wp-json\/wp\/v2\/posts\/535024\/revisions"}],"wp:featuredmedia":[{"embeddable":true,"href":"https:\/\/www.europesays.com\/fr\/wp-json\/wp\/v2\/media\/535025"}],"wp:attachment":[{"href":"https:\/\/www.europesays.com\/fr\/wp-json\/wp\/v2\/media?parent=535024"}],"wp:term":[{"taxonomy":"category","embeddable":true,"href":"https:\/\/www.europesays.com\/fr\/wp-json\/wp\/v2\/categories?post=535024"},{"taxonomy":"post_tag","embeddable":true,"href":"https:\/\/www.europesays.com\/fr\/wp-json\/wp\/v2\/tags?post=535024"}],"curies":[{"name":"wp","href":"https:\/\/api.w.org\/{rel}","templated":true}]}}