{"id":535028,"date":"2025-11-15T02:38:19","date_gmt":"2025-11-15T02:38:19","guid":{"rendered":"https:\/\/www.europesays.com\/fr\/535028\/"},"modified":"2025-11-15T02:38:19","modified_gmt":"2025-11-15T02:38:19","slug":"cest-un-peu-triste-les-fans-agaces-par-la-quasi-absence-dun-personnage-historique-de-la-serie-de-tf1","status":"publish","type":"post","link":"https:\/\/www.europesays.com\/fr\/535028\/","title":{"rendered":"\u00ab\u00a0C&rsquo;est un peu triste\u00a0\u00bb, les fans agac\u00e9s par la quasi absence d&rsquo;un personnage historique de la s\u00e9rie de TF1"},"content":{"rendered":"<p>Dans Plus belle la vie, encore plus belle si certains personnages sont tr\u00e8s r\u00e9guli\u00e8rement au centre de l&rsquo;intrigue, d&rsquo;autres sont beaucoup moins pr\u00e9sents \u00e0 l&rsquo;\u00e9cran. De quoi agacer les fans de la s\u00e9rie de TF1&#8230;<\/p>\n<p>La fin d&rsquo;ann\u00e9e s&rsquo;annonce intense sous le soleil du Mistral ! En effet, dans Plus belle la vie, encore plus belle &#8211; r\u00e9cemment marqu\u00e9e par <a href=\"https:\/\/www.programme-tv.net\/news\/series-tv\/390089-mort-de-l-acteur-lyad-smain-un-si-grand-soleil-plus-belle-la-vie-a-seulement-27-ans\/\" data-api-deeplink=\"teleloisirs:\/\/news\/390089\" target=\"_blank\" rel=\"noopener\">le d\u00e9c\u00e8s d&rsquo;un com\u00e9dien \u00e0 seulement 27 ans<\/a>, les habitants du quartier embl\u00e9matique d\u00e9couvriront bient\u00f4t le personnage de Charles Duvivier, incarn\u00e9 par l&rsquo;interpr\u00e8te du fameux Super R\u00e9sistant de Papy fait de la r\u00e9sistance, en l&rsquo;occurrence <a href=\"https:\/\/www.programme-tv.net\/news\/series-tv\/388317-plus-belle-la-vie-martin-lamotte-arrive-martin-petit-fils-de-luna-debarque-ella-philippe-nisma-quitte-la-serie-de-tf1\/\" data-api-deeplink=\"teleloisirs:\/\/news\/388317\" target=\"_blank\" rel=\"noopener\">Martin Lamotte<\/a>. <a href=\"https:\/\/www.programme-tv.net\/news\/series-tv\/391505-plus-belle-la-vie-on-sait-quand-marin-lamotte-arrive-dans-la-serie-de-tf1\/\" data-api-deeplink=\"teleloisirs:\/\/news\/391505\" target=\"_blank\" rel=\"noopener\">Le com\u00e9dien de 78 ans incarnera un joaillier \u00e0 la retraite<\/a> qui va voir son quotidien bouscul\u00e9 par l&rsquo;arriv\u00e9e de Chlo\u00e9 (Valentine Goujon), sa nouvelle femme de m\u00e9nage. Le personnage devrait \u00e9galement \u00eatre en interaction avec Baptiste (<a href=\"https:\/\/www.programme-tv.net\/biographie\/268442-tresor-bryan\/\" data-link-people=\"0ff41513-d3ef-42cb-89cb-37943a2e205b\" target=\"_blank\" rel=\"noopener\">Bryan Tr\u00e9sor<\/a>). Par ailleurs, un autre nouveau visage s&rsquo;appr\u00eate \u00e0 faire son arriv\u00e9e dans la s\u00e9rie marseillaise. Ce r\u00f4le in\u00e9dit sera en lien avec une figure indissociable du Mistral, mais pourtant tr\u00e8s peu pr\u00e9sente&#8230;<\/p>\n<p>                        Plus belle la vie : \u00ab\u00a0Bien trop en retrait\u00a0\u00bb, le ras-le-bol des internautes sur l&rsquo;absence de Mirta (Sylvie Flepp)<\/p>\n<p>Figurant parmi les quelques com\u00e9diens d\u00e9j\u00e0 pr\u00e9sents dans la version de France 3, <b>Sylvie Flepp <\/b>(Mirta) a aussi fait son retour dans la suite du feuilleton sur TF1, mais a pourtant rarement \u00e9t\u00e9 \u00e0 l&rsquo;affiche des intrigues centrales du Mistral, contrairement \u00e0 Anne D\u00e9cis (Luna) ou Marie Hennerez (L\u00e9a) depuis le 8\u00a0janvier 2024, date de naissance de ce Plus belle la vie, encore plus belle sur TF1. De quoi d\u00e9clencher l&rsquo;incompr\u00e9hension du public. En effet, alors qu&rsquo;on devrait bient\u00f4t la voir aux c\u00f4t\u00e9s de son petit-fils, l&rsquo;Instagram officiel de Plus belle la vie a partag\u00e9 une photo de Mirta. Les internautes n&rsquo;ont alors pas manqu\u00e9 de d\u00e9plorer la quasi-absence de leur personnage favori \u00e0 l&rsquo;antenne. \u00ab\u00a0C&rsquo;est un peu triste de voir des personnages embl\u00e9matiques comme Blanche ou Mirta rel\u00e9gu\u00e9es au second plan\u00a0\u00bb s&rsquo;insurge nollvalerie, quand un autre dit \u00ab\u00a0Mirta est bien trop en retrait depuis la reprise ..\u00a0\u00bb Alors l&rsquo;appel des fans sera-t-il bient\u00f4t entendu ?<\/p>\n<p>            Plus belle la vie : Martin, le fils de Ninon et Rudy arrive bient\u00f4t au Mistral !<\/p>\n<p>Si TF1 n&rsquo;a pas encore annonc\u00e9 de date, on sait d\u00e9j\u00e0 que Martin, l&rsquo;arri\u00e8re-petit-fils de Mirta, et le petit-fils de Luna (<a href=\"https:\/\/www.programme-tv.net\/biographie\/2945-decis-anne\/\" data-link-people=\"4e716e3d-4bac-45f8-b0b5-49a53e464d63\" target=\"_blank\" rel=\"noopener\">Anne D\u00e9cis<\/a>) d\u00e9barquera bient\u00f4t \u00e0 Marseille pour la fin de l&rsquo;ann\u00e9e.<a href=\"https:\/\/www.programme-tv.net\/news\/series-tv\/391553-plus-belle-la-vie-on-sait-qui-va-jouer-martin-le-petit-fils-de-luna-anne-decis-photos\/\" data-api-deeplink=\"teleloisirs:\/\/news\/391553\" target=\"_blank\" rel=\"noopener\"> Il sera incarn\u00e9 par Ma\u00e9 Plouviez Bascop<\/a>. Un mois de d\u00e9cembre qui sera aussi marqu\u00e9 par le d\u00e9part de Nisma (Ella Philippe) &#8211; <a href=\"https:\/\/www.programme-tv.net\/news\/series-tv\/389457-plus-belle-la-vie-en-larmes-ella-philippe-nisma-fait-ses-adieux-a-la-serie\/\" data-api-deeplink=\"teleloisirs:\/\/news\/389457\" target=\"_blank\" rel=\"noopener\">tr\u00e8s \u00e9mue lors de son d\u00e9part.<\/a><\/p>\n<blockquote class=\"instagram-media\" data-instgrm-captioned=\"\" data-instgrm-permalink=\"https:\/\/www.instagram.com\/p\/DQ6es0NCKfg\/?utm_source=ig_embed&amp;utm_campaign=loading\" data-instgrm-version=\"14\" style=\" background:#FFF; border:0; border-radius:3px; box-shadow:0 0 1px 0 rgba(0,0,0,0.5),0 1px 10px 0 rgba(0,0,0,0.15); margin: 1px; max-width:658px; min-width:326px; padding:0; width:99.375%; width:-webkit-calc(100% - 2px); width:calc(100% - 2px);\"\/>\n<p>        <script async src=\"\/\/www.instagram.com\/embed.js\"><\/script><\/p>\n","protected":false},"excerpt":{"rendered":"Dans Plus belle la vie, encore plus belle si certains personnages sont tr\u00e8s r\u00e9guli\u00e8rement au centre de l&rsquo;intrigue,&hellip;\n","protected":false},"author":2,"featured_media":535029,"comment_status":"","ping_status":"","sticky":false,"template":"","format":"standard","meta":{"footnotes":""},"categories":[1356],"tags":[244,58,1367,59,1011,27,65446,1368,65445,252,199,1364],"class_list":{"0":"post-535028","1":"post","2":"type-post","3":"status-publish","4":"format-standard","5":"has-post-thumbnail","7":"category-television","8":"tag-commentaire","9":"tag-divertissement","10":"tag-encore-plus-belle","11":"tag-entertainment","12":"tag-fr","13":"tag-france","14":"tag-mirta-torres","15":"tag-plus-belle-la-vie","16":"tag-sylvie-flepp","17":"tag-television","18":"tag-tf1","19":"tag-tv"},"share_on_mastodon":{"url":"https:\/\/pubeurope.com\/@fr\/115551397845547582","error":""},"_links":{"self":[{"href":"https:\/\/www.europesays.com\/fr\/wp-json\/wp\/v2\/posts\/535028","targetHints":{"allow":["GET"]}}],"collection":[{"href":"https:\/\/www.europesays.com\/fr\/wp-json\/wp\/v2\/posts"}],"about":[{"href":"https:\/\/www.europesays.com\/fr\/wp-json\/wp\/v2\/types\/post"}],"author":[{"embeddable":true,"href":"https:\/\/www.europesays.com\/fr\/wp-json\/wp\/v2\/users\/2"}],"replies":[{"embeddable":true,"href":"https:\/\/www.europesays.com\/fr\/wp-json\/wp\/v2\/comments?post=535028"}],"version-history":[{"count":0,"href":"https:\/\/www.europesays.com\/fr\/wp-json\/wp\/v2\/posts\/535028\/revisions"}],"wp:featuredmedia":[{"embeddable":true,"href":"https:\/\/www.europesays.com\/fr\/wp-json\/wp\/v2\/media\/535029"}],"wp:attachment":[{"href":"https:\/\/www.europesays.com\/fr\/wp-json\/wp\/v2\/media?parent=535028"}],"wp:term":[{"taxonomy":"category","embeddable":true,"href":"https:\/\/www.europesays.com\/fr\/wp-json\/wp\/v2\/categories?post=535028"},{"taxonomy":"post_tag","embeddable":true,"href":"https:\/\/www.europesays.com\/fr\/wp-json\/wp\/v2\/tags?post=535028"}],"curies":[{"name":"wp","href":"https:\/\/api.w.org\/{rel}","templated":true}]}}