{"id":535032,"date":"2025-11-15T02:40:16","date_gmt":"2025-11-15T02:40:16","guid":{"rendered":"https:\/\/www.europesays.com\/fr\/535032\/"},"modified":"2025-11-15T02:40:16","modified_gmt":"2025-11-15T02:40:16","slug":"le-dictateur-manipulations-une-histoire-francaise-en-streaming","status":"publish","type":"post","link":"https:\/\/www.europesays.com\/fr\/535032\/","title":{"rendered":"Le dictateur &#8211; Manipulations, une histoire fran\u00e7aise en streaming"},"content":{"rendered":"<p>Diffus\u00e9 le 14\/11\/2025 \u00e0 21h07 &#8211; Disponible jusqu&rsquo;au 31\/01\/2026<\/p>\n<p>En 1918, un humble soldat de Tomania devient amn\u00e9sique apr\u00e8s avoir sauv\u00e9 la vie de Schultz, un aviateur. Il passe les vingt ann\u00e9es suivantes \u00e0 l&rsquo;h\u00f4pital avant de regagner sa boutique de barbier, dans le ghetto juif. Il ignore tout des \u00e9v\u00e9nements politiques et s&rsquo;en prend \u00e0 des gardes de Hynkel, le dictateur au pouvoir. Hannah, une voisine, le tire d&rsquo;affaire. Devenu un personnage puissant, Schultz le prot\u00e8ge de l&rsquo;antis\u00e9mitisme. Pendant ce temps, Hynkel, qui a besoin d&rsquo;argent, menace les banquiers juifs de les pers\u00e9cuter et d\u00e9cide d&rsquo;envahir l&rsquo;Austerlich en s&rsquo;alliant au dictateur de la Bact\u00e9rie. Les deux despotes se rencontrent. Le barbier est finalement arr\u00eat\u00e9 avec Schultz, mais il parvient \u00e0 s&rsquo;\u00e9chapper du camp de concentration&#8230;<\/p>\n<p>Maison de production :<\/p>\n<p>Charles Chaplin Productions<\/p>\n<p>R\u00e9alis\u00e9 par :<\/p>\n<p>Charlie Chaplin<\/p>\n<p>Avec :<\/p>\n<p>Charlie Chaplin, Paulette Goddard, Jack Oakie, Reginald Gardiner, Henry Daniell, Billy Gilbert, Grace Hayle, Carter DeHaven<\/p>\n<p>Sc\u00e9naristes :<\/p>\n<p>Charlie Chaplin<\/p>\n","protected":false},"excerpt":{"rendered":"Diffus\u00e9 le 14\/11\/2025 \u00e0 21h07 &#8211; Disponible jusqu&rsquo;au 31\/01\/2026 En 1918, un humble soldat de Tomania devient amn\u00e9sique&hellip;\n","protected":false},"author":2,"featured_media":535033,"comment_status":"","ping_status":"","sticky":false,"template":"","format":"standard","meta":{"footnotes":""},"categories":[1354],"tags":[58,59,1346,1011,27,1360],"class_list":{"0":"post-535032","1":"post","2":"type-post","3":"status-publish","4":"format-standard","5":"has-post-thumbnail","7":"category-films","8":"tag-divertissement","9":"tag-entertainment","10":"tag-films","11":"tag-fr","12":"tag-france","13":"tag-movies"},"share_on_mastodon":{"url":"https:\/\/pubeurope.com\/@fr\/115551405520815281","error":""},"_links":{"self":[{"href":"https:\/\/www.europesays.com\/fr\/wp-json\/wp\/v2\/posts\/535032","targetHints":{"allow":["GET"]}}],"collection":[{"href":"https:\/\/www.europesays.com\/fr\/wp-json\/wp\/v2\/posts"}],"about":[{"href":"https:\/\/www.europesays.com\/fr\/wp-json\/wp\/v2\/types\/post"}],"author":[{"embeddable":true,"href":"https:\/\/www.europesays.com\/fr\/wp-json\/wp\/v2\/users\/2"}],"replies":[{"embeddable":true,"href":"https:\/\/www.europesays.com\/fr\/wp-json\/wp\/v2\/comments?post=535032"}],"version-history":[{"count":0,"href":"https:\/\/www.europesays.com\/fr\/wp-json\/wp\/v2\/posts\/535032\/revisions"}],"wp:featuredmedia":[{"embeddable":true,"href":"https:\/\/www.europesays.com\/fr\/wp-json\/wp\/v2\/media\/535033"}],"wp:attachment":[{"href":"https:\/\/www.europesays.com\/fr\/wp-json\/wp\/v2\/media?parent=535032"}],"wp:term":[{"taxonomy":"category","embeddable":true,"href":"https:\/\/www.europesays.com\/fr\/wp-json\/wp\/v2\/categories?post=535032"},{"taxonomy":"post_tag","embeddable":true,"href":"https:\/\/www.europesays.com\/fr\/wp-json\/wp\/v2\/tags?post=535032"}],"curies":[{"name":"wp","href":"https:\/\/api.w.org\/{rel}","templated":true}]}}