{"id":535046,"date":"2025-11-15T02:48:12","date_gmt":"2025-11-15T02:48:12","guid":{"rendered":"https:\/\/www.europesays.com\/fr\/535046\/"},"modified":"2025-11-15T02:48:12","modified_gmt":"2025-11-15T02:48:12","slug":"relations-france-algerie-apres-la-liberation-de-sansal-lincertain-retour-a-la-normale-mediapart","status":"publish","type":"post","link":"https:\/\/www.europesays.com\/fr\/535046\/","title":{"rendered":"Relations France-Alg\u00e9rie : apr\u00e8s la lib\u00e9ration de Sansal, l\u2019incertain retour \u00e0 la normale &#8211; Mediapart"},"content":{"rendered":"<ol>\n<li><a href=\"https:\/\/news.google.com\/rss\/articles\/CBMi1AFBVV95cUxQOTdGcWc5b3h4OWNQQ0MxaGVRamhXVnNJZm50SFpackl4by00YmpwWkhnY1hDMFlMM3BQZ01UVDc1TXhkUEtJa2ZJNFpkenZnSkNmMF9KRUJKZE1HQmJCa3ctYnl3XzFydmY2N2owQVhaWllGN3hlclZnQVcyU1lVbEc3TDBFQ3FDSDk0WTROaUJKRWFYM3pPRThubjRkREsxR2lmS1dFVnVGZ0w4eUNyMHMyd0NEajhueWptTzNvV1FpeS0yN3pVSllSYmhOZEx6M1dqaQ?oc=5\" target=\"_blank\" rel=\"noopener\">Relations France-Alg\u00e9rie : apr\u00e8s la lib\u00e9ration de Sansal, l\u2019incertain retour \u00e0 la normale<\/a>&nbsp;&nbsp;Mediapart<\/li>\n<li><a href=\"https:\/\/news.google.com\/rss\/articles\/CBMivwFBVV95cUxQZmhZVTc4ZHc0WTY5XzBCTV84ZlVuTXB6RVZKb21LVU5TbnNpVzZ3TW9TY3FiSmlfRWJXb3ZoTVZ5ZnhIcGFId0d4UF9wX3FVNjM4SVRoY29jUXVQam9DeDk3SWtTbm9qVGt0MkFGTzdrRFliMG9SRWNnNnFkY0lPNzJTTndWNFluSmgwM05RQlJaMGF4LWl3eDY5UXBlbm5PMU4xNWFYSjdvZkt0TUFRWkYzeGNaVHEzb2ZBOEtXQQ?oc=5\" target=\"_blank\" rel=\"noopener\">Lib\u00e9ration de Boualem Sansal : \u00ab\u00a0En toile de fond, l\u2019effacement de la puissance fran\u00e7aise\u00a0\u00bb<\/a>&nbsp;&nbsp;Marianne<\/li>\n<li><a href=\"https:\/\/news.google.com\/rss\/articles\/CBMi0wFBVV95cUxNbGtCTVdWcUdMV2dCWHZRTmE0UU5oVmktMEdENWpjcVlGVkpuRWtUYlpzUF9zbUMtME1iVkktWjZpY2JfUXliRkgwcDJ3ZFJvaGVCQThmZzdFLUFnUWN1REx3NkFPM0VUSjBmQ1cwTWdEWk93X25ZWUJTMEc0NzZrbDl5Umhkc25LM2NJYUtXY2s0cUxZTUtXVU94VDRCRnhSQmlDNjJ4RWpGVXIwRTJkOS00cG5OTXgxWkdPVE93NXlhOUs3dWkyb1MteDNNallhM3FZ?oc=5\" target=\"_blank\" rel=\"noopener\">\u00ab Un geste humanitaire \u00bb : comment l&rsquo;Allemagne a obtenu de l&rsquo;Alg\u00e9rie la gr\u00e2ce de Boualem Sansal<\/a>&nbsp;&nbsp;L&rsquo;Humanit\u00e9<\/li>\n<li><a href=\"https:\/\/news.google.com\/rss\/articles\/CBMi9gFBVV95cUxNRGZlLTlHa0pTYnM1UDA2SXZOaXI4cHN1MGtDb0drNEprcTBKZk5EaDFHVy1tYWplYnlTbDdqY2hvMVpRbExzV1FUb2pHeHZjUWtDcThFSWM0TFdQdm1BN3FXQ1loMkwzT1VtX29RVFd5dlliQTM1NWt6LUNsRkhqWEw3cUtGYkctNzBRT2ZBeWxrX1laX2VuN05xYjlNNXA0clRlR0dncGhid1Q2eEpyVC1DU2RMYnZNZjBOR3hxNGF4enQ5Z20xYldpR2NyNTVXYUg2UE1feEhrakVfMjlybHd2RTcyeHlQVGZ5UkMwdDZ2cm0yclE?oc=5\" target=\"_blank\" rel=\"noopener\">En Alg\u00e9rie, la gr\u00e2ce accord\u00e9e par le pr\u00e9sident Tebboune \u00e0 Boualem Sansal provoque de vifs d\u00e9bats<\/a>&nbsp;&nbsp;Le Monde.fr<\/li>\n<li><a href=\"https:\/\/news.google.com\/rss\/articles\/CBMivAFBVV95cUxQMFhkQWQwemJQclBPdE5KOEd5dFlDTU53eVd0ZGtWWHhabkV3blh6WXVSak1VbFhhOG9HZEJQZlJsTTVlVXBBY2FWTGJ1VEFTUHVxbFE1ZEd4d01HeWV6SjFnX3hmbnhXdDIzZzdnLWhkLWlRUjZPRENSNjg1V3BpSDJPcmdkakxVa0R5V3plc2YyMkhFejZ5VmtHaEJQNWR2U095OWFSUG9tT2pwTWtPRXFOVzFUVDVSLU85Sg?oc=5\" target=\"_blank\" rel=\"noopener\">Exclusif. Boualem Sansal : \u00ab Bonjour la France, je reviens, on va gagner ! \u00bb<\/a>&nbsp;&nbsp;Le Point<\/li>\n<\/ol>\n","protected":false},"excerpt":{"rendered":"Relations France-Alg\u00e9rie : apr\u00e8s la lib\u00e9ration de Sansal, l\u2019incertain retour \u00e0 la normale&nbsp;&nbsp;Mediapart Lib\u00e9ration de Boualem Sansal :&hellip;\n","protected":false},"author":2,"featured_media":535047,"comment_status":"","ping_status":"","sticky":false,"template":"","format":"standard","meta":{"footnotes":""},"categories":[4],"tags":[11,15,4142,3939,1011,27,12,25,11067],"class_list":{"0":"post-535046","1":"post","2":"type-post","3":"status-publish","4":"format-standard","5":"has-post-thumbnail","7":"category-france","8":"tag-actualites","9":"tag-algerie","10":"tag-boualem-sansal","11":"tag-defense-et-diplomatie","12":"tag-fr","13":"tag-france","14":"tag-news","15":"tag-republique-francaise","16":"tag-sebastien-lecornu"},"share_on_mastodon":{"url":"https:\/\/pubeurope.com\/@fr\/115551437072260365","error":""},"_links":{"self":[{"href":"https:\/\/www.europesays.com\/fr\/wp-json\/wp\/v2\/posts\/535046","targetHints":{"allow":["GET"]}}],"collection":[{"href":"https:\/\/www.europesays.com\/fr\/wp-json\/wp\/v2\/posts"}],"about":[{"href":"https:\/\/www.europesays.com\/fr\/wp-json\/wp\/v2\/types\/post"}],"author":[{"embeddable":true,"href":"https:\/\/www.europesays.com\/fr\/wp-json\/wp\/v2\/users\/2"}],"replies":[{"embeddable":true,"href":"https:\/\/www.europesays.com\/fr\/wp-json\/wp\/v2\/comments?post=535046"}],"version-history":[{"count":0,"href":"https:\/\/www.europesays.com\/fr\/wp-json\/wp\/v2\/posts\/535046\/revisions"}],"wp:featuredmedia":[{"embeddable":true,"href":"https:\/\/www.europesays.com\/fr\/wp-json\/wp\/v2\/media\/535047"}],"wp:attachment":[{"href":"https:\/\/www.europesays.com\/fr\/wp-json\/wp\/v2\/media?parent=535046"}],"wp:term":[{"taxonomy":"category","embeddable":true,"href":"https:\/\/www.europesays.com\/fr\/wp-json\/wp\/v2\/categories?post=535046"},{"taxonomy":"post_tag","embeddable":true,"href":"https:\/\/www.europesays.com\/fr\/wp-json\/wp\/v2\/tags?post=535046"}],"curies":[{"name":"wp","href":"https:\/\/api.w.org\/{rel}","templated":true}]}}