{"id":535056,"date":"2025-11-15T02:56:28","date_gmt":"2025-11-15T02:56:28","guid":{"rendered":"https:\/\/www.europesays.com\/fr\/535056\/"},"modified":"2025-11-15T02:56:28","modified_gmt":"2025-11-15T02:56:28","slug":"toulon-officiel-pour-ben-white","status":"publish","type":"post","link":"https:\/\/www.europesays.com\/fr\/535056\/","title":{"rendered":"Toulon: Officiel pour Ben White"},"content":{"rendered":"<p><strong>Apr\u00e8s avoir mis fin au suspense<br \/>\nconcernant l\u2019avenir de Baptiste Serin, Toulon a officialis\u00e9 ce<br \/>\nvendredi la prolongation de contrat de Ben White. Le demi de m\u00eal\u00e9e<br \/>\n\u00e9cossais a li\u00e9 son avenir au club varois jusqu\u2019en<br \/>\n2028.<\/strong><\/p>\n<p>Le RC Toulon est d\u00e9cid\u00e9 \u00e0 blinder ses demis de m\u00eal\u00e9e. Ce jeudi,<br \/>\nle club varois a mis fin au suspense concernant l\u2019avenir de<br \/>\nBaptiste Serin avec l\u2019international fran\u00e7ais qui a appos\u00e9 sa<br \/>\nsignature sur un contrat portant sur deux ann\u00e9es<br \/>\nsuppl\u00e9mentaires.<\/p>\n<p>Moins de 24 heures plus tard, l\u2019ancien triple vainqueur de la<br \/>\nChampions Cup s\u2019est assur\u00e9 de compter sur un autre de ses num\u00e9ros 9<br \/>\nhabitu\u00e9s du niveau international. Arriv\u00e9 sur la Rade \u00e0 l\u2019\u00e9t\u00e9 2023<br \/>\napr\u00e8s avoir port\u00e9 les couleurs des Leicester Tigers et des London<br \/>\nIrish, Ben White n\u2019est visiblement pas d\u00e9cid\u00e9 \u00e0 partir \u00e0 court ou<br \/>\nmoyen terme.<\/p>\n<p>White fait comme Serin<\/p>\n<p>En effet, par l\u2019interm\u00e9diaire d\u2019un communiqu\u00e9, le RCT a annonc\u00e9<br \/>\nla prolongation de contrat du natif de Stoke-on-Trent pour les deux<br \/>\nprochaines saisons, soit jusqu\u2019en juin 2028. Un joueur \u00ab dot\u00e9 d\u2019un<br \/>\nleadership naturel et d\u2019un caract\u00e8re de grand comp\u00e9titeur \u00bb, comme<br \/>\nle confie le club dans son communiqu\u00e9, qui met \u00e9galement en avant \u00ab<br \/>\nson sens du jeu, sa rigueur et son exp\u00e9rience internationale \u00bb qui<br \/>\nsont \u00ab des atouts majeurs pour le groupe toulonnais \u00bb. Align\u00e9 \u00e0 22<br \/>\nreprises toutes comp\u00e9titions confondues par Pierre Mignoni lors de<br \/>\nsa premi\u00e8re saison \u00e0 Toulon, Ben White a disput\u00e9 17 rencontres lors<br \/>\nde l\u2019exercice 2024-2025.<\/p>\n<p>\u00ab Un joueur intelligent, exigeant<br \/>\net tr\u00e8s respect\u00e9 \u00bb pour Mignoni<\/p>\n<p>Partageant cette responsabilit\u00e9 avec Baptiste Serin et Clovis Le<br \/>\nBail depuis le d\u00e9but de la saison, l\u2019international \u00e9cossais a \u00e9t\u00e9<br \/>\nalign\u00e9 \u00e0 cinq reprises par le RCT, dont deux comme titulaire. De<br \/>\nplus, il a \u00e9t\u00e9 sur la feuille de match lors de la d\u00e9faite du XV du<br \/>\nChardon contre la Nouvelle-Z\u00e9lande le week-end dernier et sera<br \/>\ntitulaire ce dimanche \u00e0 l\u2019occasion de la r\u00e9ception de<br \/>\nl\u2019Argentine.<\/p>\n<p>\u00ab Ben White s\u2019est parfaitement int\u00e9gr\u00e9 au projet du club, a<br \/>\nconfi\u00e9 Pierre Mignoni dans le communiqu\u00e9 du club varois. C\u2019est un<br \/>\njoueur intelligent, exigeant et tr\u00e8s respect\u00e9 dans le vestiaire. Sa<br \/>\nprolongation s\u2019inscrit dans la continuit\u00e9 de notre vision :<br \/>\nconstruire un groupe solide, ambitieux et fid\u00e8le aux valeurs du<br \/>\nRCT. \u00bb<\/p>\n","protected":false},"excerpt":{"rendered":"Apr\u00e8s avoir mis fin au suspense concernant l\u2019avenir de Baptiste Serin, Toulon a officialis\u00e9 ce vendredi la prolongation&hellip;\n","protected":false},"author":2,"featured_media":535057,"comment_status":"","ping_status":"","sticky":false,"template":"","format":"standard","meta":{"footnotes":""},"categories":[9619],"tags":[58784,1111,11,3108,1777,674,1011,27,12,7742,882,25,479,57681,478,2310,9496],"class_list":{"0":"post-535056","1":"post","2":"type-post","3":"status-publish","4":"format-standard","5":"has-post-thumbnail","7":"category-toulon","8":"tag-58784","9":"tag-actu","10":"tag-actualites","11":"tag-contrat","12":"tag-eu","13":"tag-europe","14":"tag-fr","15":"tag-france","16":"tag-news","17":"tag-prolongation","18":"tag-provence-alpes-cote-dazur","19":"tag-republique-francaise","20":"tag-rugby","21":"tag-sport365-fr","22":"tag-top-14","23":"tag-toulon","24":"tag-white"},"share_on_mastodon":{"url":"https:\/\/pubeurope.com\/@fr\/115551468492227084","error":""},"_links":{"self":[{"href":"https:\/\/www.europesays.com\/fr\/wp-json\/wp\/v2\/posts\/535056","targetHints":{"allow":["GET"]}}],"collection":[{"href":"https:\/\/www.europesays.com\/fr\/wp-json\/wp\/v2\/posts"}],"about":[{"href":"https:\/\/www.europesays.com\/fr\/wp-json\/wp\/v2\/types\/post"}],"author":[{"embeddable":true,"href":"https:\/\/www.europesays.com\/fr\/wp-json\/wp\/v2\/users\/2"}],"replies":[{"embeddable":true,"href":"https:\/\/www.europesays.com\/fr\/wp-json\/wp\/v2\/comments?post=535056"}],"version-history":[{"count":0,"href":"https:\/\/www.europesays.com\/fr\/wp-json\/wp\/v2\/posts\/535056\/revisions"}],"wp:featuredmedia":[{"embeddable":true,"href":"https:\/\/www.europesays.com\/fr\/wp-json\/wp\/v2\/media\/535057"}],"wp:attachment":[{"href":"https:\/\/www.europesays.com\/fr\/wp-json\/wp\/v2\/media?parent=535056"}],"wp:term":[{"taxonomy":"category","embeddable":true,"href":"https:\/\/www.europesays.com\/fr\/wp-json\/wp\/v2\/categories?post=535056"},{"taxonomy":"post_tag","embeddable":true,"href":"https:\/\/www.europesays.com\/fr\/wp-json\/wp\/v2\/tags?post=535056"}],"curies":[{"name":"wp","href":"https:\/\/api.w.org\/{rel}","templated":true}]}}