{"id":535062,"date":"2025-11-15T03:00:48","date_gmt":"2025-11-15T03:00:48","guid":{"rendered":"https:\/\/www.europesays.com\/fr\/535062\/"},"modified":"2025-11-15T03:00:48","modified_gmt":"2025-11-15T03:00:48","slug":"rouen-du-sursis-et-un-million-deuros-damende-pour-des-trafiquants-de-dechets-illegaux-vers-lafrique","status":"publish","type":"post","link":"https:\/\/www.europesays.com\/fr\/535062\/","title":{"rendered":"Rouen : Du sursis et un million d\u2019euros d\u2019amende pour des trafiquants de d\u00e9chets ill\u00e9gaux vers l\u2019Afrique"},"content":{"rendered":"<p class=\"mb-4 text-lg md:leading-8 break-words\"><strong>POLLUTION &#8211; Les sept pr\u00e9venus exportaient vers l\u2019Afrique des pi\u00e8ces d\u00e9tach\u00e9es automobiles non d\u00e9pollu\u00e9es et des articles \u00e9lectrom\u00e9nagers usag\u00e9s<\/strong><\/p>\n<p class=\"mb-4 text-lg md:leading-8 break-words\">Ils exportaient en toute ill\u00e9galit\u00e9 <a href=\"https:\/\/www.20minutes.fr\/dossier\/afrique?at_medium=RSS%20feed&amp;at_campaign=ynews&amp;utm_source=yahoo&amp;utm_medium=rss&amp;utm_campaign=news_feed&amp;utm_content=in_article_link\" rel=\"nofollow noopener\" target=\"_blank\" data-ylk=\"slk:vers l\u2019Afrique;elm:context_link;itc:0;sec:content-canvas\" class=\"link \">vers l\u2019Afrique<\/a> des pi\u00e8ces d\u00e9tach\u00e9es automobiles non d\u00e9pollu\u00e9es ou des articles \u00e9lectrom\u00e9nagers usag\u00e9s. Sept hommes originaires du Mali et du Nigeria ainsi que deux soci\u00e9t\u00e9s ont \u00e9t\u00e9 condamn\u00e9es pour trafic de d\u00e9chets ill\u00e9gaux, a-t-on appris ce vendredi aupr\u00e8s du parquet <a href=\"https:\/\/www.20minutes.fr\/dossier\/rouen?at_medium=RSS%20feed&amp;at_campaign=ynews&amp;utm_source=yahoo&amp;utm_medium=rss&amp;utm_campaign=news_feed&amp;utm_content=in_article_link\" rel=\"nofollow noopener\" target=\"_blank\" data-ylk=\"slk:de Rouen;elm:context_link;itc:0;sec:content-canvas\" class=\"link \">de Rouen<\/a>.<\/p>\n<p class=\"mb-4 text-lg md:leading-8 break-words\">Les sept pr\u00e9venus ont \u00e9cop\u00e9 de peines de prison de six ou douze mois avec sursis. Des amendes pour un montant total de pr\u00e8s d\u2019un million d\u2019euros ont \u00e9galement \u00e9t\u00e9 prononc\u00e9es \u00e0 l\u2019encontre des trafiquants et des deux soci\u00e9t\u00e9s.<\/p>\n<p>\u00ab\u00a0L\u2019Afrique cr\u00e8ve sous les d\u00e9chets\u00a0\u00bb<\/p>\n<p class=\"mb-4 text-lg md:leading-8 break-words\">Les formalit\u00e9s en douanes \u00e9taient notamment g\u00e9r\u00e9es par la soci\u00e9t\u00e9 KTF, jug\u00e9e en tant que personne morale, qui d\u00e9clarait frauduleusement ces marchandises comme des \u00ab\u00a0effets personnels\u00a0\u00bb, correspondant \u00e0 des d\u00e9m\u00e9nagements de personnes physiques \u00e0 l\u2019\u00e9tranger. De fausses factures de d\u00e9pollution de moteurs avaient \u00e9galement \u00e9t\u00e9 d\u00e9couvertes durant l\u2019enqu\u00eate.<\/p>\n<p class=\"mb-4 text-lg md:leading-8 break-words\">\u00ab\u00a0Nous sommes <a href=\"https:\/\/www.20minutes.fr\/societe\/4154920-20250527-moins-connu-moins-surveille-trafic-dechets-batiment-bientot-plus-rentable-coke?at_medium=RSS%20feed&amp;at_campaign=ynews&amp;utm_source=yahoo&amp;utm_medium=rss&amp;utm_campaign=news_feed&amp;utm_content=in_article_link\" rel=\"nofollow noopener\" target=\"_blank\" data-ylk=\"slk:face \u00e0 un trafic de d\u00e9chets;elm:context_link;itc:0;sec:content-canvas\" class=\"link \">face \u00e0 un trafic de d\u00e9chets<\/a> \u00e0 l\u2019exportation\u00a0\u00bb, avait estim\u00e9 la vice-procureure B\u00e9atrice Pavie, dans son r\u00e9quisitoire mi-octobre, soulignant la \u00ab\u00a0valeur marchande\u00a0\u00bb des objets envoy\u00e9s vers le Mali, le Nigeria ou la C\u00f4te d\u2019Ivoire. \u00ab\u00a0L\u2019Afrique, dont vous \u00eates originaires, cr\u00e8ve sous les d\u00e9chets\u00a0\u00bb, avait-elle ajout\u00e9.<\/p>\n<p class=\"mb-4 text-lg md:leading-8 break-words\"><a href=\"https:\/\/www.20minutes.fr\/justice\/4185697-20251114-rouen-sursis-million-euros-amende-trafiquants-dechets-illegaux-vers-afrique?at_medium=RSS%20feed&amp;at_campaign=ynews&amp;utm_source=yahoo&amp;utm_medium=rss&amp;utm_campaign=news_feed&amp;utm_content=read_more_link&quot;\" rel=\"nofollow noopener\" target=\"_blank\" data-ylk=\"slk:Lire la suite sur 20minutes;elm:context_link;itc:0;sec:content-canvas\" class=\"link \">Lire la suite sur 20minutes<\/a><\/p>\n<p>\u00c0 lire aussi :<br \/><a href=\"https:\/\/www.20minutes.fr\/societe\/4154920-20250527-moins-connu-moins-surveille-trafic-dechets-batiment-bientot-plus-rentable-coke?at_medium=RSS%20feed&amp;at_campaign=ynews&amp;utm_source=yahoo&amp;utm_medium=rss&amp;utm_campaign=news_feed&amp;utm_content=related_content_link\" rel=\"nofollow noopener\" target=\"_blank\" data-ylk=\"slk:Moins connu, moins surveill\u00e9\u2026 Le trafic de d\u00e9chets du b\u00e2timent sera-t-il bient\u00f4t plus rentable que la coke\u00a0?;elm:context_link;itc:0;sec:content-canvas\" class=\"link \">Moins connu, moins surveill\u00e9\u2026 Le trafic de d\u00e9chets du b\u00e2timent sera-t-il bient\u00f4t plus rentable que la coke\u00a0?<\/a><br \/><a href=\"https:\/\/www.20minutes.fr\/faits_divers\/faits-divers-marseille\/4160893-20250628-trafic-dechets-vers-espagne-six-mises-examen-marseille-plus-million-euros-saisis?at_medium=RSS%20feed&amp;at_campaign=ynews&amp;utm_source=yahoo&amp;utm_medium=rss&amp;utm_campaign=news_feed&amp;utm_content=related_content_link\" rel=\"nofollow noopener\" target=\"_blank\" data-ylk=\"slk:Trafic de d\u00e9chets vers l\u2019Espagne\u00a0: Six mises en examen \u00e0 Marseille et plus d\u2019un million d\u2019euros de saisis;elm:context_link;itc:0;sec:content-canvas\" class=\"link \">Trafic de d\u00e9chets vers l\u2019Espagne\u00a0: Six mises en examen \u00e0 Marseille et plus d\u2019un million d\u2019euros de saisis<\/a><\/p>\n","protected":false},"excerpt":{"rendered":"POLLUTION &#8211; Les sept pr\u00e9venus exportaient vers l\u2019Afrique des pi\u00e8ces d\u00e9tach\u00e9es automobiles non d\u00e9pollu\u00e9es et des articles \u00e9lectrom\u00e9nagers&hellip;\n","protected":false},"author":2,"featured_media":535063,"comment_status":"","ping_status":"","sticky":false,"template":"","format":"standard","meta":{"footnotes":""},"categories":[9587],"tags":[1111,11,1777,674,1011,27,2490,12,5161,55162,65448,25,9590],"class_list":{"0":"post-535062","1":"post","2":"type-post","3":"status-publish","4":"format-standard","5":"has-post-thumbnail","7":"category-rouen","8":"tag-actu","9":"tag-actualites","10":"tag-eu","11":"tag-europe","12":"tag-fr","13":"tag-france","14":"tag-le-mali","15":"tag-news","16":"tag-normandie","17":"tag-peines-de-prison","18":"tag-pieces-detachees-automobiles","19":"tag-republique-francaise","20":"tag-rouen"},"share_on_mastodon":{"url":"https:\/\/pubeurope.com\/@fr\/115551488094114442","error":""},"_links":{"self":[{"href":"https:\/\/www.europesays.com\/fr\/wp-json\/wp\/v2\/posts\/535062","targetHints":{"allow":["GET"]}}],"collection":[{"href":"https:\/\/www.europesays.com\/fr\/wp-json\/wp\/v2\/posts"}],"about":[{"href":"https:\/\/www.europesays.com\/fr\/wp-json\/wp\/v2\/types\/post"}],"author":[{"embeddable":true,"href":"https:\/\/www.europesays.com\/fr\/wp-json\/wp\/v2\/users\/2"}],"replies":[{"embeddable":true,"href":"https:\/\/www.europesays.com\/fr\/wp-json\/wp\/v2\/comments?post=535062"}],"version-history":[{"count":0,"href":"https:\/\/www.europesays.com\/fr\/wp-json\/wp\/v2\/posts\/535062\/revisions"}],"wp:featuredmedia":[{"embeddable":true,"href":"https:\/\/www.europesays.com\/fr\/wp-json\/wp\/v2\/media\/535063"}],"wp:attachment":[{"href":"https:\/\/www.europesays.com\/fr\/wp-json\/wp\/v2\/media?parent=535062"}],"wp:term":[{"taxonomy":"category","embeddable":true,"href":"https:\/\/www.europesays.com\/fr\/wp-json\/wp\/v2\/categories?post=535062"},{"taxonomy":"post_tag","embeddable":true,"href":"https:\/\/www.europesays.com\/fr\/wp-json\/wp\/v2\/tags?post=535062"}],"curies":[{"name":"wp","href":"https:\/\/api.w.org\/{rel}","templated":true}]}}