{"id":535070,"date":"2025-11-15T03:06:13","date_gmt":"2025-11-15T03:06:13","guid":{"rendered":"https:\/\/www.europesays.com\/fr\/535070\/"},"modified":"2025-11-15T03:06:13","modified_gmt":"2025-11-15T03:06:13","slug":"schiltigheim-la-route-du-general-de-gaulle-partiellement-fermee-pour-encore-une-semaine","status":"publish","type":"post","link":"https:\/\/www.europesays.com\/fr\/535070\/","title":{"rendered":"Schiltigheim. La route du G\u00e9n\u00e9ral-de-Gaulle partiellement ferm\u00e9e pour encore une semaine"},"content":{"rendered":"<p>Le sous-sol schilikois n\u2019a pas fini de faire causer de lui. Il fait des siennes sous l\u2019axe qui traverse l\u2019ouest de Schiltigheim, en partant de la place de Haguenau \u00e0 Strasbourg.<\/p>\n<p>Le 15\u00a0octobre, route du G\u00e9n\u00e9ral-de-Gaulle, la rupture d\u2019une premi\u00e8re canalisation d\u2019eau potable, au niveau de l\u2019hypermarch\u00e9 Leclerc, a contraint \u00e0 mener des travaux, avec une circulation altern\u00e9e. Rebelote le 31\u00a0octobre, une seconde rupture de canalisation, toujours au niveau de l\u2019hypermarch\u00e9. Cause invoqu\u00e9e\u00a0: la v\u00e9tust\u00e9 de la canalisation mais aussi les d\u00e9g\u00e2ts caus\u00e9s par la premi\u00e8re rupture, qui aurait creus\u00e9 des cavit\u00e9s sous l\u2019ensemble du r\u00e9seau.<\/p>\n<p>Depuis d\u00e9but novembre, pour r\u00e9aliser des travaux de s\u00e9curisation, la Ville de Schiltigheim a d\u00fb fermer la route du G\u00e9n\u00e9ral-de-Gaulle, sur un tron\u00e7on central, compris entre l\u2019acc\u00e8s au parking Leclerc et la rue d\u2019Erstein. Toute la circulation, poids lourds, v\u00e9hicules l\u00e9gers, bus, cycles et trottinettes, est interdite. Seuls les pi\u00e9tons peuvent passer \u00e0 cet endroit, mais sans traverser le chantier. La circulation est d\u00e9vi\u00e9e par la rue de S\u00e9lestat et la rue d\u2019Erstein, dans les deux sens. L\u2019acc\u00e8s \u00e0 l\u2019hypermarch\u00e9 se fait par la rue d\u2019Erstein.<\/p>\n<p>  Ligne C9\u00a0: deux arr\u00eats de bus non desservis<\/p>\n<p>Les bus de la ligne C9 ne font plus escale aux arr\u00eats Trois \u00c9pis et \u00c9crivains, sur le tron\u00e7on compris entre la rue de la Paix et la rue d\u2019Erstein. Des arr\u00eats provisoires ont \u00e9t\u00e9 mis en place. Pour les Trois \u00c9pis, \u00e0 hauteur du 52, route du G\u00e9n\u00e9ral-de-Gaulle (au pied du pont SNCF). Pour les \u00c9crivains, aux arr\u00eats <a href=\"https:\/\/www.dna.fr\/education\/2025\/07\/26\/deplacement-d-un-arret-au-quartier-des-generaux-securite-contre-meilleure-desserte\" target=\"_blank\" rel=\"noopener\">des lignes de bus 50\/60<\/a> , rue d\u2019Erstein.<\/p>\n<p>Le stationnement est interdit, par mesure de pr\u00e9caution, sur le parking situ\u00e9 au 149, route du G\u00e9n\u00e9ral-de-Gaulle.<\/p>\n<p>Les travaux sont g\u00e9r\u00e9s par l\u2019Eurom\u00e9tropole de Strasbourg (services Voirie et Eau et assainissement) ainsi que le SDEA, et sont d\u00e9l\u00e9gu\u00e9s sur le terrain \u00e0 l\u2019entreprise CGM.<\/p>\n<p>La dur\u00e9e de la fermeture de la route n\u2019a pu \u00eatre d\u00e9termin\u00e9e qu\u2019apr\u00e8s avoir r\u00e9alis\u00e9 des \u00e9tudes sur le terrain. En raison de d\u00e9sordres importants sur la structure de voirie (travaux de remblaiement et de compactage), le chantier devrait durer jusqu\u2019au jeudi\u00a020 ou vendredi 21\u00a0novembre.<\/p>\n","protected":false},"excerpt":{"rendered":"Le sous-sol schilikois n\u2019a pas fini de faire causer de lui. Il fait des siennes sous l\u2019axe qui&hellip;\n","protected":false},"author":2,"featured_media":535071,"comment_status":"","ping_status":"","sticky":false,"template":"","format":"standard","meta":{"footnotes":""},"categories":[2820],"tags":[1111,11,4749,3542,2880,1777,674,107,1011,27,775,12,25,5512,640,3265,2803],"class_list":{"0":"post-535070","1":"post","2":"type-post","3":"status-publish","4":"format-standard","5":"has-post-thumbnail","7":"category-strasbourg","8":"tag-actu","9":"tag-actualites","10":"tag-btp-et-chantiers","11":"tag-circulation","12":"tag-edition-strasbourg","13":"tag-eu","14":"tag-europe","15":"tag-fil-info","16":"tag-fr","17":"tag-france","18":"tag-grand-est","19":"tag-news","20":"tag-republique-francaise","21":"tag-schiltigheim","22":"tag-strasbourg","23":"tag-strasbourg-nord","24":"tag-transport"},"share_on_mastodon":{"url":"https:\/\/pubeurope.com\/@fr\/115551507856274186","error":""},"_links":{"self":[{"href":"https:\/\/www.europesays.com\/fr\/wp-json\/wp\/v2\/posts\/535070","targetHints":{"allow":["GET"]}}],"collection":[{"href":"https:\/\/www.europesays.com\/fr\/wp-json\/wp\/v2\/posts"}],"about":[{"href":"https:\/\/www.europesays.com\/fr\/wp-json\/wp\/v2\/types\/post"}],"author":[{"embeddable":true,"href":"https:\/\/www.europesays.com\/fr\/wp-json\/wp\/v2\/users\/2"}],"replies":[{"embeddable":true,"href":"https:\/\/www.europesays.com\/fr\/wp-json\/wp\/v2\/comments?post=535070"}],"version-history":[{"count":0,"href":"https:\/\/www.europesays.com\/fr\/wp-json\/wp\/v2\/posts\/535070\/revisions"}],"wp:featuredmedia":[{"embeddable":true,"href":"https:\/\/www.europesays.com\/fr\/wp-json\/wp\/v2\/media\/535071"}],"wp:attachment":[{"href":"https:\/\/www.europesays.com\/fr\/wp-json\/wp\/v2\/media?parent=535070"}],"wp:term":[{"taxonomy":"category","embeddable":true,"href":"https:\/\/www.europesays.com\/fr\/wp-json\/wp\/v2\/categories?post=535070"},{"taxonomy":"post_tag","embeddable":true,"href":"https:\/\/www.europesays.com\/fr\/wp-json\/wp\/v2\/tags?post=535070"}],"curies":[{"name":"wp","href":"https:\/\/api.w.org\/{rel}","templated":true}]}}