{"id":535074,"date":"2025-11-15T03:08:21","date_gmt":"2025-11-15T03:08:21","guid":{"rendered":"https:\/\/www.europesays.com\/fr\/535074\/"},"modified":"2025-11-15T03:08:21","modified_gmt":"2025-11-15T03:08:21","slug":"luniversite-cote-dazur-pourvoyeuse-de-solutions-pour-les-defis-a-venir","status":"publish","type":"post","link":"https:\/\/www.europesays.com\/fr\/535074\/","title":{"rendered":"L\u2019Universit\u00e9 C\u00f4te d\u2019Azur \u00ab pourvoyeuse de solutions \u00bb pour les d\u00e9fis \u00e0 venir"},"content":{"rendered":"<p>                    <img loading=\"lazy\" decoding=\"async\" src=\"https:\/\/www.europesays.com\/fr\/wp-content\/uploads\/2025\/11\/ecf9a70fe3f5df33d82240c7d011fd.jpg\" class=\"img-responsive post-image\" width=\"680\" height=\"510\" alt=\"L'Universit\u00e9 C\u00f4te d'Azur\" title=\"L'Universit\u00e9 C\u00f4te d'Azur \u00ab pourvoyeuse de solutions \u00bb pour les d\u00e9fis \u00e0 venir\"\/><\/p>\n<p class=\"chapo\">Son pr\u00e9sident Jeanick Brisswalter a rappel\u00e9 les missions de l\u2019universit\u00e9 lors d\u2019une soir\u00e9e pour ses 60 ans, le 5 novembre, avec partenaires acad\u00e9miques, \u00e9conomiques et institutionnels.<\/p>\n<p>                    Soixante ans, c\u2019est un bel \u00e2ge pour une universit\u00e9\u00a0?<\/p>\n<p>\t\t<img loading=\"lazy\" decoding=\"async\" src=\"https:\/\/www.europesays.com\/fr\/wp-content\/uploads\/2025\/11\/club_med_emploi_recrutement_2025_2026_hiver-14.png\" width=\"450\" height=\"555\" alt=\"\"\/><\/p>\n<p>Jeanick Brisswalter \u00a9SG\n<\/p>\n<p><b>\u2013<\/b>\u00a0Soixante ans, c\u2019est tr\u00e8s jeune pour une universit\u00e9. Et en tr\u00e8s peu de temps nous avons r\u00e9ussi \u00e0 nous hisser au niveau d\u2019universit\u00e9s beaucoup plus anciennes et qui sont de rang mondial, avec une taille qui reste mod\u00e9r\u00e9e. Ce sont vraiment 60 ans dynamiques, avec deux grandes jambes \u00e0 notre projet depuis que nous sommes labellis\u00e9s Initiative d\u2019Excellence (IDEX). La premi\u00e8re grande jambe, c\u2019est de promouvoir l\u2019excellence de la recherche et de la formation, avec un lien tr\u00e8s fort entre les deux. Et la deuxi\u00e8me jambe, c\u2019est d\u2019\u00eatre une universit\u00e9 d\u2019impact qui participe au d\u00e9veloppement du territoire. C\u2019est pourquoi nous faisons cette soir\u00e9e qui est vraiment ax\u00e9e sur l\u2019impact de l\u2019universit\u00e9 avec nos partenaires socio-\u00e9conomiques.<\/p>\n<p>Quel est l\u2019objectif de la pr\u00e9sence de vos partenaires \u00e0 cette soir\u00e9e \u00ab\u00a0Privil\u00e8ge\u00a0\u00bb\u00a0?<\/p>\n<p><b>\u2013<\/b>\u00a0C\u2019est de montrer que l\u2019universit\u00e9 est pourvoyeuse de solutions sur des grands d\u00e9fis que nous avons \u00e0 affronter\u00a0: les d\u00e9fis de la sant\u00e9 durable, avec la probl\u00e9matique de la sant\u00e9 num\u00e9rique\u00a0; les d\u00e9fis de l\u2019intelligence artificielle et, de fa\u00e7on plus g\u00e9n\u00e9rale, les d\u00e9fis du num\u00e9rique\u00a0; les d\u00e9fis qui vont arriver sur les technologies quantiques, qui sont la prochaine r\u00e9volution technologique que nous allons affronter. Sur les industries cr\u00e9atives et culturelles \u00e9galement, avec un p\u00f4le extr\u00eamement visible puisque Cannes et Nice viennent de candidater \u00e0 un p\u00f4le territorial d\u2019industries culturelles, (une candidature) coordonn\u00e9e par l\u2019universit\u00e9. Et il y a aussi les ar\u00f4mes, parfums et cosm\u00e9tiques avec Grasse. Ce sont tous ces d\u00e9fis pour lesquels l\u2019universit\u00e9 s\u2019engage \u00e0 \u00eatre pourvoyeuse de solutions, \u00e0 partir de la recherche et de la formation, c\u2019est-\u00e0-dire que nous essayons vraiment d\u2019articuler l\u2019ensemble afin qu\u2019il n\u2019y ait plus de silos entre recherche, formation et innovation. C\u2019est aussi une caract\u00e9ristique de notre universit\u00e9.<\/p>\n<p>Il est important de montrer le lien avec les entreprises innovantes du territoire, alors qu\u2019on a sans doute parfois oppos\u00e9 entreprises et universit\u00e9s\u00a0?<\/p>\n<p><b>\u2013<\/b>\u00a0Je dis que \u00e7a, c\u2019\u00e9tait avant. Nous avons l\u2019exemple de Sophia Antipolis, qui est quand m\u00eame un exemple de fertilisation crois\u00e9e et qui nous a beaucoup inspir\u00e9s. Et l\u2019IMREDD (\u00e0 Nice) c\u2019est \u00e7a\u00a0: il y a des laboratoires, des cours et des entreprises. Tout le monde se croise. Le campus M\u00e9li\u00e8s \u00e0 Cannes, c\u2019est la m\u00eame chose sur les industries cr\u00e9atives et culturelles. Et donc ce lien avec les entreprises est essentiel parce qu\u2019on ne construit pas une universit\u00e9 \u00e0 impact tout seul. Avant c\u2019\u00e9tait un peu le cas des universit\u00e9s qui \u00e9taient un peu isol\u00e9es (\u2026) par rapport \u00e0 la r\u00e9alit\u00e9 du monde \u00e9conomique et la r\u00e9alit\u00e9 de l\u2019emploi. Aujourd\u2019hui, on ose dire que notre mission principale est l\u2019employabilit\u00e9 de nos \u00e9tudiants. On est l\u00e0 pour qu\u2019ils soient (recrut\u00e9s) et pour les garder sur le territoire.<\/p>\n<p><strong>Propos recueillis par S\u00e9bastien GUIN\u00c9<\/strong><\/p>\n","protected":false},"excerpt":{"rendered":"Son pr\u00e9sident Jeanick Brisswalter a rappel\u00e9 les missions de l\u2019universit\u00e9 lors d\u2019une soir\u00e9e pour ses 60 ans, le&hellip;\n","protected":false},"author":2,"featured_media":535075,"comment_status":"","ping_status":"","sticky":false,"template":"","format":"standard","meta":{"footnotes":""},"categories":[2819],"tags":[1111,11,2408,1777,674,1011,27,12,2401,882,25],"class_list":{"0":"post-535074","1":"post","2":"type-post","3":"status-publish","4":"format-standard","5":"has-post-thumbnail","7":"category-nice","8":"tag-actu","9":"tag-actualites","10":"tag-appels-d","11":"tag-eu","12":"tag-europe","13":"tag-fr","14":"tag-france","15":"tag-news","16":"tag-nice","17":"tag-provence-alpes-cote-dazur","18":"tag-republique-francaise"},"share_on_mastodon":{"url":"https:\/\/pubeurope.com\/@fr\/115551516481786672","error":""},"_links":{"self":[{"href":"https:\/\/www.europesays.com\/fr\/wp-json\/wp\/v2\/posts\/535074","targetHints":{"allow":["GET"]}}],"collection":[{"href":"https:\/\/www.europesays.com\/fr\/wp-json\/wp\/v2\/posts"}],"about":[{"href":"https:\/\/www.europesays.com\/fr\/wp-json\/wp\/v2\/types\/post"}],"author":[{"embeddable":true,"href":"https:\/\/www.europesays.com\/fr\/wp-json\/wp\/v2\/users\/2"}],"replies":[{"embeddable":true,"href":"https:\/\/www.europesays.com\/fr\/wp-json\/wp\/v2\/comments?post=535074"}],"version-history":[{"count":0,"href":"https:\/\/www.europesays.com\/fr\/wp-json\/wp\/v2\/posts\/535074\/revisions"}],"wp:featuredmedia":[{"embeddable":true,"href":"https:\/\/www.europesays.com\/fr\/wp-json\/wp\/v2\/media\/535075"}],"wp:attachment":[{"href":"https:\/\/www.europesays.com\/fr\/wp-json\/wp\/v2\/media?parent=535074"}],"wp:term":[{"taxonomy":"category","embeddable":true,"href":"https:\/\/www.europesays.com\/fr\/wp-json\/wp\/v2\/categories?post=535074"},{"taxonomy":"post_tag","embeddable":true,"href":"https:\/\/www.europesays.com\/fr\/wp-json\/wp\/v2\/tags?post=535074"}],"curies":[{"name":"wp","href":"https:\/\/api.w.org\/{rel}","templated":true}]}}