{"id":535078,"date":"2025-11-15T03:10:24","date_gmt":"2025-11-15T03:10:24","guid":{"rendered":"https:\/\/www.europesays.com\/fr\/535078\/"},"modified":"2025-11-15T03:10:24","modified_gmt":"2025-11-15T03:10:24","slug":"municipales-est-il-possible-de-voter-dans-une-autre-commune","status":"publish","type":"post","link":"https:\/\/www.europesays.com\/fr\/535078\/","title":{"rendered":"Municipales\u00a0: est-il possible de voter dans une autre commune \u00a0?"},"content":{"rendered":"<p>La question se pose l\u2019approche des \u00e9lections municipales de 2026\u00a0: pouvons-nous voter dans une commune o\u00f9 nous ne r\u00e9sidons pas\u00a0? Vous \u00eates commer\u00e7ant par exemple. Vous \u00eates domicili\u00e9 \u00e0 Rez\u00e9 mais votre magasin est situ\u00e9 \u00e0 Nantes. Pourrez-vous voter \u00e0 Nantes\u00a0?<\/p>\n<p>?? Vous avez une question\u00a0? <a href=\"https:\/\/www.ouest-france.fr\/presse-ocean\/po-vous-repond\/\" target=\"_blank\" rel=\"noopener\">Presse Oc\u00e9an vous r\u00e9pond<\/a>.<\/p>\n<p>Un commer\u00e7ant non-r\u00e9sident peut-il voter dans la commune du magasin\u00a0?<\/p>\n<p>C\u2019est possible de s\u2019inscrire sur la liste \u00e9lectorale d\u2019une ville autre que celle de r\u00e9sidence. Le Code \u00e9lectoral le pr\u00e9voit\u00a0: il faut y \u00eatre assujetti aux imp\u00f4ts locaux depuis au moins deux ans, m\u00eame sans y r\u00e9sider. Ce point de r\u00e8glement concerne\u00a0:<\/p>\n<p>?? Les commer\u00e7ants ou les artisans qui ont un local professionnel dans une commune.<\/p>\n<p>?? Les g\u00e9rants ou associ\u00e9s majoritaires d\u2019une soci\u00e9t\u00e9 impos\u00e9e localement.<\/p>\n<p>Donc, un commer\u00e7ant domicili\u00e9 \u00e0 Saint-Herblain mais qui paie la <strong>Cotisation Fonci\u00e8re des Entreprises<\/strong> (CFE) \u00e0 Bouguenais depuis deux ans, peut voter \u00e0 Bouguenais.<\/p>\n<p>Quelles sont les conditions \u00e0 remplir pour voter hors de sa ville de r\u00e9sidence\u00a0?<\/p>\n<p>Des conditions sine qua non\u00a0:<\/p>\n<p>?? \u00catre fran\u00e7ais ou citoyen europ\u00e9en r\u00e9sidant en France.<\/p>\n<p>?? Avoir 18\u00a0ans r\u00e9volus.<\/p>\n<p>?? \u00catre inscrit sur la liste \u00e9lectorale de la commune concern\u00e9e.<\/p>\n<p>?? Justifier d\u2019une imposition locale continue depuis deux ans\u00a0: CFE, taxe fonci\u00e8re\u2026<\/p>\n<p>Quelles d\u00e9marches effectuer pour les \u00e9lections municipales 2026\u00a0?<\/p>\n<p>L\u2019inscription peut se faire en ligne sur <a href=\"https:\/\/www.service-public.gouv.fr\/particuliers\/recherche?keyword=%C3%A9lections%20municipales\" target=\"_blank\" rel=\"noopener\">le site service-public.fr<\/a>. Ou en mairie avec une pi\u00e8ce d\u2019identit\u00e9, un justificatif d\u2019imposition locale\u00a0: avis d\u2019imposition, extrait Kbis\u2026\u00a0; un justificatif de lien avec la commune\u00a0: bail commercial, statuts\u2026<\/p>\n<p>??? \u00c0 noter. L\u2019inscription doit \u00eatre faite au plus tard le 6e vendredi pr\u00e9c\u00e9dant le scrutin. En l\u2019occurrence, en 2026, avant le vendredi 6\u00a0f\u00e9vrier.<\/p>\n<p>D\u2019autres cas\u00a0: r\u00e9sidence secondaire, h\u00e9bergement, entreprise\u00a0?<\/p>\n<p>Plusieurs autres profils peuvent aussi voter dans une ville autre que leur r\u00e9sidence principale\u00a0:<\/p>\n<p>?? Les propri\u00e9taires d\u2019une r\u00e9sidence secondaire s\u2019ils paient des imp\u00f4ts locaux depuis deux ans.<\/p>\n<p>?? Les chefs d\u2019entreprise, s\u2019ils sont personnellement impos\u00e9s dans la commune.<\/p>\n<p>?? Les personnes h\u00e9berg\u00e9es chez un tiers. Elles peuvent s\u2019inscrire si elles y vivent de mani\u00e8re stable <strong>depuis au moins six mois<\/strong>.<\/p>\n<p>??? \u00c0 noter. Un \u00e9lecteur ne peut \u00eatre inscrit que dans une seule commune.<\/p>\n<p>\u00a0<\/p>\n","protected":false},"excerpt":{"rendered":"La question se pose l\u2019approche des \u00e9lections municipales de 2026\u00a0: pouvons-nous voter dans une commune o\u00f9 nous ne&hellip;\n","protected":false},"author":2,"featured_media":535079,"comment_status":"","ping_status":"","sticky":false,"template":"","format":"standard","meta":{"footnotes":""},"categories":[2818],"tags":[1111,11,7052,16576,1777,674,1011,27,3554,766,12,2636,2037,25,11706],"class_list":{"0":"post-535078","1":"post","2":"type-post","3":"status-publish","4":"format-standard","5":"has-post-thumbnail","7":"category-nantes","8":"tag-actu","9":"tag-actualites","10":"tag-commune","11":"tag-est-il","12":"tag-eu","13":"tag-europe","14":"tag-fr","15":"tag-france","16":"tag-municipales","17":"tag-nantes","18":"tag-news","19":"tag-pays-de-la-loire","20":"tag-possible","21":"tag-republique-francaise","22":"tag-voter"},"share_on_mastodon":{"url":"https:\/\/pubeurope.com\/@fr\/115551523567149900","error":""},"_links":{"self":[{"href":"https:\/\/www.europesays.com\/fr\/wp-json\/wp\/v2\/posts\/535078","targetHints":{"allow":["GET"]}}],"collection":[{"href":"https:\/\/www.europesays.com\/fr\/wp-json\/wp\/v2\/posts"}],"about":[{"href":"https:\/\/www.europesays.com\/fr\/wp-json\/wp\/v2\/types\/post"}],"author":[{"embeddable":true,"href":"https:\/\/www.europesays.com\/fr\/wp-json\/wp\/v2\/users\/2"}],"replies":[{"embeddable":true,"href":"https:\/\/www.europesays.com\/fr\/wp-json\/wp\/v2\/comments?post=535078"}],"version-history":[{"count":0,"href":"https:\/\/www.europesays.com\/fr\/wp-json\/wp\/v2\/posts\/535078\/revisions"}],"wp:featuredmedia":[{"embeddable":true,"href":"https:\/\/www.europesays.com\/fr\/wp-json\/wp\/v2\/media\/535079"}],"wp:attachment":[{"href":"https:\/\/www.europesays.com\/fr\/wp-json\/wp\/v2\/media?parent=535078"}],"wp:term":[{"taxonomy":"category","embeddable":true,"href":"https:\/\/www.europesays.com\/fr\/wp-json\/wp\/v2\/categories?post=535078"},{"taxonomy":"post_tag","embeddable":true,"href":"https:\/\/www.europesays.com\/fr\/wp-json\/wp\/v2\/tags?post=535078"}],"curies":[{"name":"wp","href":"https:\/\/api.w.org\/{rel}","templated":true}]}}