{"id":535080,"date":"2025-11-15T03:11:56","date_gmt":"2025-11-15T03:11:56","guid":{"rendered":"https:\/\/www.europesays.com\/fr\/535080\/"},"modified":"2025-11-15T03:11:56","modified_gmt":"2025-11-15T03:11:56","slug":"un-leger-tremblement-de-terre-surprend-le-centre-ville","status":"publish","type":"post","link":"https:\/\/www.europesays.com\/fr\/535080\/","title":{"rendered":"un l\u00e9ger tremblement de terre surprend le centre-ville"},"content":{"rendered":"<p>\n    Un s\u00e9isme de magnitude 1,6 a \u00e9t\u00e9 enregistr\u00e9 jeudi apr\u00e8s-midi dans l\u2019agglom\u00e9ration nantaise. Tr\u00e8s proche de la surface, l\u2019\u00e9v\u00e9nement sismique a g\u00e9n\u00e9r\u00e9 des ondes sonores semblables au bruit d\u2019une explosion ou d\u2019un effondrement.<\/p>\n<p class=\"fig-paragraph\">Pour certains, ce fut le bruit d\u2019une explosion, d\u2019autres ont senti vibrer leur b\u00e2timent. Un\u00a0<a href=\"http:\/\/www.lefigaro.fr\/actualite-france\/un-tremblement-de-terre-grave-pourrait-il-se-produire-en-france-20230209\" target=\"_blank\" data-fig-type=\"Article\" rel=\"noopener\" data-gtm-custom-categorie=\"navigation\" data-gtm-custom-action=\"crossclick\" data-gtm-custom-label=\"Contextuel\" data-gtm-event=\"customEventSPE\" data-fig-domain=\"LEFIGARO\">s\u00e9isme<\/a>\u00a0d\u2019une magnitude locale de 1,6 a secou\u00e9 jeudi, en milieu d\u2019apr\u00e8s-midi, le centre-ville\u00a0<a href=\"https:\/\/www.lefigaro.fr\/nantes\" target=\"_blank\" data-fig-type=\"Section\" rel=\"sponsored noopener\" data-gtm-custom-categorie=\"navigation\" data-gtm-custom-action=\"crossclick\" data-gtm-custom-label=\"Contextuel\" data-gtm-event=\"customEventSPE\" data-fig-domain=\"LEFIGARO\">de Nantes<\/a>\u00a0(Loire-Atlantique). L\u2019\u00e9pisode s\u2019est manifest\u00e9 vers 16h45 et n\u2019a fait aucun d\u00e9g\u00e2t ni bless\u00e9 dans l\u2019agglom\u00e9ration de la sixi\u00e8me ville de France.<\/p>\n<p class=\"fig-paragraph\">D\u2019apr\u00e8s le R\u00e9seau national de surveillance sismique (R\u00e9nass), l\u2019\u00e9picentre de ce petit tremblement de terre \u00e9tait situ\u00e9 \u00e0 cinq kilom\u00e8tres sous la surface, dans les alentours du quartier de Chantenay, dans l\u2019ouest de Nantes. L\u2019\u00e9v\u00e9nement a \u00e9t\u00e9 diversement ressenti dans l\u2019ensemble de l\u2019agglom\u00e9ration. Sur les r\u00e9seaux sociaux, plusieurs habitants ont rapport\u00e9 avoir entendu et ressenti une explosion, une \u00ab\u00e9norme boom\u00bb, voire un bruit semblable \u00e0 celui d\u2019un effondrement.<\/p>\n<p>                                    <a class=\"fig-a11y-skip a11y-hidden\" href=\"#fig-a11y-skip-main-inarticle\"><br \/>\n        Passer la publicit\u00e9<br \/>\n    <\/a><\/p>\n<p>Ondes sismiques et ondes sonores<\/p>\n<p class=\"fig-paragraph\">\u00abIl s\u2019agissait d\u2019un \u00e9v\u00e9nement sismique tr\u00e8s bref et de tr\u00e8s faible magnitude, probablement li\u00e9 \u00e0 un glissement de quelques millim\u00e8tres sur le cisaillement sud-armoricain qui passe par Nantes, d\u00e9crypte Micka\u00ebl Bonnin, sismologue \u00e0 l\u2019Observatoire des Sciences de l\u2019Univers, au sein de Nantes Universit\u00e9. Des s\u00e9ismes de cette magnitude sont quasi quotidiens dans les Alpes et les Pyr\u00e9n\u00e9es. Celui de jeudi a, en revanche, \u00e9t\u00e9 bien remarqu\u00e9 car son \u00e9picentre \u00e9tait tr\u00e8s proche de la surface, et situ\u00e9 dans l\u2019aire d\u2019une grande agglom\u00e9ration.\u00bb<\/p>\n<p class=\"fig-body-link\">\n            \u00c0 lire aussi<br \/>\n        <a class=\"fig-body-link__link\" href=\"http:\/\/www.lefigaro.fr\/nantes\/faux-passeports-et-masques-en-silicone-trois-hommes-arretes-a-nantes-pour-avoir-tente-de-prendre-illegalement-un-vol-pour-le-canada-20251113\" target=\"_blank\" data-fig-type=\"NewsFlash\" rel=\"noopener\" data-gtm-custom-categorie=\"navigation\" data-gtm-custom-action=\"crossclick\" data-gtm-custom-label=\"Contextuel\" data-gtm-event=\"customEventSPE\" data-fig-domain=\"LEFIGARO\"><\/p>\n<p>        Faux passeports et masques en silicone\u00a0: trois hommes arr\u00eat\u00e9s \u00e0 Nantes pour avoir tent\u00e9 de prendre ill\u00e9galement un vol pour le Canada<br \/>\n    <\/a>\n<\/p>\n<p class=\"fig-paragraph\">L\u2019expert se veut rassurant, malgr\u00e9 la proximit\u00e9 imm\u00e9diate du tremblement de terre avec le centre de Nantes. \u00abEn temps normal, les b\u00e2timents et les r\u00e9seaux ne courent des risques qu\u2019\u00e0 partir d\u2019un s\u00e9isme de magnitude locale 4, assure Micka\u00ebl Bonnin. Ici, nous avons juste eu des ondes sismiques converties en ondes sonores. C\u2019est ce qui a cr\u00e9\u00e9 ce bruit sourd et lointain, qui a dur\u00e9 juste une seconde, et qui pouvait \u00eatre confondu avec une explosion\u00bb.<\/p>\n<p class=\"fig-paragraph\">Le pr\u00e9c\u00e9dent s\u00e9isme \u00e0 avoir marqu\u00e9 Nantes remonte au\u00a0<a href=\"http:\/\/www.lefigaro.fr\/conjoncture\/seisme-dans-l-ouest-de-la-france-la-facture-estimee-entre-200-et-350-millions-d-euros-selon-la-caisse-de-reassurance-20230626\" target=\"_blank\" data-fig-type=\"NewsFlash\" rel=\"noopener\" data-gtm-custom-categorie=\"navigation\" data-gtm-custom-action=\"crossclick\" data-gtm-custom-label=\"Contextuel\" data-gtm-event=\"customEventSPE\" data-fig-domain=\"LEFIGARO\">tremblement de terre ressenti dans une large partie de l\u2019Ouest de la France, le 16 juin 2023<\/a>. D\u2019une magnitude locale estim\u00e9e de 5,3 \u00e0 5,8, ce s\u00e9isme provoqu\u00e9 autour de Niort (Deux-S\u00e8vres) avait fait trois bless\u00e9s l\u00e9gers. Il s\u2019agissait de l\u2019un des s\u00e9ismes les plus forts enregistr\u00e9s sur le territoire m\u00e9tropolitain.<\/p>\n","protected":false},"excerpt":{"rendered":"Un s\u00e9isme de magnitude 1,6 a \u00e9t\u00e9 enregistr\u00e9 jeudi apr\u00e8s-midi dans l\u2019agglom\u00e9ration nantaise. Tr\u00e8s proche de la surface,&hellip;\n","protected":false},"author":2,"featured_media":535081,"comment_status":"","ping_status":"","sticky":false,"template":"","format":"standard","meta":{"footnotes":""},"categories":[2818],"tags":[1111,11,1777,674,1011,27,766,12,2636,25,7965],"class_list":{"0":"post-535080","1":"post","2":"type-post","3":"status-publish","4":"format-standard","5":"has-post-thumbnail","7":"category-nantes","8":"tag-actu","9":"tag-actualites","10":"tag-eu","11":"tag-europe","12":"tag-fr","13":"tag-france","14":"tag-nantes","15":"tag-news","16":"tag-pays-de-la-loire","17":"tag-republique-francaise","18":"tag-seisme"},"share_on_mastodon":{"url":"https:\/\/pubeurope.com\/@fr\/115551531373018083","error":""},"_links":{"self":[{"href":"https:\/\/www.europesays.com\/fr\/wp-json\/wp\/v2\/posts\/535080","targetHints":{"allow":["GET"]}}],"collection":[{"href":"https:\/\/www.europesays.com\/fr\/wp-json\/wp\/v2\/posts"}],"about":[{"href":"https:\/\/www.europesays.com\/fr\/wp-json\/wp\/v2\/types\/post"}],"author":[{"embeddable":true,"href":"https:\/\/www.europesays.com\/fr\/wp-json\/wp\/v2\/users\/2"}],"replies":[{"embeddable":true,"href":"https:\/\/www.europesays.com\/fr\/wp-json\/wp\/v2\/comments?post=535080"}],"version-history":[{"count":0,"href":"https:\/\/www.europesays.com\/fr\/wp-json\/wp\/v2\/posts\/535080\/revisions"}],"wp:featuredmedia":[{"embeddable":true,"href":"https:\/\/www.europesays.com\/fr\/wp-json\/wp\/v2\/media\/535081"}],"wp:attachment":[{"href":"https:\/\/www.europesays.com\/fr\/wp-json\/wp\/v2\/media?parent=535080"}],"wp:term":[{"taxonomy":"category","embeddable":true,"href":"https:\/\/www.europesays.com\/fr\/wp-json\/wp\/v2\/categories?post=535080"},{"taxonomy":"post_tag","embeddable":true,"href":"https:\/\/www.europesays.com\/fr\/wp-json\/wp\/v2\/tags?post=535080"}],"curies":[{"name":"wp","href":"https:\/\/api.w.org\/{rel}","templated":true}]}}