{"id":535088,"date":"2025-11-15T03:16:15","date_gmt":"2025-11-15T03:16:15","guid":{"rendered":"https:\/\/www.europesays.com\/fr\/535088\/"},"modified":"2025-11-15T03:16:15","modified_gmt":"2025-11-15T03:16:15","slug":"la-musique-des-parachutistes-de-toulouse-en-concert-gratuit-a-cahors","status":"publish","type":"post","link":"https:\/\/www.europesays.com\/fr\/535088\/","title":{"rendered":"La Musique des Parachutistes de Toulouse en concert gratuit \u00e0 Cahors"},"content":{"rendered":"<p>                    Par<br \/>\n        <strong><br \/>\n            <a href=\"https:\/\/actu.fr\/auteur\/marc-2\" title=\"Consulter tous les articles de Marc Louison\" target=\"_blank\" rel=\"noopener\">Marc Louison<\/a><br \/>\n                    <\/strong><\/p>\n<p>        Publi\u00e9 le<\/p>\n<p>            14 nov. 2025 \u00e0 16h30        <\/p>\n<p>Le <b>jeudi 20 novembre 2025<\/b> \u00e0 20 h \u00e0 l\u2019Espace Valentr\u00e9 de <a href=\"https:\/\/actu.fr\/occitanie\/cahors_46042\" target=\"_blank\" rel=\"noopener\"><b>Cahors<\/b><\/a>, la <b>Musique des Parachutistes de Toulouse<\/b> et ses <b>50 musiciens<\/b> jouera un concert au profit des bless\u00e9s de\u00a0l\u2019arm\u00e9e de terre et des familles des soldats morts au\u00a0combat. Ce concert est offert par la d\u00e9l\u00e9gation\u00a0militaire d\u00e9partementale du Lot et la municipalit\u00e9 de Cahors.<\/p>\n<p class=\" wall-content\">La Musique des Parachutistes de Toulouse figure parmi les 6 formations musicales militaires\u00a0professionnelles de l\u2019Arm\u00e9e de Terre plac\u00e9es sous le\u00a0commandement des musiques de l\u2019arm\u00e9e de Terre.<\/p>\n<p>50 musiciens militaires sur sc\u00e8ne \u00e0 Cahors<\/p>\n<p class=\" wall-content\">Compos\u00e9 de 50 musiciens militaires, cet ensemble aux\u00a0sonorit\u00e9s riches et puissantes, prenant le r\u00f4le\u00a0d\u2019ambassadeur des troupes a\u00e9roport\u00e9es aborde tout\u00a0le r\u00e9pertoire de la musique d\u2019harmonie : transcriptions classiques, \u0153uvres originales, musiques\u00a0actuelles et vari\u00e9t\u00e9.<\/p>\n<p class=\" wall-content\">Ce <b>concert est ouvert \u00e0 tous et gratuit<\/b>. Une collecte sera organis\u00e9e au profit des bless\u00e9s et familles\u00a0endeuill\u00e9es de l\u2019arm\u00e9e de Terre. L\u2019int\u00e9gralit\u00e9 des dons sera vers\u00e9e \u00e0 l\u2019association \u00ab Terre Fraternit\u00e9 ADO \u00bb.<\/p>\n<p>Vid\u00e9os : en ce moment sur Actu<\/p>\n<p class=\" wall-content\">\n<p>Programme du concert<\/p>\n<p class=\" wall-content\">La Musique des Parachutistes de Toulouse va interpr\u00e9ter le programme suivant \u00e0 Cahors : Peterloo Overture de Malcom Arnold (arrgt. C. Sayre) ; \u00ab Undertow \u00bb de John Mackey ; \u00ab Music of the Sph\u00e8res \u00bb de Philip Sparke ; \u00ab Lincolnshire Posy \u00bb de Percy Grainger ;<\/p>\n<p>Votre r\u00e9gion, votre actu !<\/p>\n<p>Recevez chaque jour les infos qui comptent pour vous.<\/p>\n<p>\t<a href=\"https:\/\/actu.fr\/newsletter\" class=\"ac-btn ac-btn--corner ac-btn--medium ac-btn--blue800\" target=\"_blank\" rel=\"noopener\">S&rsquo;incrire<\/a><\/p>\n<p class=\" wall-content\">\u00ab Concerto pour clarinette \u00bb d\u2019Artie Shaw ; \u00ab Tony\u2019s Favourite Cartoons \u00bb (arrgt. Pascal Devroye) ; Joropo de Mois\u00e9s Moleiro (arrgt. De Meij).<\/p>\n<p>Concert gratuit. R\u00e9servation des places par mail \u00e0 <a href=\"https:\/\/actu.fr\/cdn-cgi\/l\/email-protection\" class=\"__cf_email__\" data-cfemail=\"37535a530301195458594356544319515443775e594345565352511950584241195145\" target=\"_blank\" rel=\"noopener\">[email\u00a0protected]<\/a>. Ouverture des portes \u00e0 19 h. Restauration rapide sur place avec le restaurant \u00ab La Chartreuse \u00bb<\/p>\n<p class=\" wall-content\">Personnalisez votre actualit\u00e9 en ajoutant vos villes et m\u00e9dias en favori avec <a href=\"https:\/\/moncompte.actu.fr\" title=\"D\u00e9couvez Mon Actu\" rel=\"nofollow noopener\" data-trk=\"{&quot;cta&quot;:{&quot;action&quot;:&quot;https:\\\/\\\/moncompte.actu.fr&quot;,&quot;category&quot;:&quot;mon compte&quot;,&quot;from&quot;:&quot;article footer&quot;,&quot;name&quot;:&quot;Mon actu&quot;,&quot;type&quot;:&quot;cta&quot;}}\" target=\"_blank\">Mon Actu<\/a>.<\/p>\n","protected":false},"excerpt":{"rendered":"Par Marc Louison Publi\u00e9 le 14 nov. 2025 \u00e0 16h30 Le jeudi 20 novembre 2025 \u00e0 20 h&hellip;\n","protected":false},"author":2,"featured_media":535089,"comment_status":"","ping_status":"","sticky":false,"template":"","format":"standard","meta":{"footnotes":""},"categories":[2816],"tags":[1111,11,1697,1777,674,1011,27,1652,12,2680,25,2312],"class_list":{"0":"post-535088","1":"post","2":"type-post","3":"status-publish","4":"format-standard","5":"has-post-thumbnail","7":"category-toulouse","8":"tag-actu","9":"tag-actualites","10":"tag-concert","11":"tag-eu","12":"tag-europe","13":"tag-fr","14":"tag-france","15":"tag-loisirs-culture","16":"tag-news","17":"tag-occitanie","18":"tag-republique-francaise","19":"tag-toulouse"},"share_on_mastodon":{"url":"https:\/\/pubeurope.com\/@fr\/115551547155677076","error":""},"_links":{"self":[{"href":"https:\/\/www.europesays.com\/fr\/wp-json\/wp\/v2\/posts\/535088","targetHints":{"allow":["GET"]}}],"collection":[{"href":"https:\/\/www.europesays.com\/fr\/wp-json\/wp\/v2\/posts"}],"about":[{"href":"https:\/\/www.europesays.com\/fr\/wp-json\/wp\/v2\/types\/post"}],"author":[{"embeddable":true,"href":"https:\/\/www.europesays.com\/fr\/wp-json\/wp\/v2\/users\/2"}],"replies":[{"embeddable":true,"href":"https:\/\/www.europesays.com\/fr\/wp-json\/wp\/v2\/comments?post=535088"}],"version-history":[{"count":0,"href":"https:\/\/www.europesays.com\/fr\/wp-json\/wp\/v2\/posts\/535088\/revisions"}],"wp:featuredmedia":[{"embeddable":true,"href":"https:\/\/www.europesays.com\/fr\/wp-json\/wp\/v2\/media\/535089"}],"wp:attachment":[{"href":"https:\/\/www.europesays.com\/fr\/wp-json\/wp\/v2\/media?parent=535088"}],"wp:term":[{"taxonomy":"category","embeddable":true,"href":"https:\/\/www.europesays.com\/fr\/wp-json\/wp\/v2\/categories?post=535088"},{"taxonomy":"post_tag","embeddable":true,"href":"https:\/\/www.europesays.com\/fr\/wp-json\/wp\/v2\/tags?post=535088"}],"curies":[{"name":"wp","href":"https:\/\/api.w.org\/{rel}","templated":true}]}}