{"id":535090,"date":"2025-11-15T03:17:23","date_gmt":"2025-11-15T03:17:23","guid":{"rendered":"https:\/\/www.europesays.com\/fr\/535090\/"},"modified":"2025-11-15T03:17:23","modified_gmt":"2025-11-15T03:17:23","slug":"comment-sinscrire-sur-les-listes-electorales-a-roubaix","status":"publish","type":"post","link":"https:\/\/www.europesays.com\/fr\/535090\/","title":{"rendered":"Comment s\u2019inscrire sur les listes \u00e9lectorales \u00e0 Roubaix"},"content":{"rendered":"<p class=\"introduction\">\u00c0 Roubaix, comme partout en France, \u00eatre inscrit sur la liste \u00e9lectorale est un pr\u00e9requis indispensable pour pouvoir voter. D\u00e9couvrez les conditions, les d\u00e9marches et les conseils pratiques pour vous inscrire, ou v\u00e9rifier que tout est en ordre.<\/p>\n<p>Qui peut s\u2019inscrire ?<\/p>\n<p>Pour \u00eatre \u00e9ligible \u00e0 l\u2019inscription sur la liste \u00e9lectorale, vous devez remplir les conditions suivantes :<\/p>\n<p>Quelle est la date limite pour s\u2019inscrire ?<\/p>\n<p>Pour les prochaines \u00e9lections municipales pr\u00e9vues les 15 et 22 mars 2026, l\u2019inscription sur les listes \u00e9lectorales doit \u00eatre faite <strong>au plus tard le vendredi 6 f\u00e9vrier 2026.<\/strong><\/p>\n<p>Cela signifie qu\u2019il est pr\u00e9f\u00e9rable de ne pas attendre le dernier moment pour \u00e9viter tout oubli ou probl\u00e8me de dossier.<\/p>\n<p>O\u00f9 et comment faire la d\u00e9marche ?<\/p>\n<p>Voici les principales modalit\u00e9s propos\u00e9es par la mairie de Roubaix :<\/p>\n<p>Vous pouvez vous rendre dans l\u2019une des mairies de quartiers de Roubaix pour d\u00e9poser votre demande.<br \/>Prenez \u00e9ventuellement contact avant pour v\u00e9rifier les horaires ou les conditions.<\/p>\n<ul>\n<li><strong>En ligne ou par correspondance<\/strong><\/li>\n<\/ul>\n<p>Vous pouvez aussi vous inscrire via le site officiel national : <a href=\"https:\/\/www.service-public.gouv.fr\/particuliers\/vosdroits\/R16396\" target=\"_blank\" rel=\"noopener nofollow\">Mon Service Public<\/a> (plateforme gouvernementale pour d\u00e9marches en ligne).<\/p>\n<p>Par courrier : t\u00e9l\u00e9chargez<a href=\"https:\/\/www.service-public.fr\/particuliers\/vosdroits\/R16024\" target=\"_blank\" rel=\"noopener nofollow\"> le formulaire CERFA n\u00b0 12669*02<\/a>, remplissez-le, signez-le, joignez les pi\u00e8ces demand\u00e9es et envoyez-le \u00e0 :<\/p>\n<p>Service des \u00e9lections<br \/>CS 70737<br \/>59066 Roubaix Cedex 01<\/p>\n<p>Quels documents faut-il fournir ?<\/p>\n<p>Pour constituer votre dossier d\u2019inscription, la mairie de Roubaix demande les pi\u00e8ces suivantes :<\/p>\n<ul>\n<li>une carte nationale d\u2019identit\u00e9 ou un passeport en cours de validit\u00e9 ou p\u00e9rim\u00e9 depuis moins de 5 ans.<\/li>\n<li>un justificatif de domicile dat\u00e9 de moins de 3 mois, au nom et pr\u00e9nom du demandeur (ex. facture d\u2019\u00e9nergie, t\u00e9l\u00e9phone fixe).<\/li>\n<li>Si vous \u00eates h\u00e9berg\u00e9 chez vos parents : attestation de l\u2019un des parents + justificatif de domicile \u00e0 leur nom.<\/li>\n<li>Si vous \u00eates h\u00e9berg\u00e9 chez un tiers : attestation de l\u2019h\u00e9bergeant + copie de sa pi\u00e8ce d\u2019identit\u00e9 + justificatif de domicile de l\u2019h\u00e9bergeant.<\/li>\n<\/ul>\n<p>Quelques conseils pratiques pour \u00e9viter les erreurs<\/p>\n<p>V\u00e9rifiez que vos nom et pr\u00e9nom figurent de la m\u00eame fa\u00e7on que sur vos pi\u00e8ces d\u2019identit\u00e9 (orthographe, accents, etc.).<\/p>\n<p>Ne vous y prenez pas au dernier moment : bien que l\u2019inscription soit possible \u00e0 tout moment de l\u2019ann\u00e9e, pour participer \u00e0 une \u00e9lection pr\u00e9cise il faut respecter la date limite mentionn\u00e9e.<\/p>\n<p>Conservez une copie de votre dossier ou du r\u00e9c\u00e9piss\u00e9 lorsque vous vous inscrivez, pour pouvoir prouver que vous avez bien fait la d\u00e9marche.<\/p>\n<p>Si vous avez chang\u00e9 de domicile, ou si vous avez une situation particuli\u00e8re (attache non-domicile, etc.), contactez le service des \u00e9lections de la mairie de Roubaix pour v\u00e9rifier votre cas.<\/p>\n","protected":false},"excerpt":{"rendered":"\u00c0 Roubaix, comme partout en France, \u00eatre inscrit sur la liste \u00e9lectorale est un pr\u00e9requis indispensable pour pouvoir&hellip;\n","protected":false},"author":2,"featured_media":535091,"comment_status":"","ping_status":"","sticky":false,"template":"","format":"standard","meta":{"footnotes":""},"categories":[2815],"tags":[1111,11,25681,4188,1777,674,1011,27,811,1307,65449,12,25],"class_list":{"0":"post-535090","1":"post","2":"type-post","3":"status-publish","4":"format-standard","5":"has-post-thumbnail","7":"category-lille","8":"tag-actu","9":"tag-actualites","10":"tag-demarches-administratives","11":"tag-elections-municipales","12":"tag-eu","13":"tag-europe","14":"tag-fr","15":"tag-france","16":"tag-hauts-de-france","17":"tag-lille","18":"tag-listes-electorales","19":"tag-news","20":"tag-republique-francaise"},"share_on_mastodon":{"url":"https:\/\/pubeurope.com\/@fr\/115551551060855972","error":""},"_links":{"self":[{"href":"https:\/\/www.europesays.com\/fr\/wp-json\/wp\/v2\/posts\/535090","targetHints":{"allow":["GET"]}}],"collection":[{"href":"https:\/\/www.europesays.com\/fr\/wp-json\/wp\/v2\/posts"}],"about":[{"href":"https:\/\/www.europesays.com\/fr\/wp-json\/wp\/v2\/types\/post"}],"author":[{"embeddable":true,"href":"https:\/\/www.europesays.com\/fr\/wp-json\/wp\/v2\/users\/2"}],"replies":[{"embeddable":true,"href":"https:\/\/www.europesays.com\/fr\/wp-json\/wp\/v2\/comments?post=535090"}],"version-history":[{"count":0,"href":"https:\/\/www.europesays.com\/fr\/wp-json\/wp\/v2\/posts\/535090\/revisions"}],"wp:featuredmedia":[{"embeddable":true,"href":"https:\/\/www.europesays.com\/fr\/wp-json\/wp\/v2\/media\/535091"}],"wp:attachment":[{"href":"https:\/\/www.europesays.com\/fr\/wp-json\/wp\/v2\/media?parent=535090"}],"wp:term":[{"taxonomy":"category","embeddable":true,"href":"https:\/\/www.europesays.com\/fr\/wp-json\/wp\/v2\/categories?post=535090"},{"taxonomy":"post_tag","embeddable":true,"href":"https:\/\/www.europesays.com\/fr\/wp-json\/wp\/v2\/tags?post=535090"}],"curies":[{"name":"wp","href":"https:\/\/api.w.org\/{rel}","templated":true}]}}