{"id":535098,"date":"2025-11-15T03:21:20","date_gmt":"2025-11-15T03:21:20","guid":{"rendered":"https:\/\/www.europesays.com\/fr\/535098\/"},"modified":"2025-11-15T03:21:20","modified_gmt":"2025-11-15T03:21:20","slug":"lyon-le-depart-precipite-du-consul-general-dalgerie","status":"publish","type":"post","link":"https:\/\/www.europesays.com\/fr\/535098\/","title":{"rendered":"Lyon. Le d\u00e9part pr\u00e9cipit\u00e9 du consul g\u00e9n\u00e9ral d\u2019Alg\u00e9rie &#8211;"},"content":{"rendered":"<p>\t\t\t\t<img fetchpriority=\"high\" decoding=\"async\" width=\"900\" height=\"743\" src=\"https:\/\/www.europesays.com\/fr\/wp-content\/uploads\/2025\/11\/Abdelaziz-Mayouf-consul-algerie.jpg\" alt=\"\" title=\"Abdelaziz Mayouf consul alg\u00e9rie\"   class=\"wp-image-166807\"\/><\/p>\n<p>Photos Lyon People et captures d\u2019\u00e9cran Facebook Consulat g\u00e9n\u00e9ral d\u2019\u2019Alg\u00e9rie \u00e0 Lyon <\/p>\n<p><strong>Texte\u00a0: Marc de Jouvencel<\/strong> \u2013 Info Lyon People. Le consul g\u00e9n\u00e9ral d\u2019Alg\u00e9rie <strong>Abdelaziz Mayouf<\/strong> a \u00e9t\u00e9 rappel\u00e9 pr\u00e9cipitamment \u00e0 Alger ce mercredi 12 novembre 2025. Il a fait ses valises du jour au lendemain, dans un contexte particuli\u00e8rement tendu entre nos deux pays.<\/p>\n<p>Sur le plan national, la crise n\u2019est pas retomb\u00e9e apr\u00e8s la lib\u00e9ration de l\u2019\u00e9crivain <strong>Boualem Sansal<\/strong> qui a atterri en Allemagne, ultime provocation du pr\u00e9sident alg\u00e9rien \u00e0 l\u2019\u00e9gard d\u2019<strong>Emmanuel Macron<\/strong>, une nouvelle fois humili\u00e9 sur la sc\u00e8ne internationale. \u00ab L\u2019\u00e9crivain franco-alg\u00e9rien est arriv\u00e9 mercredi soir \u00e0 Berlin pour y recevoir des soins m\u00e9dicaux. Mais son \u00e9tat de sant\u00e9 inqui\u00e8te ses proches \u00bb, pr\u00e9cise Europe 1.<\/p>\n<p>Malgr\u00e9 les discours officiels, la tension est toujours au maximum, quelques jours apr\u00e8s la remise en cause des accords de 1968 et des avantages des immigr\u00e9s alg\u00e9riens par les d\u00e9put\u00e9s fran\u00e7ais. Si le nouveau ministre de l\u2019Int\u00e9rieur <strong>Laurent Nu\u00f1ez <\/strong>souhaite n\u00e9anmoins r\u00e9engager le dialogue avec Alger\u2026 rien n\u2019indique qu\u2019il fera preuve de fermet\u00e9 sur la question des OQTF et des visas.<\/p>\n<p><strong>Ing\u00e9rence \u00e9trang\u00e8re dans les affaires lyonnaises<\/strong><\/p>\n<p>A Lyon, la situation n\u2019est pas meilleure. Les associations alg\u00e9riennes mettent la pression sur l\u2019\u00e9ph\u00e9(maire) dont les accointances islamo-gauchistes sont connues depuis 2020. Sans se faire prier, <strong>Gr\u00e9gory Doucet<\/strong> s\u2019est d\u00e9j\u00e0 docilement pli\u00e9 \u00e0 leurs oukases en organisant l\u2019inauguration d\u2019une plaque comm\u00e9morant la manifestation du FLN du\u2026 17 octobre 1961 (photo ci-dessous). <a href=\"https:\/\/www.lyonpeople.com\/actualites-lyon\/lyon-apres-la-rue-bugeaud-les-ecologistes-veulent-faire-sauter-la-passerelle-du-college-2025-11-11.html\" target=\"_blank\" rel=\"noopener\"><strong>Le contexte \u00e9lectoral de cet acte d\u2019all\u00e9geance est \u00e0 lire ici.\u00a0<\/strong><\/a><\/p>\n<p><img loading=\"lazy\" decoding=\"async\" class=\"alignnone size-full wp-image-166809\" src=\"data:image\/svg+xml,%3Csvg%20xmlns=\" http:=\"\" alt=\"\" width=\"900\" height=\"589\" data-lazy- data-lazy- data-lazy-src=\"https:\/\/www.europesays.com\/fr\/wp-content\/uploads\/2025\/11\/doucet-algerie.jpg\"\/><\/p>\n<p>Bien \u00e9videmment, cette comm\u00e9moration a fait l\u2019objet d\u2019un compte-rendu en mode Pravda <a href=\"https:\/\/www.facebook.com\/CGALGERIELYON?locale=fr_FR\" target=\"_blank\" rel=\"noopener\"><strong>sur la page Facebook du consulat<\/strong><\/a>, o\u00f9 sont publi\u00e9es des photos d\u2019enfants instrumentalis\u00e9s par le pouvoir alg\u00e9rien. Dans leurs commentaires, aux c\u00f4t\u00e9s des trolls du r\u00e9gime, certains internautes osent d\u00e9noncer cette collusion. \u00ab Voil\u00e0 comment entretenir la haine du Fran\u00e7ais chez de jeunes enfants alg\u00e9riens \u00bb souligne <strong>Louise<\/strong>.<\/p>\n<p>Soufflant sur les braises de cette haine anti-fran\u00e7aise, Doucet a charg\u00e9 son adjointe <strong>Sylvie Tomic<\/strong> de cr\u00e9er un comit\u00e9 Th\u00e9odule pour d\u00e9baptiser la rue Bugeaud, dans le 6eme arrondissement. Mais les habitants, commer\u00e7ants et artisans de cette art\u00e8re ne comptent pas abandonner leur adresse. Soutenus par les \u00e9lus du 6eme arrondissement et les comit\u00e9s de quartier, <a href=\"https:\/\/www.lyonpeople.com\/actualites-lyon\/actualites-culturelles-patrimoine\/comite-histoire-et-memoire-de-la-ville-comment-les-ecologistes-veulent-reecrire-lhistoire-de-lyon-2025-11-04.html\" target=\"_blank\" rel=\"noopener\"><strong>ils ont lanc\u00e9 une p\u00e9tition<\/strong><\/a> et pr\u00e9parent les recours gracieux et judiciaires.<\/p>\n<p><strong>\u00ab\u00a0Vive l\u2019Alg\u00e9rie, gloire \u00e0 nos martyrs \u00bb.<\/strong><\/p>\n<p>Dans ce contexte d\u00e9l\u00e9t\u00e8re, avait lieu, lundi 3 novembre 2025, aux Terrasses du parc (Villeurbanne), la c\u00e9l\u00e9bration de le f\u00eate nationale alg\u00e9rienne, dont \u2013 contrairement aux usages diplomatiques \u2013 le drapeau et l\u2019hymne fran\u00e7ais ont \u00e9t\u00e9 une nouvelle fois exclus. Sur la page Facebook du consulat, le reportage de la r\u00e9ception est lunaire, digne de la grande \u00e9poque sovi\u00e9tique.<\/p>\n<p><img loading=\"lazy\" decoding=\"async\" class=\"alignnone size-full wp-image-166808\" src=\"data:image\/svg+xml,%3Csvg%20xmlns=\" http:=\"\" alt=\"\" width=\"683\" height=\"538\" data-lazy- data-lazy- data-lazy-src=\"https:\/\/www.europesays.com\/fr\/wp-content\/uploads\/2025\/11\/fete-nationale-algerienne-a-lyon.jpg\"\/><\/p>\n<p>Je cite\u00a0: \u00ab\u00a0Photos et vid\u00e9os de la comm\u00e9moration du 71eme anniversaire du d\u00e9clenchement de notre glorieuse r\u00e9volution. Une f\u00eate organis\u00e9e par le Consulat G\u00e9n\u00e9ral et ayant regroup\u00e9 les membres de notre communaut\u00e9. (\u2026) Vive l\u2019Alg\u00e9rie, gloire \u00e0 nos martyrs\u00a0\u00bb. Au cours de la c\u00e9r\u00e9monie arros\u00e9e de jus d\u2019orange industriel, pas une seule fois, Abdelaziz Mayouf n\u2019a \u00e9voqu\u00e9 son retour au pays.<\/p>\n<p>Confrontation ou apaisement ? Le profil de son successeur nous en dira plus sur la fa\u00e7on dont l\u2019Alg\u00e9rie compte faire \u00e9voluer ses relations avec la France. Mais de m\u00e9moire d\u2019observateur du corps consulaire lyonnais, on n\u2019a jamais connu pareil consul anti-fran\u00e7ais, \u00e0 l\u2019exception de celui de la Turquie, dont l\u2019impolitesse <a href=\"https:\/\/www.lyonpeople.com\/actualites-lyon\/actualites-politiques\/polemique-larcheveque-de-lyon-insulte-par-le-consul-general-de-turquie-2024-05-20.html\" target=\"_blank\" rel=\"noopener\"><strong>et les insultes envers l\u2019archev\u00eaque de Lyon<\/strong><\/a> lui ont \u00e9galement valu d\u2019\u00eatre rapatri\u00e9 illico presto en 2024.<\/p>\n","protected":false},"excerpt":{"rendered":"Photos Lyon People et captures d\u2019\u00e9cran Facebook Consulat g\u00e9n\u00e9ral d\u2019\u2019Alg\u00e9rie \u00e0 Lyon Texte\u00a0: Marc de Jouvencel \u2013 Info&hellip;\n","protected":false},"author":2,"featured_media":535099,"comment_status":"","ping_status":"","sticky":false,"template":"","format":"standard","meta":{"footnotes":""},"categories":[1889],"tags":[4257,1111,11,2430,65451,65450,1777,674,1011,27,2428,12,25],"class_list":{"0":"post-535098","1":"post","2":"type-post","3":"status-publish","4":"format-standard","5":"has-post-thumbnail","7":"category-lyon","8":"tag-0top","9":"tag-actu","10":"tag-actualites","11":"tag-auvergne-rhone-alpes","12":"tag-consul-general-dalgerie-a-lyon","13":"tag-consul-general-dalgerie","14":"tag-eu","15":"tag-europe","16":"tag-fr","17":"tag-france","18":"tag-lyon","19":"tag-news","20":"tag-republique-francaise"},"share_on_mastodon":{"url":"https:\/\/pubeurope.com\/@fr\/115551567691143171","error":""},"_links":{"self":[{"href":"https:\/\/www.europesays.com\/fr\/wp-json\/wp\/v2\/posts\/535098","targetHints":{"allow":["GET"]}}],"collection":[{"href":"https:\/\/www.europesays.com\/fr\/wp-json\/wp\/v2\/posts"}],"about":[{"href":"https:\/\/www.europesays.com\/fr\/wp-json\/wp\/v2\/types\/post"}],"author":[{"embeddable":true,"href":"https:\/\/www.europesays.com\/fr\/wp-json\/wp\/v2\/users\/2"}],"replies":[{"embeddable":true,"href":"https:\/\/www.europesays.com\/fr\/wp-json\/wp\/v2\/comments?post=535098"}],"version-history":[{"count":0,"href":"https:\/\/www.europesays.com\/fr\/wp-json\/wp\/v2\/posts\/535098\/revisions"}],"wp:featuredmedia":[{"embeddable":true,"href":"https:\/\/www.europesays.com\/fr\/wp-json\/wp\/v2\/media\/535099"}],"wp:attachment":[{"href":"https:\/\/www.europesays.com\/fr\/wp-json\/wp\/v2\/media?parent=535098"}],"wp:term":[{"taxonomy":"category","embeddable":true,"href":"https:\/\/www.europesays.com\/fr\/wp-json\/wp\/v2\/categories?post=535098"},{"taxonomy":"post_tag","embeddable":true,"href":"https:\/\/www.europesays.com\/fr\/wp-json\/wp\/v2\/tags?post=535098"}],"curies":[{"name":"wp","href":"https:\/\/api.w.org\/{rel}","templated":true}]}}