{"id":535102,"date":"2025-11-15T03:24:37","date_gmt":"2025-11-15T03:24:37","guid":{"rendered":"https:\/\/www.europesays.com\/fr\/535102\/"},"modified":"2025-11-15T03:24:37","modified_gmt":"2025-11-15T03:24:37","slug":"noel-2025-les-franciliens-prevoient-un-budget-record-de-617-e","status":"publish","type":"post","link":"https:\/\/www.europesays.com\/fr\/535102\/","title":{"rendered":"No\u00ebl 2025 : les Franciliens pr\u00e9voient un budget record de 617 \u20ac"},"content":{"rendered":"<p><img loading=\"lazy\" decoding=\"async\" alt=\"\u00a9 Shutterstock - Selon une \u00e9tude Ankorstore, les Franciliens d\u00e9penseront 617 \u20ac pour No\u00ebl, le plus haut budget de France, malgr\u00e9 un climat \u00e9conomique et politique instable.\" data-zoom-src=\"https:\/\/www.europesays.com\/fr\/wp-content\/uploads\/2025\/11\/initial-cadeau-noel-sapin.jpg\" data-zoomable=\"\" height=\"702\" src=\"https:\/\/www.europesays.com\/fr\/wp-content\/uploads\/2025\/11\/initial-cadeau-noel-sapin.jpg\" width=\"1248\"\/>  <\/p>\n<p class=\"article-desc\">\u00a9 Shutterstock &#8211; Selon une \u00e9tude Ankorstore, les Franciliens d\u00e9penseront 617 \u20ac pour No\u00ebl, le plus haut budget de France, malgr\u00e9 un climat \u00e9conomique et politique instable. <\/p>\n<p>Les <strong>Franciliens<\/strong> se distinguent cette ann\u00e9e encore par leur g\u00e9n\u00e9rosit\u00e9. Selon l\u2019\u00e9tude <strong>Ankorstore 2025<\/strong>, ils pr\u00e9voient un <strong>budget moyen de 617 \u20ac <\/strong>pour <a href=\"https:\/\/mesinfos.fr\/75000-paris\/marche-de-noel-aux-tuileries-retour-de-la-magie-du-14-novembre-2025-au-4-janvier-2026-232994.html\" rel=\"noopener\" target=\"_blank\">No\u00ebl<\/a>, soit 38 \u20ac de plus qu\u2019en 2024 et 59 \u20ac de plus qu\u2019en 2023. \u00c0 l\u2019\u00e9chelle nationale, <strong>la moyenne s\u2019\u00e9l\u00e8ve \u00e0 470 \u20ac<\/strong>, en baisse de 7,5 %. <\/p>\n<p>La moiti\u00e9 de ce budget est consacr\u00e9e aux cadeaux, et un quart aux repas festifs. L\u2019\u00cele-de-France devance ainsi la <strong>Provence-Alpes-C\u00f4te d\u2019Azur (499 \u20ac)<\/strong> et la <strong>Nouvelle-Aquitaine (475 \u20ac)<\/strong>, loin devant les r\u00e9gions les plus \u00e9conomes comme le <strong>Centre-Val de Loire (354 \u20ac)<\/strong>. <\/p>\n<p>Le commerce de proximit\u00e9 peine \u00e0 s\u00e9duire <\/p>\n<p>Malgr\u00e9 ce budget confortable, seuls 26 % des Franciliens envisagent d\u2019acheter leurs cadeaux aupr\u00e8s de <a href=\"https:\/\/mesinfos.fr\/ile-de-france\/roissy-pays-de-france-soutient-ses-commerces-de-proximite-232218.html\" rel=\"noopener\" target=\"_blank\">commer\u00e7ants ind\u00e9pendants<\/a>, et un quart seulement pr\u00e9voit de faire ses courses de bouche en commerce de proximit\u00e9. <\/p>\n<p><strong>Les achats en ligne continuent de dominer<\/strong> : 51 % des Franciliens feront leurs emplettes sur Internet, un mode de consommation d\u00e9sormais bien ancr\u00e9. Une \u00e9volution que les commer\u00e7ants ind\u00e9pendants tentent d\u2019accompagner : 56 % disposent d\u00e9j\u00e0 d\u2019un site de vente en ligne. <\/p>\n<p>Un engouement pour le \u201cmade in France\u201d et l\u2019Europe <\/p>\n<p>Face aux <strong>tensions g\u00e9opolitiques et \u00e9conomiques<\/strong>, les <strong>consommateurs franciliens<\/strong> se recentrent sur des valeurs locales. 45 % privil\u00e9gient les produits fran\u00e7ais, et 25 % les marques europ\u00e9ennes, tandis que 27 % disent vouloir \u00e9viter les marques de <a href=\"https:\/\/mesinfos.fr\/c-est-quoi-la-fast-fashion-et-pourquoi-il-faut-lutter-contre-ce-phenomene-195334.html\" rel=\"noopener\" target=\"_blank\">fast fashion<\/a> asiatiques et 19 % les marques am\u00e9ricaines. Les commer\u00e7ants suivent cette tendance : 77 % d\u2019entre eux travaillent avec des fournisseurs europ\u00e9ens, gage de fiabilit\u00e9 et de qualit\u00e9.<\/p>\n<p>  Des commer\u00e7ants prudents mais confiants <\/p>\n<p>Confront\u00e9s \u00e0 un <strong>contexte \u00e9conomique instable<\/strong>, les commer\u00e7ants ind\u00e9pendants franciliens s\u2019organisent avec rigueur. 83 % ont commenc\u00e9 \u00e0 pr\u00e9parer <a href=\"https:\/\/mesinfos.fr\/92800-puteaux\/la-defense-lance-son-30e-marche-de-noel-du-13-novembre-au-28-decembre-232990.html\" rel=\"noopener\" target=\"_blank\">No\u00ebl<\/a> d\u00e8s octobre, 64 % avaient d\u00e9j\u00e0 sourc\u00e9 leurs produits avant septembre, et plus de la moiti\u00e9 privil\u00e9gient des r\u00e9f\u00e9rences d\u00e9j\u00e0 \u00e9prouv\u00e9es. <\/p>\n<p>Pour 89 % d\u2019entre eux, les f\u00eates de fin d\u2019ann\u00e9e repr\u00e9sentent le <strong>plus fort pic d\u2019activit\u00e9 de l\u2019ann\u00e9e<\/strong>. Malgr\u00e9 les difficult\u00e9s, 64 % se disent confiants, un taux sup\u00e9rieur \u00e0 la moyenne nationale (60 %). <\/p>\n<p>\u201cUne p\u00e9riode d\u00e9licate pour le commerce ind\u00e9pendant\u201d <\/p>\n<p>Plus de 63 % des commer\u00e7ants franciliens affirment que la dissolution de l\u2019Assembl\u00e9e nationale en juin 2024 et l\u2019instabilit\u00e9 politique qui a suivi ont eu un impact sur leur activit\u00e9, dont 20 % un impact fort. <\/p>\n<p>\u201cBeaucoup de commer\u00e7ants se retrouvent aujourd\u2019hui fragilis\u00e9s par un contexte \u00e9conomique et politique particuli\u00e8rement instable\u201d, analyse <strong>Nicolas d\u2019Audiffret<\/strong>, CEO d\u2019Ankorstore. Il appelle les pouvoirs publics \u00e0 \u201csimplifier, accompagner et redonner de la visibilit\u00e9\u201d au commerce ind\u00e9pendant, \u201cpilier de la vitalit\u00e9 des centres-villes et du lien social\u201d.<\/p>\n","protected":false},"excerpt":{"rendered":"\u00a9 Shutterstock &#8211; Selon une \u00e9tude Ankorstore, les Franciliens d\u00e9penseront 617 \u20ac pour No\u00ebl, le plus haut budget&hellip;\n","protected":false},"author":2,"featured_media":535103,"comment_status":"","ping_status":"","sticky":false,"template":"","format":"standard","meta":{"footnotes":""},"categories":[1592],"tags":[1111,11,1777,674,1011,27,662,12,64981,626,25],"class_list":{"0":"post-535102","1":"post","2":"type-post","3":"status-publish","4":"format-standard","5":"has-post-thumbnail","7":"category-ile-de-france","8":"tag-actu","9":"tag-actualites","10":"tag-eu","11":"tag-europe","12":"tag-fr","13":"tag-france","14":"tag-ile-de-france","15":"tag-news","16":"tag-nou00ebl","17":"tag-paris","18":"tag-republique-francaise"},"share_on_mastodon":{"url":"https:\/\/pubeurope.com\/@fr\/115551579407257466","error":""},"_links":{"self":[{"href":"https:\/\/www.europesays.com\/fr\/wp-json\/wp\/v2\/posts\/535102","targetHints":{"allow":["GET"]}}],"collection":[{"href":"https:\/\/www.europesays.com\/fr\/wp-json\/wp\/v2\/posts"}],"about":[{"href":"https:\/\/www.europesays.com\/fr\/wp-json\/wp\/v2\/types\/post"}],"author":[{"embeddable":true,"href":"https:\/\/www.europesays.com\/fr\/wp-json\/wp\/v2\/users\/2"}],"replies":[{"embeddable":true,"href":"https:\/\/www.europesays.com\/fr\/wp-json\/wp\/v2\/comments?post=535102"}],"version-history":[{"count":0,"href":"https:\/\/www.europesays.com\/fr\/wp-json\/wp\/v2\/posts\/535102\/revisions"}],"wp:featuredmedia":[{"embeddable":true,"href":"https:\/\/www.europesays.com\/fr\/wp-json\/wp\/v2\/media\/535103"}],"wp:attachment":[{"href":"https:\/\/www.europesays.com\/fr\/wp-json\/wp\/v2\/media?parent=535102"}],"wp:term":[{"taxonomy":"category","embeddable":true,"href":"https:\/\/www.europesays.com\/fr\/wp-json\/wp\/v2\/categories?post=535102"},{"taxonomy":"post_tag","embeddable":true,"href":"https:\/\/www.europesays.com\/fr\/wp-json\/wp\/v2\/tags?post=535102"}],"curies":[{"name":"wp","href":"https:\/\/api.w.org\/{rel}","templated":true}]}}