{"id":535104,"date":"2025-11-15T03:25:20","date_gmt":"2025-11-15T03:25:20","guid":{"rendered":"https:\/\/www.europesays.com\/fr\/535104\/"},"modified":"2025-11-15T03:25:20","modified_gmt":"2025-11-15T03:25:20","slug":"illuminations-de-noel-combien-ca-coute-vraiment-aux-communes","status":"publish","type":"post","link":"https:\/\/www.europesays.com\/fr\/535104\/","title":{"rendered":"Illuminations de No\u00ebl : combien \u00e7a co\u00fbte vraiment aux communes ?"},"content":{"rendered":"<ul class=\"jsx-862013697 ArticleChapo__List\">\n<li class=\"jsx-862013697 ArticleChapo__List_Item flex\">Chaque ann\u00e9e, les c\u00e9l\u00e8bres illuminations de No\u00ebl reviennent dans les grandes comme dans les plus petites villes.<\/li>\n<li class=\"jsx-862013697 ArticleChapo__List_Item flex\">Mais alors que les d\u00e9bats budg\u00e9taires pr\u00e9voient des coupes in\u00e9dites dans le budget des collectivit\u00e9s locales, leur co\u00fbt interroge.<\/li>\n<li class=\"jsx-862013697 ArticleChapo__List_Item flex\">On a fait les comptes.<\/li>\n<\/ul>\n<p data-module=\"article-paragraph\" class=\"jsx-3046738180 Paragraph Paragraph__End\">Nous ne sommes que mi-novembre, et pourtant partout en France, les d\u00e9corations de No\u00ebl commencent \u00e0 s&rsquo;illuminer. Dans les rues, sur les places, au-dessus des march\u00e9s : des kilom\u00e8tres de guirlandes et de rideaux lumineux, devenus incontournables. Mais avec les appels \u00e0 la sobri\u00e9t\u00e9 \u00e9nerg\u00e9tique et des finances de plus en plus restreintes, combien cela co\u00fbte-t-il r\u00e9ellement \u00e0 la collectivit\u00e9 ? On a sorti la calculatrice.<\/p>\n<p data-module=\"article-paragraph\" class=\"jsx-3046738180 Paragraph\">Il faut d&rsquo;abord dire que si elles ont longtemps \u00e9t\u00e9 critiqu\u00e9es pour leur consommation, les d\u00e9corations de No\u00ebl sont aujourd&rsquo;hui nettement plus sobres. La raison ? La <a href=\"https:\/\/www.tf1info.fr\/societe\/video-illuminations-un-noel-en-led-2234209.html\" target=\"_blank\" rel=\"noopener\">g\u00e9n\u00e9ralisation des LED (nouvelle fen\u00eatre)<\/a>, beaucoup moins \u00e9nergivores. C&rsquo;est le cas dans de nombreuses villes de France, comme \u00e0 Paris ou Strasbourg. Dans la capitale autoproclam\u00e9e de No\u00ebl, un plan Lumi\u00e8re a permis depuis 2010 de \u00ab\u00a0remplacer les vieilles ampoules par des syst\u00e8mes \u00e0 LED, plus ajustables, plus r\u00e9sistants et surtout nettement moins \u00e9nergivores\u00a0\u00bb, indique la mairie.\u00a0<\/p>\n<p data-module=\"article-paragraph\" class=\"jsx-3046738180 Paragraph Paragraph__End\">R\u00e9sultat : une baisse de 25% des consommations \u00e9nerg\u00e9tiques de l&rsquo;\u00e9clairage public et une consommation \u00e9lectrique des illuminations de No\u00ebl divis\u00e9e par dix.\u00a0Un cas de figure identique \u00e0 Maisons-Laffitte. Dans la commune de r\u00e9gion parisienne, le co\u00fbt de l&rsquo;\u00e9lectricit\u00e9 n&rsquo;a atteint que 300 euros l&rsquo;an dernier, gr\u00e2ce \u00e0 ces nouveaux \u00e9clairages.<\/p>\n<blockquote class=\"jsx-2786790838 Quote__Text\"><p>Ce n&rsquo;est pas l&rsquo;\u00e9lectricit\u00e9 qui co\u00fbte le plus cher, mais la pose<\/p><\/blockquote>\n<p>Jacques Myard, maire de Maisons-Laffitte<\/p>\n<p data-module=\"article-paragraph\" class=\"jsx-3046738180 Paragraph\">Une \u00e9lectricit\u00e9 moins ch\u00e8re donc, mais une facture toujours aussi cons\u00e9quente. Et pour cause : l&rsquo;\u00e9lectricit\u00e9 ne repr\u00e9sente qu&rsquo;une part marginale du co\u00fbt de ces illuminations, une grande partie \u00e9tant absorb\u00e9e par la pose, l&rsquo;entretien, la maintenance ou encore le stockage. \u00ab\u00a0Chez nous, ce n&rsquo;est pas l&rsquo;\u00e9lectricit\u00e9 qui co\u00fbte le plus cher, mais la pose\u00a0\u00bb, indique par exemple aupr\u00e8s de TF1info, le maire de Maisons-Laffitte, Jacques Myard.<\/p>\n<p data-module=\"article-paragraph\" class=\"jsx-3046738180 Paragraph Paragraph__End\">Ainsi, nos <a href=\"https:\/\/www.bfmtv.com\/economie\/entreprises\/energie\/ce-que-coutent-les-illuminations-de-noel-aux-municipalites_AV-202112050045.html#:~:text=L&#039;investissement%20pour%20le%20renouvellement,habitant%20(hors%20co%C3%BBt%20consommation).\" target=\"_blank\" rel=\"nofollow noopener\">confr\u00e8res de BFMTV (nouvelle fen\u00eatre)<\/a> chiffraient il y a trois ans le co\u00fbt de fonctionnement \u00e0 Strasbourg \u00e0 pr\u00e8s de 512.000 euros. \u00c0 Nantes, le montant atteint 500.000 euros sans compter l&rsquo;aide vers\u00e9e aux commer\u00e7ants et m\u00eame 780.000 euros \u00e0 Reims. M\u00eame cas de figure \u00e0 Maisons-Laffitte, o\u00f9 l&rsquo;installation et le d\u00e9montage par un prestataire ext\u00e9rieur, \u00ab\u00a0incontournable\u00a0\u00bb, va co\u00fbter 100.000 euros \u00e0 la municipalit\u00e9 cette ann\u00e9e.<\/p>\n<p>Pr\u00e8s de 1 million d&rsquo;euros \u00e0 Paris<\/p>\n<p data-module=\"article-paragraph\" class=\"jsx-3046738180 Paragraph\">Et qu&rsquo;en est-il de la ville lumi\u00e8re ? \u00c0 Paris, la municipalit\u00e9 ne se charge pratiquement pas de l&rsquo;organisation pratique de leur installation, \u00e0 la charge des comit\u00e9s de commer\u00e7ants. Ainsi, les lumi\u00e8res des Champs-\u00c9lys\u00e9es sont install\u00e9es directement par le comit\u00e9 des Champs, et subventionn\u00e9es par la ville \u00e0 hauteur de 209.000 euros, d&rsquo;apr\u00e8s les informations que nous avons pu recueillir.\u00a0<\/p>\n<p data-module=\"article-paragraph\" class=\"jsx-3046738180 Paragraph Paragraph__End\">\u00ab\u00a0C&rsquo;est l&rsquo;\u00e9quivalent d&rsquo;environ une journ\u00e9e d&rsquo;\u00e9lectricit\u00e9 d&rsquo;un foyer parisien\u00a0\u00bb, tient \u00e0 nuancer Nicolas Bonnet-Ouladj, adjoint \u00e0 la maire de Paris en charge du commerce, joint par TF1info. Sur le reste du territoire de la commune, la subvention aux 82 associations de commer\u00e7ants atteint m\u00eame 520.000 euros.\u00a0De quoi supporter \u00ab\u00a010 \u00e0 30 %\u00a0\u00bb du prix total que cela repr\u00e9sente, le reste \u00e9tant pris en charge par les commer\u00e7ants eux-m\u00eames ou des sponsors priv\u00e9s, comme le bijoutier Swarovski sur les Champs-\u00c9lys\u00e9es.\u00a0<\/p>\n<blockquote class=\"jsx-2786790838 Quote__Text\"><p>Avec l&rsquo;argent des march\u00e9s de No\u00ebl, on est quasiment \u00e0 l&rsquo;\u00e9quilibre<\/p><\/blockquote>\n<p>Nicolas Bonnet-Ouladj<\/p>\n<p data-module=\"article-paragraph\" class=\"jsx-3046738180 Paragraph Paragraph__End\">Et ce n&rsquo;est pas tout : il faut ajouter \u00e0 cela les 360.000 euros d&rsquo;illuminations, cette fois pris directement en charge par la collectivit\u00e9 dans les quartiers prioritaires de la ville. R\u00e9sultat : la facture totale \u00e0 Paris atteindra pr\u00e8s de 1 million d&rsquo;euros d&rsquo;argent public cette ann\u00e9e. Une somme importante, mais Nicolas Bonnet-Ouladj nous l&rsquo;assure, gr\u00e2ce aux march\u00e9s de No\u00ebl priv\u00e9s, les comptes sont \u00ab\u00a0quasiment \u00e0 l&rsquo;\u00e9quilibre\u00a0\u00bb.\u00a0<\/p>\n<p><a href=\"https:\/\/www.tf1info.fr\/conso\/les-celebres-vitrines-de-noel-des-grands-magasins-parisiens-s-illuminent-2405416.html\" rel=\"noopener\" class=\"jsx-3308031228 Link flex\" target=\"_blank\"><img decoding=\"async\" src=\"https:\/\/www.europesays.com\/fr\/wp-content\/uploads\/2025\/11\/noel-vitrine-printemps-haussmann-7-11-2025-d0893c-0@1x.jpeg\" alt=\"Une vitrine de No\u00ebl du Printemps Haussmann, le 7 novembre 2025.\" loading=\"lazy\" importance=\"low\" fetchpriority=\"low\" class=\"\" aria-hidden=\"true\"\/><\/p>\n<p class=\"jsx-3657663356 ReadMoreArticle__Title\">Lire aussi<\/p>\n<p class=\"jsx-3657663356\">Les c\u00e9l\u00e8bres vitrines de No\u00ebl des grands magasins parisiens s&rsquo;illuminent<\/p>\n<p><\/a><\/p>\n<p data-module=\"article-paragraph\" class=\"jsx-3046738180 Paragraph\">Alors pour essayer de faire des \u00e9conomies, chaque commune essaie de trouver des solutions. L&rsquo;an dernier, les \u00e9quipes du JT de TF1 s&rsquo;\u00e9taient ainsi rendues \u00e0 Itteville. Dans cette petite commune de l&rsquo;Essonne, les habitants ont d\u00e9cid\u00e9 de cr\u00e9er <a href=\"https:\/\/www.tf1info.fr\/regions\/video-reportage-essonne-ces-habitants-d-itteville-fabriquent-eux-memes-les-decorations-de-noel-de-leur-commune-au-budget-serre-2336851.html\" target=\"_blank\" rel=\"noopener\">de leurs propres mains (nouvelle fen\u00eatre)<\/a> les d\u00e9corations de No\u00ebl, la ville n&rsquo;ayant pas le budget n\u00e9cessaire. Autre strat\u00e9gie : \u00e0 Strasbourg, o\u00f9 pr\u00e8s de 250 rues sont illumin\u00e9es et 25 kilom\u00e8tres de guirlandes install\u00e9es, la mairie a fait le choix de \u00ab\u00a0r\u00e9utiliser le plus largement les d\u00e9cors, et de passer, quand cela est possible, par le march\u00e9 de l&rsquo;occasion\u00a0\u00bb.\u00a0<\/p>\n<p data-module=\"article-paragraph\" class=\"jsx-3046738180 Paragraph Paragraph__End\">Des montants importants donc, mais que les \u00e9lus contact\u00e9s justifient. \u00ab\u00a0\u00c7a permet de remonter le moral des troupes\u00a0\u00bb, nous assure par exemple Jacques Myard. Un moral qui a tout de m\u00eame un certain prix.<\/p>\n<p>Aymen AMIRI<\/p>\n","protected":false},"excerpt":{"rendered":"Chaque ann\u00e9e, les c\u00e9l\u00e8bres illuminations de No\u00ebl reviennent dans les grandes comme dans les plus petites villes. Mais&hellip;\n","protected":false},"author":2,"featured_media":535105,"comment_status":"","ping_status":"","sticky":false,"template":"","format":"standard","meta":{"footnotes":""},"categories":[1888],"tags":[1111,1928,11,1927,1921,1003,46865,1777,674,1011,27,1922,12,1926,626,1925,25,133,5642],"class_list":{"0":"post-535104","1":"post","2":"type-post","3":"status-publish","4":"format-standard","5":"has-post-thumbnail","7":"category-paris","8":"tag-actu","9":"tag-actu-paris","10":"tag-actualites","11":"tag-actualites-paris","12":"tag-article-video","13":"tag-budget","14":"tag-consommation-denergie","15":"tag-eu","16":"tag-europe","17":"tag-fr","18":"tag-france","19":"tag-info","20":"tag-news","21":"tag-news-paris","22":"tag-paris","23":"tag-paris-news","24":"tag-republique-francaise","25":"tag-video","26":"tag-video-economie"},"share_on_mastodon":{"url":"https:\/\/pubeurope.com\/@fr\/115551583178471855","error":""},"_links":{"self":[{"href":"https:\/\/www.europesays.com\/fr\/wp-json\/wp\/v2\/posts\/535104","targetHints":{"allow":["GET"]}}],"collection":[{"href":"https:\/\/www.europesays.com\/fr\/wp-json\/wp\/v2\/posts"}],"about":[{"href":"https:\/\/www.europesays.com\/fr\/wp-json\/wp\/v2\/types\/post"}],"author":[{"embeddable":true,"href":"https:\/\/www.europesays.com\/fr\/wp-json\/wp\/v2\/users\/2"}],"replies":[{"embeddable":true,"href":"https:\/\/www.europesays.com\/fr\/wp-json\/wp\/v2\/comments?post=535104"}],"version-history":[{"count":0,"href":"https:\/\/www.europesays.com\/fr\/wp-json\/wp\/v2\/posts\/535104\/revisions"}],"wp:featuredmedia":[{"embeddable":true,"href":"https:\/\/www.europesays.com\/fr\/wp-json\/wp\/v2\/media\/535105"}],"wp:attachment":[{"href":"https:\/\/www.europesays.com\/fr\/wp-json\/wp\/v2\/media?parent=535104"}],"wp:term":[{"taxonomy":"category","embeddable":true,"href":"https:\/\/www.europesays.com\/fr\/wp-json\/wp\/v2\/categories?post=535104"},{"taxonomy":"post_tag","embeddable":true,"href":"https:\/\/www.europesays.com\/fr\/wp-json\/wp\/v2\/tags?post=535104"}],"curies":[{"name":"wp","href":"https:\/\/api.w.org\/{rel}","templated":true}]}}