{"id":535109,"date":"2025-11-15T03:28:14","date_gmt":"2025-11-15T03:28:14","guid":{"rendered":"https:\/\/www.europesays.com\/fr\/535109\/"},"modified":"2025-11-15T03:28:14","modified_gmt":"2025-11-15T03:28:14","slug":"aymeric-caron-annonce-que-son-parti-ne-fera-pas-alliance-avec-lfi","status":"publish","type":"post","link":"https:\/\/www.europesays.com\/fr\/535109\/","title":{"rendered":"Aymeric Caron annonce que son parti ne fera pas alliance avec LFI"},"content":{"rendered":"<p>\n    Fondateur du parti \u00abla R\u00e9volution \u00e9cologique pour le vivant (REV)\u00bb, Aymeric Caron a annonc\u00e9 ce vendredi dans une vid\u00e9o publi\u00e9e sur son compte X qu\u2019il pr\u00e9sentera sa propre candidature dans le 18e arrondissement de la capitale.<\/p>\n<p class=\"fig-paragraph\">Le petit parti du d\u00e9put\u00e9 apparent\u00e9 LFI\u00a0<a href=\"http:\/\/www.lefigaro.fr\/actualite-france\/loire-pourchasse-par-des-chasseurs-lors-d-une-battue-un-sanglier-brise-la-vitrine-d-une-boulangerie-20251027\" data-fig-type=\"NewsFlash\" data-gtm-custom-categorie=\"navigation\" data-gtm-custom-action=\"crossclick\" data-gtm-custom-label=\"Contextuel\" data-gtm-event=\"customEventSPE\" data-fig-domain=\"LEFIGARO\" rel=\"nofollow noopener\" target=\"_blank\">Aymeric Caron,<\/a>\u00a0la R\u00e9volution \u00e9cologique pour le vivant (REV), ne fera pas alliance avec\u00a0<a href=\"http:\/\/www.lefigaro.fr\/politique\/pratiques-d-intimidation-violences-verbales-a-avignon-une-figure-de-lfi-claque-la-porte-et-denonce-les-methodes-de-raphael-arnault-20251114\" data-fig-type=\"Article\" data-gtm-custom-categorie=\"navigation\" data-gtm-custom-action=\"crossclick\" data-gtm-custom-label=\"Contextuel\" data-gtm-event=\"customEventSPE\" data-fig-domain=\"LEFIGARO\" rel=\"nofollow noopener\" target=\"_blank\">La France insoumise<\/a>\u00a0aux municipales \u00e0 Paris et pr\u00e9sentera en cons\u00e9quence sa propre candidature dans le 18e arrondissement de la capitale, a-t-il annonc\u00e9 vendredi.<\/p>\n<p class=\"fig-paragraph\">\u00ab\u00c0 Paris il n&rsquo;y aura pas d&rsquo;alliance entre la REV et La France insoumise\u00bb, d\u00e9plore le d\u00e9put\u00e9 qui si\u00e8ge au groupe insoumis \u00e0 l&rsquo;Assembl\u00e9e, dans une vid\u00e9o publi\u00e9e sur son compte X. La REV \u00e9tait alli\u00e9e de La France insoumise en 2020 aux municipales \u00e0 Paris et a propos\u00e9 \u00e0 LFI de renouveler cette alliance pour 2026, indique Aymeric Caron, pr\u00e9cisant que sa formation souhaitait avoir la t\u00eate de liste dans le 18e arrondissement de Paris, o\u00f9 M. Caron est \u00e9lu d\u00e9put\u00e9.<\/p>\n<p>                                    <a class=\"fig-a11y-skip a11y-hidden\" href=\"#fig-a11y-skip-main-inarticle\"><br \/>\n        Passer la publicit\u00e9<br \/>\n    <\/a><\/p>\n<p>\u00abA priori, ce ne sera pas moi la t\u00eate de liste\u00bb<\/p>\n<p class=\"fig-paragraph\">\u00abMais ces derniers jours, les conditions que voulait imposer la France Insoumise \u00e0 cet accord avec la REV ont rendu les choses impossibles. Parce que la REV n&rsquo;aurait pas pu mener la campagne qu&rsquo;elle d\u00e9sirait et n&rsquo;aurait pas non plus pu composer la liste qu&rsquo;elle souhaitait composer\u00bb, d\u00e9nonce l&rsquo;ancien journaliste, en pr\u00e9cisant que son parti pr\u00e9sentera donc sa propre liste dans le 18e arrondissement de Paris.<\/p>\n<p class=\"fig-paragraph\">\u00abA priori, ce ne sera pas moi la t\u00eate de liste\u00bb, ajoute-t-il. Sophia Chikirou, figure centrale de l&rsquo;appareil insoumis et proche de Jean-Luc M\u00e9lenchon, a officialis\u00e9 vendredi sa candidature \u00e0 la mairie de Paris. C&rsquo;est la d\u00e9put\u00e9e Dani\u00e8le Obono qui sera la candidate LFI dans le 18e arrondissement de Paris, o\u00f9 le mouvement de gauche radicale esp\u00e8re faire de bons scores.<\/p>\n","protected":false},"excerpt":{"rendered":"Fondateur du parti \u00abla R\u00e9volution \u00e9cologique pour le vivant (REV)\u00bb, Aymeric Caron a annonc\u00e9 ce vendredi dans une&hellip;\n","protected":false},"author":2,"featured_media":535110,"comment_status":"","ping_status":"","sticky":false,"template":"","format":"standard","meta":{"footnotes":""},"categories":[1888],"tags":[11,27525,1777,674,1011,27,780,65452,12,626,25],"class_list":{"0":"post-535109","1":"post","2":"type-post","3":"status-publish","4":"format-standard","5":"has-post-thumbnail","7":"category-paris","8":"tag-actualites","9":"tag-aymeric-caron","10":"tag-eu","11":"tag-europe","12":"tag-fr","13":"tag-france","14":"tag-lfi","15":"tag-municipales-paris","16":"tag-news","17":"tag-paris","18":"tag-republique-francaise"},"share_on_mastodon":{"url":"https:\/\/pubeurope.com\/@fr\/115551594478968897","error":""},"_links":{"self":[{"href":"https:\/\/www.europesays.com\/fr\/wp-json\/wp\/v2\/posts\/535109","targetHints":{"allow":["GET"]}}],"collection":[{"href":"https:\/\/www.europesays.com\/fr\/wp-json\/wp\/v2\/posts"}],"about":[{"href":"https:\/\/www.europesays.com\/fr\/wp-json\/wp\/v2\/types\/post"}],"author":[{"embeddable":true,"href":"https:\/\/www.europesays.com\/fr\/wp-json\/wp\/v2\/users\/2"}],"replies":[{"embeddable":true,"href":"https:\/\/www.europesays.com\/fr\/wp-json\/wp\/v2\/comments?post=535109"}],"version-history":[{"count":0,"href":"https:\/\/www.europesays.com\/fr\/wp-json\/wp\/v2\/posts\/535109\/revisions"}],"wp:featuredmedia":[{"embeddable":true,"href":"https:\/\/www.europesays.com\/fr\/wp-json\/wp\/v2\/media\/535110"}],"wp:attachment":[{"href":"https:\/\/www.europesays.com\/fr\/wp-json\/wp\/v2\/media?parent=535109"}],"wp:term":[{"taxonomy":"category","embeddable":true,"href":"https:\/\/www.europesays.com\/fr\/wp-json\/wp\/v2\/categories?post=535109"},{"taxonomy":"post_tag","embeddable":true,"href":"https:\/\/www.europesays.com\/fr\/wp-json\/wp\/v2\/tags?post=535109"}],"curies":[{"name":"wp","href":"https:\/\/api.w.org\/{rel}","templated":true}]}}