{"id":535118,"date":"2025-11-15T03:34:31","date_gmt":"2025-11-15T03:34:31","guid":{"rendered":"https:\/\/www.europesays.com\/fr\/535118\/"},"modified":"2025-11-15T03:34:31","modified_gmt":"2025-11-15T03:34:31","slug":"vainqueur-au-luxembourg-lallemagne-garde-son-destin-en-main","status":"publish","type":"post","link":"https:\/\/www.europesays.com\/fr\/535118\/","title":{"rendered":"vainqueur au Luxembourg, l\u2019Allemagne garde son destin en main"},"content":{"rendered":"<p>\n    Toujours leaders de leur groupe, les Allemands joueront une \u00abfinale\u00bb pour la qualification directe lundi, face \u00e0 la Slovaquie.<\/p>\n<p class=\"fig-paragraph\">La Mannschaft y est presque. \u00c0 nouveau brouillonne, l\u2019Allemagne a pein\u00e9 pour venir \u00e0 bout du tr\u00e8s modeste Luxembourg (2-0) vendredi soir gr\u00e2ce \u00e0 un doubl\u00e9 de Nick Woltemade, un succ\u00e8s qui permet toutefois aux Allemands de rester ma\u00eetres de leur destin pour\u00a0<a href=\"https:\/\/www.lefigaro.fr\/sports\/football\/coupe-du-monde\/en-direct-coupe-du-monde-2026-les-pays-bas-presque-qualifies-la-croatie-de-modric-aussi-l-allemagne-doit-assurer-20251114\" data-fig-type=\"Live\" data-gtm-custom-categorie=\"navigation\" data-gtm-custom-action=\"crossclick\" data-gtm-custom-label=\"Contextuel\" data-gtm-event=\"customEventSPE\" data-fig-domain=\"LEFIGARO\" target=\"_blank\" rel=\"noopener\">la qualification au Mondial 2026.<\/a><\/p>\n<p class=\"fig-paragraph\">Avec 12 points au compteur apr\u00e8s les cinq premi\u00e8res journ\u00e9es de qualifications, les Allemands conservent la t\u00eate de leur groupe \u00e0 la diff\u00e9rence de buts (+7 contre +4) devant la Slovaquie qui a arrach\u00e9 la victoire contre l\u2019Irlande du Nord dans le temps additionnel de la seconde p\u00e9riode vendredi.<\/p>\n<p>                                    <a class=\"fig-a11y-skip a11y-hidden\" href=\"#fig-a11y-skip-main-inarticle\"><br \/>\n        Passer la publicit\u00e9<br \/>\n    <\/a><\/p>\n<p class=\"fig-paragraph\">Lundi soir \u00e0 Leipzig, les Allemands retrouveront la Slovaquie pour une finale de groupe, et auront besoin d\u2019un point pour voir l\u2019Am\u00e9rique du Nord (Canada, \u00c9tats-Unis, Mexique) \u00e0 l\u2019\u00e9t\u00e9 prochain (11 juin-19 juillet). En cas de d\u00e9faite, ils devront passer par la case des barrages fin mars.<\/p>\n<p>Nick Woltemade, homme providentiel<\/p>\n<p class=\"fig-paragraph\">Pour conserver une place parmi les t\u00eates de s\u00e9rie lors du tirage au sort de la phase finale, le 5 d\u00e9cembre \u00e0 Washington, les Allemands seraient toutefois bien inspir\u00e9s de s\u2019imposer, pour prendre leur revanche sur les Slovaques, qui leur avait inflig\u00e9 une d\u00e9faite surprise en septembre \u00e0 Bratislava (2-0), la troisi\u00e8me seulement dans l\u2019histoire de la Mannschaft lors d\u2019un match de qualification pour la Coupe du monde.<\/p>\n<p class=\"fig-paragraph\">L\u2019homme providentiel de l\u2019Allemagne s\u2019appelle actuellement Nick Woltemade. L\u2019attaquant de Newcastle a inscrit, en l\u2019espace de 20 minutes, un doubl\u00e9 en seconde p\u00e9riode (49e et 69e), pour sortir l\u2019Allemagne d\u2019un mauvais pas.<\/p>\n<p class=\"fig-paragraph\">Sur une transversale parfaite d\u2019Aleksandar Pavlovic pour Leroy San\u00e9, l\u2019attaquant de Galatasaray a pris le meilleur sur son d\u00e9fenseur, avant de d\u00e9border et servir \u00e0 la limite du hors-jeu Woltemade qui n\u2019a pas laiss\u00e9 passer sa chance.<\/p>\n<p class=\"fig-paragraph\">Vingt minutes plus tard, sur une nouvelle acc\u00e9l\u00e9ration, San\u00e9 a trouv\u00e9 Ridle Baku, qui a parfaitement r\u00e9pondu \u00e0 l\u2019appel de Woltemade dans la surface de r\u00e9paration luxembourgeoise, inscrivant son premier doubl\u00e9 avec l\u2019Allemagne. Il y a un mois, Woltemade avait d\u00e9j\u00e0 marqu\u00e9 le but de la victoire \u00e0 Belfast contre l\u2019Irlande du Nord (1-0), son premier avec la Mannschaft.<\/p>\n<p>                                    <a class=\"fig-a11y-skip a11y-hidden\" href=\"#fig-a11y-skip-main-inarticle_mtf\"><br \/>\n        Passer la publicit\u00e9<br \/>\n    <\/a><\/p>\n<p>Encore en convalescence<\/p>\n<p class=\"fig-paragraph\">Au stade de Luxembourg, les joueurs de Julian Nagelsmann sont pass\u00e9s \u00e0 c\u00f4t\u00e9 de leur premi\u00e8re demi-heure, accumulant les passes rat\u00e9es, avec un pressing haut des Luxembourgeois qui a consid\u00e9rablement g\u00ean\u00e9 la construction allemande.<\/p>\n<p class=\"fig-paragraph\">Les Allemands ont commenc\u00e9 \u00e0 se sortir progressivement du pressing adverse autour de la 30e minute, avec une double occasion pour Serge Gnabry, d\u2019abord contr\u00e9 par son co\u00e9quipier Nick Woltemade puis fr\u00f4lant les montants d\u2019Anthony Moris.<\/p>\n<p class=\"fig-paragraph\">Mais m\u00eame apr\u00e8s avoir ouvert le score en d\u00e9but de seconde p\u00e9riode, les co\u00e9quipiers de Jonathan Tah, capitaine d\u2019un soir en l\u2019absence de Joshua Kimmich bless\u00e9 (cheville droite), ont souffert pour conserver leur avantage.<\/p>\n","protected":false},"excerpt":{"rendered":"Toujours leaders de leur groupe, les Allemands joueront une \u00abfinale\u00bb pour la qualification directe lundi, face \u00e0 la&hellip;\n","protected":false},"author":2,"featured_media":535119,"comment_status":"","ping_status":"","sticky":false,"template":"","format":"standard","meta":{"footnotes":""},"categories":[1587],"tags":[11,672,1804,1805,1803,1777,674,1801,12,1802],"class_list":{"0":"post-535118","1":"post","2":"type-post","3":"status-publish","4":"format-standard","5":"has-post-thumbnail","7":"category-allemagne","8":"tag-actualites","9":"tag-allemagne","10":"tag-bundesrepublik-deutschland","11":"tag-de","12":"tag-deutschland","13":"tag-eu","14":"tag-europe","15":"tag-germany","16":"tag-news","17":"tag-republique-federale-dallemagne"},"share_on_mastodon":{"url":"https:\/\/pubeurope.com\/@fr\/115551617911428325","error":""},"_links":{"self":[{"href":"https:\/\/www.europesays.com\/fr\/wp-json\/wp\/v2\/posts\/535118","targetHints":{"allow":["GET"]}}],"collection":[{"href":"https:\/\/www.europesays.com\/fr\/wp-json\/wp\/v2\/posts"}],"about":[{"href":"https:\/\/www.europesays.com\/fr\/wp-json\/wp\/v2\/types\/post"}],"author":[{"embeddable":true,"href":"https:\/\/www.europesays.com\/fr\/wp-json\/wp\/v2\/users\/2"}],"replies":[{"embeddable":true,"href":"https:\/\/www.europesays.com\/fr\/wp-json\/wp\/v2\/comments?post=535118"}],"version-history":[{"count":0,"href":"https:\/\/www.europesays.com\/fr\/wp-json\/wp\/v2\/posts\/535118\/revisions"}],"wp:featuredmedia":[{"embeddable":true,"href":"https:\/\/www.europesays.com\/fr\/wp-json\/wp\/v2\/media\/535119"}],"wp:attachment":[{"href":"https:\/\/www.europesays.com\/fr\/wp-json\/wp\/v2\/media?parent=535118"}],"wp:term":[{"taxonomy":"category","embeddable":true,"href":"https:\/\/www.europesays.com\/fr\/wp-json\/wp\/v2\/categories?post=535118"},{"taxonomy":"post_tag","embeddable":true,"href":"https:\/\/www.europesays.com\/fr\/wp-json\/wp\/v2\/tags?post=535118"}],"curies":[{"name":"wp","href":"https:\/\/api.w.org\/{rel}","templated":true}]}}