{"id":535127,"date":"2025-11-15T03:42:19","date_gmt":"2025-11-15T03:42:19","guid":{"rendered":"https:\/\/www.europesays.com\/fr\/535127\/"},"modified":"2025-11-15T03:42:19","modified_gmt":"2025-11-15T03:42:19","slug":"la-belle-histoire-dun-toulousain-de-retour-apres-trois-ans-dabsence","status":"publish","type":"post","link":"https:\/\/www.europesays.com\/fr\/535127\/","title":{"rendered":"la belle histoire d\u2019un Toulousain, de retour apr\u00e8s trois ans d\u2019absence"},"content":{"rendered":"<p>Sa trajectoire a chang\u00e9 au cours des 12 derniers mois. Longtemps, Rodrigue Neti a fait partie de cette cat\u00e9gorie si pr\u00e9cieuse de joueurs, indispensables en club mais peu ou pas convoqu\u00e9 au niveau international. Un destin similaire \u00e0 celui plus t\u00f4t de Didier Lacroix, Gr\u00e9gory Lamboley ou encore Jean Bouilhou du c\u00f4t\u00e9 du Stade Toulousain.<\/p>\n<p>Il a pris la place de num\u00e9ro 1 \u00e0 Toulouse<\/p>\n<p>N\u00e9anmoins, le pilier gauche a pris en galon au cours des derniers mois. Tout a bascul\u00e9 lorsque Cyril Baille s\u2019est gravement bless\u00e9 face \u00e0 La Rochelle en demi-finale du Top 14 2024. Cela a permis au Cal\u00e9donien de r\u00e9aliser sa premi\u00e8re finale dans la peau d\u2019un titulaire. Depuis, le gaucher n\u2019a jamais vraiment disparu du quinze de d\u00e9part et a doubl\u00e9 l\u2019international fran\u00e7ais dans la hi\u00e9rarchie.<\/p>\n<p>Ses bonnes prestations lui ont valu d\u2019\u00eatre rappel\u00e9 dans le groupe du <a href=\"https:\/\/www.quinzemondial.com\/xv-de-france\/xv-de-france-on-en-sait-plus-sur-le-retour-de-flament-touche-face-aux-boks-820432\" target=\"_blank\" rel=\"noopener\">XV de France pour pr\u00e9parer les Fidji.<\/a> Rodrigue Neti profite des difficult\u00e9s de la premi\u00e8re-ligne face \u00e0 l\u2019Afrique du Sud et du forfait de Baptiste Erdocio pour prendre place sur le banc. Trois ans apr\u00e8s ses deux seules capes lors de l\u2019Automn Nations Cup, le Toulousain devrait donc rego\u00fbter au niveau international.<\/p>\n<blockquote class=\"twitter-tweet\">\n<p dir=\"ltr\" lang=\"fr\">\ud83c\uddeb\ud83c\uddf7\ud83c\uddeb\ud83c\uddef La \ud835\uddf0\ud835\uddfc\ud835\uddfa\ud835\uddfd\ud835\uddfc\ud835\ude00\ud835\uddf6\ud835\ude01\ud835\uddf6\ud835\uddfc\ud835\uddfb de votre \u00e9quipe du <a href=\"https:\/\/twitter.com\/hashtag\/XVdeFrance?src=hash&amp;ref_src=twsrc%5Etfw\" target=\"_blank\" rel=\"noopener\">#XVdeFrance<\/a> pour affronter les Fidji !<\/p>\n<p>Rendez-vous samedi au Stade Atlantique pour pousser derri\u00e8re les Bleus !<\/p>\n<p>On compte sur vous \ud83d\udcaa<a href=\"https:\/\/twitter.com\/hashtag\/FRAFID?src=hash&amp;ref_src=twsrc%5Etfw\" target=\"_blank\" rel=\"noopener\">#FRAFID<\/a> <a href=\"https:\/\/t.co\/azdexq79JX\">pic.twitter.com\/azdexq79JX<\/a><\/p>\n<p>\u2014 France Rugby (@FranceRugby) <a href=\"https:\/\/twitter.com\/FranceRugby\/status\/1988915961320149002?ref_src=twsrc%5Etfw\" target=\"_blank\" rel=\"noopener\">November 13, 2025<\/a><\/p>\n<\/blockquote>\n<p>Partagez cette info avec vos amis et vos proches en cliquant ici<br \/>Pour r\u00e9sumer<\/p>\n<p>Un joueur du Stade Toulousain va f\u00eater sa troisi\u00e8me s\u00e9lection ce samedi face aux Fidji, pr\u00e8s de trois ans apr\u00e8s ses deux premi\u00e8res capes. Une r\u00e9compense logique \u00e0 la vue de ces derniers mois en club et de son statut de num\u00e9ro 1.<\/p>\n<p> <img decoding=\"async\" width=\"76\" height=\"76\" loading=\"lazy\" src=\"https:\/\/www.europesays.com\/fr\/wp-content\/uploads\/2025\/04\/avatar-quinze.png\" alt=\"Arnaud D\u00e9chelotte\"\/><script async src=\"https:\/\/platform.twitter.com\/widgets.js\" charset=\"utf-8\"><\/script><\/p>\n","protected":false},"excerpt":{"rendered":"Sa trajectoire a chang\u00e9 au cours des 12 derniers mois. Longtemps, Rodrigue Neti a fait partie de cette&hellip;\n","protected":false},"author":2,"featured_media":535128,"comment_status":"","ping_status":"","sticky":false,"template":"","format":"standard","meta":{"footnotes":""},"categories":[1416],"tags":[1011,27,479,1468,60,476,513],"class_list":{"0":"post-535127","1":"post","2":"type-post","3":"status-publish","4":"format-standard","5":"has-post-thumbnail","7":"category-rugby","8":"tag-fr","9":"tag-france","10":"tag-rugby","11":"tag-rugby-football","12":"tag-sports","13":"tag-stade-toulousain","14":"tag-xv-de-france"},"share_on_mastodon":{"url":"https:\/\/pubeurope.com\/@fr\/115551650013155437","error":""},"_links":{"self":[{"href":"https:\/\/www.europesays.com\/fr\/wp-json\/wp\/v2\/posts\/535127","targetHints":{"allow":["GET"]}}],"collection":[{"href":"https:\/\/www.europesays.com\/fr\/wp-json\/wp\/v2\/posts"}],"about":[{"href":"https:\/\/www.europesays.com\/fr\/wp-json\/wp\/v2\/types\/post"}],"author":[{"embeddable":true,"href":"https:\/\/www.europesays.com\/fr\/wp-json\/wp\/v2\/users\/2"}],"replies":[{"embeddable":true,"href":"https:\/\/www.europesays.com\/fr\/wp-json\/wp\/v2\/comments?post=535127"}],"version-history":[{"count":0,"href":"https:\/\/www.europesays.com\/fr\/wp-json\/wp\/v2\/posts\/535127\/revisions"}],"wp:featuredmedia":[{"embeddable":true,"href":"https:\/\/www.europesays.com\/fr\/wp-json\/wp\/v2\/media\/535128"}],"wp:attachment":[{"href":"https:\/\/www.europesays.com\/fr\/wp-json\/wp\/v2\/media?parent=535127"}],"wp:term":[{"taxonomy":"category","embeddable":true,"href":"https:\/\/www.europesays.com\/fr\/wp-json\/wp\/v2\/categories?post=535127"},{"taxonomy":"post_tag","embeddable":true,"href":"https:\/\/www.europesays.com\/fr\/wp-json\/wp\/v2\/tags?post=535127"}],"curies":[{"name":"wp","href":"https:\/\/api.w.org\/{rel}","templated":true}]}}