{"id":535133,"date":"2025-11-15T03:48:17","date_gmt":"2025-11-15T03:48:17","guid":{"rendered":"https:\/\/www.europesays.com\/fr\/535133\/"},"modified":"2025-11-15T03:48:17","modified_gmt":"2025-11-15T03:48:17","slug":"le-psg-defavorise-didier-deschamps-agace","status":"publish","type":"post","link":"https:\/\/www.europesays.com\/fr\/535133\/","title":{"rendered":"Le PSG d\u00e9favoris\u00e9, Didier Deschamps agace"},"content":{"rendered":"<p><b>Eduardo Camavinga ou encore Kylian Mbapp\u00e9 ne feront pas le d\u00e9placement avec l\u2019\u00e9quipe de France en Azerba\u00efdjan ce dimanche. Malgr\u00e9 sa fatigue musculaire, Bradley Barcola fait lui partie du groupe.<\/b><\/p>\n<p>Pr\u00e9serv\u00e9 par Luis Enrique pour le d\u00e9placement du Paris Saint-Germain sur la pelouse de l\u2019Olympique Lyonnais le week-end dernier en raison d\u2019une fatigue musculaire, <a href=\"https:\/\/www.foot01.com\/equipe-de-france\/barcola-titulaire-deschamps-fait-hurler-le-psg\" target=\"_self\" rel=\"nofollow noopener\">Bradley Barcola a retrouv\u00e9 les pelouses jeudi lors du match entre la France et l\u2019Ukraine<\/a>. Didier Deschamps a jug\u00e9 l\u2019ex-attaquant de l\u2019OL suffisamment en forme pour d\u00e9marrer et Bradley Barcola a donc disput\u00e9 un peu plus d\u2019une heure de l\u2019avant-dernier match des Bleus dans ces qualifications \u00e0 la Coupe du monde 2026.<\/p>\n<p>Le staff m\u00e9dical du PSG ainsi que Luis Enrique \u00e9taient sans doute en sueurs \u00e0 l\u2019id\u00e9e de voir leur ailier gauche de 23 ans se blesser de nouveau mais heureusement, rien de n\u00e9gatif n\u2019est \u00e0 signaler pour Barcola apr\u00e8s ce France-Ukraine. Tout va tr\u00e8s bien, \u00e0 tel point que le joueur figure dans le groupe tricolore pour le d\u00e9placement en Azerba\u00efdjan ce dimanche et cela m\u00eame si cette rencontre ne rev\u00eat plus d\u2019aucun enjeu apr\u00e8s la qualification valid\u00e9e de jeudi. Didier Deschamps a pourtant renvoy\u00e9 Eduardo Camavinga et Kylian Mbapp\u00e9 \u00e0 Madrid en raison de petits bobos.<\/p>\n<p>Le compte sp\u00e9cialis\u00e9 PSG Community sur X se d\u00e9sole de voir que le Paris SG n\u2019a pas b\u00e9n\u00e9fici\u00e9 du m\u00eame traitement puisque Barcola aurait pu lui aussi \u00eatre \u00e9pargn\u00e9 de ce long voyage de 6 heures. \u00ab Je me demande bien pourquoi Bradley Barcola va faire le d\u00e9placement en Azerba\u00efdjan alors qu\u2019on sait tous qu\u2019il tra\u00eene une fatigue musculaire. Tandis que d\u2019autres sont directement renvoy\u00e9s \u00e0 leurs clubs sans aucun probl\u00e8me\u00a0\u00bb se d\u00e9sole le compte sp\u00e9cialis\u00e9 sur l\u2019actualit\u00e9 du Paris Saint-Germain.<\/p>\n<p>Deschamps n&rsquo;a plus la cote du PSG<\/p>\n<p>Les commentaires des supporters franciliens vont eux aussi dans le m\u00eame sens. Didier Deschamps n\u2019a d\u00e9finitivement plus la cote dans la capitale fran\u00e7aise depuis les blessures de D\u00e9sir\u00e9 Dou\u00e9 et d\u2019Ousmane Demb\u00e9l\u00e9 en septembre dernier. Du c\u00f4t\u00e9 du club Bleu et Rouge, on surveillera avec attention et un peu de craintes le temps de jeu de Bradley Barcola en Azerba\u00efdjan, avec l\u2019espoir tout de m\u00eame de voir Didier Deschamps le laisser sur le banc au profit de joueurs moins utilis\u00e9s en Bleus ces derniers mois (Ekitike, Mateta, Cherki, Akliouche, Thauvin).<\/p>\n","protected":false},"excerpt":{"rendered":"Eduardo Camavinga ou encore Kylian Mbapp\u00e9 ne feront pas le d\u00e9placement avec l\u2019\u00e9quipe de France en Azerba\u00efdjan ce&hellip;\n","protected":false},"author":2,"featured_media":535134,"comment_status":"","ping_status":"","sticky":false,"template":"","format":"standard","meta":{"footnotes":""},"categories":[1410],"tags":[64,63,1011,27,93,60],"class_list":{"0":"post-535133","1":"post","2":"type-post","3":"status-publish","4":"format-standard","5":"has-post-thumbnail","7":"category-football","8":"tag-equipe-de-france","9":"tag-football","10":"tag-fr","11":"tag-france","12":"tag-psg","13":"tag-sports"},"share_on_mastodon":{"url":"https:\/\/pubeurope.com\/@fr\/115551673129587602","error":""},"_links":{"self":[{"href":"https:\/\/www.europesays.com\/fr\/wp-json\/wp\/v2\/posts\/535133","targetHints":{"allow":["GET"]}}],"collection":[{"href":"https:\/\/www.europesays.com\/fr\/wp-json\/wp\/v2\/posts"}],"about":[{"href":"https:\/\/www.europesays.com\/fr\/wp-json\/wp\/v2\/types\/post"}],"author":[{"embeddable":true,"href":"https:\/\/www.europesays.com\/fr\/wp-json\/wp\/v2\/users\/2"}],"replies":[{"embeddable":true,"href":"https:\/\/www.europesays.com\/fr\/wp-json\/wp\/v2\/comments?post=535133"}],"version-history":[{"count":0,"href":"https:\/\/www.europesays.com\/fr\/wp-json\/wp\/v2\/posts\/535133\/revisions"}],"wp:featuredmedia":[{"embeddable":true,"href":"https:\/\/www.europesays.com\/fr\/wp-json\/wp\/v2\/media\/535134"}],"wp:attachment":[{"href":"https:\/\/www.europesays.com\/fr\/wp-json\/wp\/v2\/media?parent=535133"}],"wp:term":[{"taxonomy":"category","embeddable":true,"href":"https:\/\/www.europesays.com\/fr\/wp-json\/wp\/v2\/categories?post=535133"},{"taxonomy":"post_tag","embeddable":true,"href":"https:\/\/www.europesays.com\/fr\/wp-json\/wp\/v2\/tags?post=535133"}],"curies":[{"name":"wp","href":"https:\/\/api.w.org\/{rel}","templated":true}]}}