{"id":535135,"date":"2025-11-15T03:49:16","date_gmt":"2025-11-15T03:49:16","guid":{"rendered":"https:\/\/www.europesays.com\/fr\/535135\/"},"modified":"2025-11-15T03:49:16","modified_gmt":"2025-11-15T03:49:16","slug":"andrew-dechu-sarah-ferguson-categorique-sur-son-avenir-en-angleterre-et-il-nest-pas-radieux","status":"publish","type":"post","link":"https:\/\/www.europesays.com\/fr\/535135\/","title":{"rendered":"Andrew d\u00e9chu : Sarah Ferguson cat\u00e9gorique sur son avenir en Angleterre et il n\u2019est pas radieux"},"content":{"rendered":"<p class=\"p1\">Sarah Ferguson traverse une p\u00e9riode compliqu\u00e9e. En<br \/>\neffet, suite au scandale de l\u2019affaire Jeffrey Epstein, Andrew<br \/>\nMountbatten-Windsor a \u00e9t\u00e9 d\u00e9chu de ses titres royaux. Son ex-femme<br \/>\na alors perdu <strong>son titre de duchesse d\u2019York<\/strong>.<\/p>\n<p class=\"p1\">Pour couronner le tout, <a href=\"https:\/\/www.closermag.fr\/royautes\/sarah-ferguson-terrifiee-et-extremement-nerveuse-son-depart-du-royal-lodge-la-met-dans-tous-ses-etats-3592426\" target=\"_blank\" rel=\"noopener\"><br \/>\nla femme de 66 ans a \u00e9t\u00e9 mise dehors<\/a>. Depuis son divorce en<br \/>\n1996, elle r\u00e9sidait toujours avec Andrew Mountbatten-Windsor au<br \/>\n<strong>Royal Lodge<\/strong>. Celui-ci a \u00e9t\u00e9 somm\u00e9 de partir et<br \/>\npr\u00e9voit d\u00e9sormais d\u2019emm\u00e9nager dans une propri\u00e9t\u00e9 du domaine royal<br \/>\nde <strong>Sandringham<\/strong>, dans le Norfolk. Aucune<br \/>\ndisposition n\u2019a cependant \u00e9t\u00e9 prise pour Sarah Ferguson.<\/p>\n<p><img loading=\"lazy\" decoding=\"async\" aria-describedby=\"caption-attachment-3593535\" itemprop=\"thumbnailUrl\" class=\"size-full wp-image-3593535 img-responsive\" src=\"https:\/\/www.europesays.com\/fr\/wp-content\/uploads\/2025\/11\/sarah-ferguson-et-le-prince-andrew-1.jpg\" alt=\"Sarah Ferguson et Andrew Mountbatten-Windsor aux obs\u00e8ques de la duchesse de Kent en la cath\u00e9drale de Westminster \u00e0 Londres.\" width=\"1200\" height=\"1484\"\/> \u00a9 Mirrorpix \/ Bestimage<\/p>\n<p id=\"caption-attachment-3593535\" class=\"wp-caption-text\">Sarah<br \/>\nFerguson et Andrew Mountbatten-Windsor aux obs\u00e8ques de la duchesse<br \/>\nde Kent en la cath\u00e9drale de Westminster \u00e0 Londres.<\/p>\n<p>Sarah Ferguson pourrait quitter le Royaume-Uni<\/p>\n<p class=\"p1\">Depuis l\u2019annonce du d\u00e9part d\u2019Andrew<br \/>\nMountbatten-Windsor et de Sarah Ferguson du Royal Lodge,<br \/>\n<strong>l\u2019avenir de l\u2019ancienne duchesse semble incertain<\/strong>.<br \/>\nUne source proche de l\u2019ex-couple a r\u00e9v\u00e9l\u00e9 au Daily Mail :<br \/>\n\u201cElle a toujours v\u00e9cu de mani\u00e8re assez nomade, et mis \u00e0 part<br \/>\nses enfants et ses petits-enfants, il n\u2019y a pas grand-chose qui la<br \/>\nretienne ici. Pour faire simple, les invitations se sont taries du<br \/>\njour au lendemain\u201d.<\/p>\n<p class=\"p1\">Avec la perte de ses r\u00f4les au sein d\u2019organismes<br \/>\ncaritatifs et sa d\u00e9cision de ne plus vivre avec le p\u00e8re de ses<br \/>\nfilles, Sarah Ferguson n\u2019a donc <strong>plus d\u2019attaches au<br \/>\nRoyaume-Uni<\/strong>. <a href=\"https:\/\/www.closermag.fr\/royautes\/sarah-ferguson-atteinte-dun-cancer-la-duchesse-fait-une-annonce-de-taille-sur-son-traitement-3485757\" target=\"_blank\" rel=\"noopener\"><br \/>\nCelle qui est touch\u00e9e par un cancer<\/a> envisagerait ainsi de<br \/>\n<strong>partir \u00e0 l\u2019\u00e9tranger<\/strong>, n\u2019ayant \u201cnulle part o\u00f9<br \/>\naller\u201d. Et un pays lui aurait d\u00e9j\u00e0 tap\u00e9 dans l\u2019\u0153il.<\/p>\n<p>L\u2019ancienne duchesse aimerait<br \/>\nd\u00e9m\u00e9nager au Portugal<\/p>\n<p class=\"p1\">Depuis son mariage avec Jack Brooksbank, la princesse<br \/>\nEugenie partage son temps entre <strong>le Royaume-Uni et le<br \/>\nPortugal<\/strong>. C\u2019est dans <a href=\"https:\/\/www.closermag.fr\/royautes\/princesse-eugenie-pourquoi-elle-passe-la-plupart-de-son-temps-au-portugal-avec-son-mari-et-son-fils-1585075\" target=\"_blank\" rel=\"noopener\"><br \/>\nsa villa en bord de mer du Portugal<\/a>, d\u2019une valeur de 3,6<br \/>\nmillions de livres sterling, que sa m\u00e8re s\u2019appr\u00eaterait d\u00e9sormais \u00e0<br \/>\nemm\u00e9nager. \u201cOn dit ici que Fergie arrivera courant<br \/>\njanvier\u201d, a confi\u00e9 un voisin du couple au <a href=\"https:\/\/www.express.co.uk\/news\/royal\/2133510\/sarah-ferguson-portugal-flee-uk-scandal\" target=\"_blank\" rel=\"nofollow noopener\">Daily<br \/>\nExpress<\/a>.<\/p>\n<p class=\"p1\">Pour les habitants du <strong>club priv\u00e9 Costa Terra<br \/>\n\u00e0 Melides<\/strong>, Sarah Ferguson devrait rapidement s\u2019habituer \u00e0<br \/>\nsa nouvelle vie. \u201cNul ne sait combien de temps elle restera,<br \/>\nmais si c\u2019est pour longtemps, je peux vous garantir qu\u2019elle<br \/>\ns\u2019int\u00e8grera parfaitement \u00e0 la vie mondaine locale. De nombreuses<br \/>\nc\u00e9l\u00e9brit\u00e9s et stars hollywoodiennes se sont ru\u00e9es sur les<br \/>\npropri\u00e9t\u00e9s du quartier\u201d, a ajout\u00e9 le voisin. Un environnement<br \/>\npropice \u00e0 sa reconstruction.<\/p>\n","protected":false},"excerpt":{"rendered":"Sarah Ferguson traverse une p\u00e9riode compliqu\u00e9e. En effet, suite au scandale de l\u2019affaire Jeffrey Epstein, Andrew Mountbatten-Windsor a&hellip;\n","protected":false},"author":2,"featured_media":535136,"comment_status":"","ping_status":"","sticky":false,"template":"","format":"standard","meta":{"footnotes":""},"categories":[1359],"tags":[58,59,1011,27,973,546,60309],"class_list":{"0":"post-535135","1":"post","2":"type-post","3":"status-publish","4":"format-standard","5":"has-post-thumbnail","7":"category-people","8":"tag-divertissement","9":"tag-entertainment","10":"tag-fr","11":"tag-france","12":"tag-people","13":"tag-prince-andrew","14":"tag-sarah-ferguson"},"share_on_mastodon":{"url":"https:\/\/pubeurope.com\/@fr\/115551677810352027","error":""},"_links":{"self":[{"href":"https:\/\/www.europesays.com\/fr\/wp-json\/wp\/v2\/posts\/535135","targetHints":{"allow":["GET"]}}],"collection":[{"href":"https:\/\/www.europesays.com\/fr\/wp-json\/wp\/v2\/posts"}],"about":[{"href":"https:\/\/www.europesays.com\/fr\/wp-json\/wp\/v2\/types\/post"}],"author":[{"embeddable":true,"href":"https:\/\/www.europesays.com\/fr\/wp-json\/wp\/v2\/users\/2"}],"replies":[{"embeddable":true,"href":"https:\/\/www.europesays.com\/fr\/wp-json\/wp\/v2\/comments?post=535135"}],"version-history":[{"count":0,"href":"https:\/\/www.europesays.com\/fr\/wp-json\/wp\/v2\/posts\/535135\/revisions"}],"wp:featuredmedia":[{"embeddable":true,"href":"https:\/\/www.europesays.com\/fr\/wp-json\/wp\/v2\/media\/535136"}],"wp:attachment":[{"href":"https:\/\/www.europesays.com\/fr\/wp-json\/wp\/v2\/media?parent=535135"}],"wp:term":[{"taxonomy":"category","embeddable":true,"href":"https:\/\/www.europesays.com\/fr\/wp-json\/wp\/v2\/categories?post=535135"},{"taxonomy":"post_tag","embeddable":true,"href":"https:\/\/www.europesays.com\/fr\/wp-json\/wp\/v2\/tags?post=535135"}],"curies":[{"name":"wp","href":"https:\/\/api.w.org\/{rel}","templated":true}]}}