{"id":535139,"date":"2025-11-15T03:52:17","date_gmt":"2025-11-15T03:52:17","guid":{"rendered":"https:\/\/www.europesays.com\/fr\/535139\/"},"modified":"2025-11-15T03:52:17","modified_gmt":"2025-11-15T03:52:17","slug":"qui-a-ete-elimine-ce-vendredi-14-novembre","status":"publish","type":"post","link":"https:\/\/www.europesays.com\/fr\/535139\/","title":{"rendered":"Qui a \u00e9t\u00e9 \u00e9limin\u00e9 ce vendredi 14 novembre ?"},"content":{"rendered":"<p>Ce vendredi 14 novembre, M6 diffusait le deuxi\u00e8me \u00e9pisode de P\u00e9kin Express, La route des glaces, pr\u00e9sent\u00e9 par St\u00e9phane Rotenberg. D\u00e9couvrez quel bin\u00f4me a \u00e9t\u00e9 \u00e9limin\u00e9 \u00e0 l&rsquo;issue de l&rsquo;\u00e9mission.  <\/p>\n<p>La semaine derni\u00e8re, M6 lan\u00e7ait la 21e saison de <a href=\"https:\/\/www.programme-tv.net\/news\/tv\/389878-pekin-express-la-route-des-glaces-date-de-diffusion-candidats-lieu-de-tournage-toutes-les-infos-sur-la-saison-21\/\" data-api-deeplink=\"teleloisirs:\/\/news\/389878\" target=\"_blank\" rel=\"noopener\">P\u00e9kin Express, intitul\u00e9e La route des glaces<\/a>, qui se d\u00e9roule enti\u00e8rement au Kazakhstan dans des conditions particuli\u00e8rement difficiles. Huit bin\u00f4mes ont pris le d\u00e9part dans ce paysage gel\u00e9 et ce sont les papys motards, <a href=\"https:\/\/www.programme-tv.net\/news\/tv\/391596-pekin-express-la-route-des-glaces-quel-est-le-premier-binome-elimine-cette-saison\/\" data-api-deeplink=\"teleloisirs:\/\/news\/391596\" target=\"_blank\" rel=\"noopener\">Francis et Philippe, qui ont \u00e9t\u00e9 \u00e9limin\u00e9s lors du duel final<\/a>, face \u00e0 Ly\u00e7aona et Marianne. \u00ab\u00a0Nous sommes particuli\u00e8rement rest\u00e9s sur notre faim. On a qu\u2019un d\u00e9sir c\u2019est d\u2019\u00eatre \u00e0 nouveau s\u00e9lectionn\u00e9s, repartir et prouver que malgr\u00e9 notre \u00e2ge on peut faire concurrence aux jeunes. <b>On a \u00e9t\u00e9 \u00e9limin\u00e9s trop rapidement<\/b>, c\u2019est une \u00e9norme d\u00e9ception\u00a0!\u00a0\u00bb, ont-ils r\u00e9agi dans <a href=\"https:\/\/www.programme-tv.net\/news\/tv\/391463-francis-et-philippe-premiers-elimines-de-pekin-express-la-route-des-glaces-cest-une-enorme-deception\/\" data-api-deeplink=\"teleloisirs:\/\/news\/391463\" target=\"_blank\" rel=\"noopener\">une interview accord\u00e9e \u00e0 T\u00e9l\u00e9-Loisirs<\/a>.<\/p>\n<p>P\u00e9kin Express, La route des glaces : Voici ce qu&rsquo;il faut retenir de l&rsquo;\u00e9pisode diffus\u00e9 2 sur M6<\/p>\n<p>Dans le deuxi\u00e8me \u00e9pisode, les candidats devaient trouver des familles acceptant de les accueillir afin de cuisiner des shelpeks, le pain local. Une fois cette mission r\u00e9ussie, les bin\u00f4mes devaient vendre leurs shelpeks jusqu&rsquo;\u00e0 r\u00e9colter 500 tenges (la monnaie kazakh) avant d&rsquo;avoir le droit de prendre la route. Nathalie et Charlotte sont arriv\u00e9es les premi\u00e8res devant St\u00e9phane Rotenberg, \u00e0 la gare de Chou, suivies de pr\u00e8s par Sonide et Rapha\u00ebl. <a href=\"https:\/\/www.programme-tv.net\/news\/tv\/391516-on-a-decouvert-ca-le-premier-jour-une-candidate-de-pekin-express-la-route-des-glaces-avantagee-la-production-s-explique\/\" data-api-deeplink=\"teleloisirs:\/\/news\/391516\" target=\"_blank\" rel=\"noopener\">Lya\u00e7aona et Marianne<\/a>, qui ont caracol\u00e9 en t\u00eate pendant toute la course <b>ont \u00e9t\u00e9 abandonn\u00e9es par leur chauffeur sur le bord de l&rsquo;autoroute \u00e0 quelques kilom\u00e8tres de l&rsquo;arriv\u00e9e <\/b>et ont vu la t\u00eate du classement leur passer sous les yeux. L&rsquo;\u00e9preuve d&rsquo;immunit\u00e9 s&rsquo;est d\u00e9roul\u00e9e en bin\u00f4mes. La m\u00e8re et la fille ont choisi Fabien et Missak et le fr\u00e8re et la s\u0153ur ont opt\u00e9 pour K\u00e9vin et Sophie. \u00c0 l&rsquo;issue de ce duel en \u00e9quipes, ce sont finalement <b>les coll\u00e8gues aides-soignants qui ont remport\u00e9 l&rsquo;immunit\u00e9<\/b>. Pour la course suivante, les bin\u00f4mes ont vu le retour du \u00ab\u00a0freeze express\u00a0\u00bb qui bloque leurs adversaires pendant 5 minutes. Lyca\u00e7ona et Marianne ont pu prendre leur revanche en remportant cette deuxi\u00e8me \u00e9tape. \u00ab\u00a0C&rsquo;est rare que des inconnues gagnent aussi rapidement une \u00e9tape\u00a0\u00bb, a comment\u00e9 St\u00e9phane Rotenberg.<\/p>\n<p>                        P\u00e9kin Express, La route des glaces : Quel bin\u00f4me a quitt\u00e9 l&rsquo;aventure apr\u00e8s le duel final ?<\/p>\n<p>Arriv\u00e9s en dernier, Claire et \u00c9ric ont choisi d&rsquo;affronter les nounous Catherine et H\u00e9l\u00e8ne. \u00ab\u00a0On s\u2019est souvent suivis dans la course\u00a0\u00bb, ont justifi\u00e9 les fianc\u00e9s belges. Apr\u00e8s un tour dans une t\u00e9l\u00e9cabine o\u00f9 elles ont \u00e9t\u00e9 bombard\u00e9es d&rsquo;informations, Claire et Catherine ont d\u00fb r\u00e9pondre \u00e0 un QCM avant de reprendre la route.<\/p>\n<p>C&rsquo;est Catherine qui est arriv\u00e9e en premier <a href=\"https:\/\/www.programme-tv.net\/news\/tv\/391435-pekin-express-la-route-des-glaces-cette-astuce-de-la-production-pour-que-les-candidats-supportent-le-froid\/\" data-api-deeplink=\"teleloisirs:\/\/news\/391435\" target=\"_blank\" rel=\"noopener\">devant St\u00e9phane Rotenberg<\/a>, \u00e9liminant ses adversaires par la m\u00eame occasion. \u00ab\u00a0C\u2019est trop t\u00f4t rentrer \u00e0 la maison mais on ne voulait pas partir \u00e0 la premi\u00e8re \u00e9tape et \u00e7a, \u00e7a a \u00e9t\u00e9 fait\u00a0\u00bb, ont r\u00e9agi les \u00e9limin\u00e9s Claire et \u00c9ric avant de rendre leur balise.<\/p>\n","protected":false},"excerpt":{"rendered":"Ce vendredi 14 novembre, M6 diffusait le deuxi\u00e8me \u00e9pisode de P\u00e9kin Express, La route des glaces, pr\u00e9sent\u00e9 par&hellip;\n","protected":false},"author":2,"featured_media":535140,"comment_status":"","ping_status":"","sticky":false,"template":"","format":"standard","meta":{"footnotes":""},"categories":[1356],"tags":[65454,244,58,59,1011,27,64076,494,23898,252,1364,1630],"class_list":{"0":"post-535139","1":"post","2":"type-post","3":"status-publish","4":"format-standard","5":"has-post-thumbnail","7":"category-television","8":"tag-claire-et-u00c9ric-pu00e9kin-express","9":"tag-commentaire","10":"tag-divertissement","11":"tag-entertainment","12":"tag-fr","13":"tag-france","14":"tag-la-route-des-glaces","15":"tag-m6","16":"tag-stu00e9phane-rotenberg","17":"tag-television","18":"tag-tv","19":"tag-zapping"},"share_on_mastodon":{"url":"https:\/\/pubeurope.com\/@fr\/115551688696626772","error":""},"_links":{"self":[{"href":"https:\/\/www.europesays.com\/fr\/wp-json\/wp\/v2\/posts\/535139","targetHints":{"allow":["GET"]}}],"collection":[{"href":"https:\/\/www.europesays.com\/fr\/wp-json\/wp\/v2\/posts"}],"about":[{"href":"https:\/\/www.europesays.com\/fr\/wp-json\/wp\/v2\/types\/post"}],"author":[{"embeddable":true,"href":"https:\/\/www.europesays.com\/fr\/wp-json\/wp\/v2\/users\/2"}],"replies":[{"embeddable":true,"href":"https:\/\/www.europesays.com\/fr\/wp-json\/wp\/v2\/comments?post=535139"}],"version-history":[{"count":0,"href":"https:\/\/www.europesays.com\/fr\/wp-json\/wp\/v2\/posts\/535139\/revisions"}],"wp:featuredmedia":[{"embeddable":true,"href":"https:\/\/www.europesays.com\/fr\/wp-json\/wp\/v2\/media\/535140"}],"wp:attachment":[{"href":"https:\/\/www.europesays.com\/fr\/wp-json\/wp\/v2\/media?parent=535139"}],"wp:term":[{"taxonomy":"category","embeddable":true,"href":"https:\/\/www.europesays.com\/fr\/wp-json\/wp\/v2\/categories?post=535139"},{"taxonomy":"post_tag","embeddable":true,"href":"https:\/\/www.europesays.com\/fr\/wp-json\/wp\/v2\/tags?post=535139"}],"curies":[{"name":"wp","href":"https:\/\/api.w.org\/{rel}","templated":true}]}}