{"id":535156,"date":"2025-11-15T04:01:17","date_gmt":"2025-11-15T04:01:17","guid":{"rendered":"https:\/\/www.europesays.com\/fr\/535156\/"},"modified":"2025-11-15T04:01:17","modified_gmt":"2025-11-15T04:01:17","slug":"la-justice-autorise-finalement-la-ceremonie-religieuse-en-hommage-au-marechal-petain-samedi","status":"publish","type":"post","link":"https:\/\/www.europesays.com\/fr\/535156\/","title":{"rendered":"La justice autorise finalement la c\u00e9r\u00e9monie religieuse \u00ab\u00a0en hommage au mar\u00e9chal P\u00e9tain\u00a0\u00bb samedi"},"content":{"rendered":"<p>La bataille judiciaire autour de la messe pr\u00e9vue en hommage au mar\u00e9chal Philippe P\u00e9tain \u00e0 <a href=\"https:\/\/www.20minutes.fr\/dossier\/verdun\" target=\"_blank\" class=\"c-link c-link--is-underlined\" rel=\"noopener\">Verdun<\/a> a connu un tournant d\u00e9cisif ce vendredi. Le tribunal administratif de <a href=\"https:\/\/www.20minutes.fr\/dossier\/nancy\" target=\"_blank\" class=\"c-link c-link--is-underlined\" rel=\"noopener\">Nancy<\/a> a lev\u00e9 l\u2019interdiction impos\u00e9e par la mairie, estimant que l\u2019\u00e9v\u00e9nement ne pr\u00e9sentait pas de risque \u00e9tabli pour l\u2019ordre public.<\/p>\n<p>Saisi en urgence par l\u2019Association pour d\u00e9fendre la m\u00e9moire du mar\u00e9chal P\u00e9tain, le juge des r\u00e9f\u00e9r\u00e9s a jug\u00e9 que la c\u00e9r\u00e9monie, programm\u00e9e samedi \u00e0 l\u2019\u00e9glise Saint-Jean-Baptiste, \u00ab\u00a0n\u2019\u00e9tait pas, en elle-m\u00eame, de nature \u00e0 susciter des troubles \u00e0 l\u2019ordre public\u00a0\u00bb. Le tribunal a pr\u00e9cis\u00e9 que les protestations apparues apr\u00e8s l\u2019<a href=\"https:\/\/www.20minutes.fr\/societe\/4185015-20251111-verdun-maire-interdit-messe-hommage-marechal-petain\" target=\"_blank\" class=\"c-link c-link--is-underlined\" rel=\"noopener\">arr\u00eat\u00e9 municipal<\/a> ne suffisaient pas \u00e0 d\u00e9montrer qu\u2019un danger existait au moment de la d\u00e9cision d\u2019interdiction.<\/p>\n<\/p>\n<p>Refus cat\u00e9gorique du maire de Verdun<\/p>\n<p>Cette association, autoris\u00e9e par l\u2019archev\u00eaque-\u00e9v\u00eaque de <a href=\"https:\/\/www.20minutes.fr\/dossier\/metz\" target=\"_blank\" class=\"c-link c-link--is-underlined\" rel=\"noopener\">Metz<\/a> \u00e0 organiser une messe en m\u00e9moire de P\u00e9tain et \u00ab\u00a0des victimes de toutes les guerres\u00a0\u00bb, entend maintenir son initiative \u00e0 Verdun, lieu symbolique des combats de la <a href=\"https:\/\/www.20minutes.fr\/dossier\/premiere-guerre-mondiale\" target=\"_blank\" class=\"c-link c-link--is-underlined\" rel=\"noopener\">Premi\u00e8re Guerre mondiale<\/a>. Le maire de la ville, Samuel Hazard, avait annonc\u00e9 mardi son refus de laisser se tenir un hommage religieux \u00e0 celui qui fut chef du r\u00e9gime de Vichy. \u00ab\u00a0Je n\u2019accepterai jamais qu\u2019une messe soit c\u00e9l\u00e9br\u00e9e \u00e0 Verdun en hommage \u00e0 P\u00e9tain, frapp\u00e9 d\u2019indignit\u00e9 nationale en\u00a01945\u00a0\u00bb, avait-il d\u00e9clar\u00e9.<\/p>\n<p><a href=\"https:\/\/www.20minutes.fr\/societe\/11novembre\/\" target=\"_blank\" class=\"c-link c-btn c-btn--primary\" rel=\"noopener\">Notre dossier sur les comm\u00e9morations du 11-Novembre<\/a><\/p>\n<p>Cette d\u00e9cision de justice vient raviver un d\u00e9bat r\u00e9current autour de Philippe P\u00e9tain, \u00e0 la fois h\u00e9ros de Verdun en\u00a01916 et dirigeant du r\u00e9gime collaborationniste de Vichy. Condamn\u00e9 en\u00a01945 et d\u00e9chu de ses grades, il demeure une figure de division en France, et dont chaque tentative de comm\u00e9moration suscite tensions et controverses.<\/p>\n","protected":false},"excerpt":{"rendered":"La bataille judiciaire autour de la messe pr\u00e9vue en hommage au mar\u00e9chal Philippe P\u00e9tain \u00e0 Verdun a connu&hellip;\n","protected":false},"author":2,"featured_media":535157,"comment_status":"","ping_status":"","sticky":false,"template":"","format":"standard","meta":{"footnotes":""},"categories":[4],"tags":[47,11,4077,39118,1011,27,775,776,13600,3457,11209,1702,12,2384,25,104,3693,10172],"class_list":{"0":"post-535156","1":"post","2":"type-post","3":"status-publish","4":"format-standard","5":"has-post-thumbnail","7":"category-france","8":"tag-actualite","9":"tag-actualites","10":"tag-association","11":"tag-commemoration-du-11-novembre","12":"tag-fr","13":"tag-france","14":"tag-grand-est","15":"tag-lorraine","16":"tag-messe","17":"tag-meurthe-et-moselle","18":"tag-meuse","19":"tag-nancy","20":"tag-news","21":"tag-premiere-guerre-mondiale","22":"tag-republique-francaise","23":"tag-societe","24":"tag-tribunal","25":"tag-verdun"},"share_on_mastodon":{"url":"https:\/\/pubeurope.com\/@fr\/115551724174676495","error":""},"_links":{"self":[{"href":"https:\/\/www.europesays.com\/fr\/wp-json\/wp\/v2\/posts\/535156","targetHints":{"allow":["GET"]}}],"collection":[{"href":"https:\/\/www.europesays.com\/fr\/wp-json\/wp\/v2\/posts"}],"about":[{"href":"https:\/\/www.europesays.com\/fr\/wp-json\/wp\/v2\/types\/post"}],"author":[{"embeddable":true,"href":"https:\/\/www.europesays.com\/fr\/wp-json\/wp\/v2\/users\/2"}],"replies":[{"embeddable":true,"href":"https:\/\/www.europesays.com\/fr\/wp-json\/wp\/v2\/comments?post=535156"}],"version-history":[{"count":0,"href":"https:\/\/www.europesays.com\/fr\/wp-json\/wp\/v2\/posts\/535156\/revisions"}],"wp:featuredmedia":[{"embeddable":true,"href":"https:\/\/www.europesays.com\/fr\/wp-json\/wp\/v2\/media\/535157"}],"wp:attachment":[{"href":"https:\/\/www.europesays.com\/fr\/wp-json\/wp\/v2\/media?parent=535156"}],"wp:term":[{"taxonomy":"category","embeddable":true,"href":"https:\/\/www.europesays.com\/fr\/wp-json\/wp\/v2\/categories?post=535156"},{"taxonomy":"post_tag","embeddable":true,"href":"https:\/\/www.europesays.com\/fr\/wp-json\/wp\/v2\/tags?post=535156"}],"curies":[{"name":"wp","href":"https:\/\/api.w.org\/{rel}","templated":true}]}}