{"id":535164,"date":"2025-11-15T04:06:25","date_gmt":"2025-11-15T04:06:25","guid":{"rendered":"https:\/\/www.europesays.com\/fr\/535164\/"},"modified":"2025-11-15T04:06:25","modified_gmt":"2025-11-15T04:06:25","slug":"match-de-bas-de-tableau-pour-les-espoirs","status":"publish","type":"post","link":"https:\/\/www.europesays.com\/fr\/535164\/","title":{"rendered":"match de bas de tableau pour les espoirs"},"content":{"rendered":"<p>Emp\u00eatr\u00e9 dans ses difficult\u00e9s offensives (16e attaque\u00a0; 67,3 points de moyenne) et ses probl\u00e8mes de gestion de la balle (22 balles perdues par match\u00a0; 15e), l\u2019\u00e9quipe espoirs du SLUC Nancy esp\u00e8re profiter du d\u00e9placement \u00e0 Saint-Quentin (ce samedi, 14h30) pour mettre en banque sa deuxi\u00e8me victoire de la saison. La belle r\u00e9action des jeunes Nanc\u00e9iens face au leader choletais, le week-end dernier \u00e0 Gentilly (d\u00e9faite 76 \u00e0 84), peut inviter \u00e0 l\u2019optimisme avant cette opposition de bas de tableau, face \u00e0 une formation picarde qui ne compte qu\u2019une victoire de plus que le SLUC (2v &#8211; 5d).<\/p>\n","protected":false},"excerpt":{"rendered":"Emp\u00eatr\u00e9 dans ses difficult\u00e9s offensives (16e attaque\u00a0; 67,3 points de moyenne) et ses probl\u00e8mes de gestion de la&hellip;\n","protected":false},"author":2,"featured_media":535165,"comment_status":"","ping_status":"","sticky":false,"template":"","format":"standard","meta":{"footnotes":""},"categories":[9635],"tags":[1111,11,1791,1704,1777,674,1011,27,775,1702,1703,12,25,11567,517,1700],"class_list":{"0":"post-535164","1":"post","2":"type-post","3":"status-publish","4":"format-standard","5":"has-post-thumbnail","7":"category-nancy","8":"tag-actu","9":"tag-actualites","10":"tag-basket-ball","11":"tag-edition-nancy-et-agglomeration","12":"tag-eu","13":"tag-europe","14":"tag-fr","15":"tag-france","16":"tag-grand-est","17":"tag-nancy","18":"tag-nancy-ville-54b","19":"tag-news","20":"tag-republique-francaise","21":"tag-sluc","22":"tag-sport","23":"tag-sport-lorrain"},"share_on_mastodon":{"url":"https:\/\/pubeurope.com\/@fr\/115551743718137273","error":""},"_links":{"self":[{"href":"https:\/\/www.europesays.com\/fr\/wp-json\/wp\/v2\/posts\/535164","targetHints":{"allow":["GET"]}}],"collection":[{"href":"https:\/\/www.europesays.com\/fr\/wp-json\/wp\/v2\/posts"}],"about":[{"href":"https:\/\/www.europesays.com\/fr\/wp-json\/wp\/v2\/types\/post"}],"author":[{"embeddable":true,"href":"https:\/\/www.europesays.com\/fr\/wp-json\/wp\/v2\/users\/2"}],"replies":[{"embeddable":true,"href":"https:\/\/www.europesays.com\/fr\/wp-json\/wp\/v2\/comments?post=535164"}],"version-history":[{"count":0,"href":"https:\/\/www.europesays.com\/fr\/wp-json\/wp\/v2\/posts\/535164\/revisions"}],"wp:featuredmedia":[{"embeddable":true,"href":"https:\/\/www.europesays.com\/fr\/wp-json\/wp\/v2\/media\/535165"}],"wp:attachment":[{"href":"https:\/\/www.europesays.com\/fr\/wp-json\/wp\/v2\/media?parent=535164"}],"wp:term":[{"taxonomy":"category","embeddable":true,"href":"https:\/\/www.europesays.com\/fr\/wp-json\/wp\/v2\/categories?post=535164"},{"taxonomy":"post_tag","embeddable":true,"href":"https:\/\/www.europesays.com\/fr\/wp-json\/wp\/v2\/tags?post=535164"}],"curies":[{"name":"wp","href":"https:\/\/api.w.org\/{rel}","templated":true}]}}